{"id":1367,"date":"2010-12-04T22:11:37","date_gmt":"2010-12-04T21:11:37","guid":{"rendered":"http:\/\/bassdu.mine.nu\/?p=1367"},"modified":"2010-12-04T22:11:37","modified_gmt":"2010-12-04T21:11:37","slug":"partidul-poporului","status":"publish","type":"post","link":"https:\/\/bassdu.mine.bz\/?p=1367","title":{"rendered":"Partidul &#8230; Poporului !?!?"},"content":{"rendered":"<p><!-- p { margin-bottom: 0.21cm; } --><strong>Varianta Cojocaru<\/strong><\/p>\n<p>Sunt asaltat de promov\u0103ri ale<a href=\"http:\/\/www.facebook.com\/group.php?gid=141387601036#!\/photo.php?fbid=118823691513168&amp;set=a.118823688179835.17737.100001566133462\"> <strong>Legii Cojocaru<\/strong><\/a> \u015fi am s\u0103 explic de ce &#8230; <strong>nu-mi place :<\/strong><\/p>\n<p>\u00cen primul r\u00e2nd, se vrea un <strong>alt partid<\/strong>, <strong>\u201eal rom\u00e2nilor harnici \u015fi cinsti\u0163i\u201d<\/strong>, a c\u0103rui promovare a \u00eenceput pe <strong>OTV<\/strong> (<em>deja mi se ridic\u0103 tensiunea <\/em>!), al c\u0103rui patron <strong>Diaconescu<\/strong>, se pare c\u0103 a &#8230; deturnat ideile d-lui <strong>Cojocaru<\/strong>, pun\u00e2ndu-se el la <em>\u201ec\u00e2rm\u0103\u201d<\/em> ! Acest post de televiziune cu acest patron, este <strong>\u201eultimul loc din lume\u201d, pentru a ini\u0163ia ceva serios !<\/strong> &#8230; mai ales c\u00e2nd se vorbe\u015fte de <strong>h\u0103rnicie \u015fi &#8230; cinste !<\/strong> Pentru mine (\u015fi nu numai !), sunt numai ni\u015fte demni reprezentan\u0163i ai &#8230;<strong> \u201emanelismului\u201d !<\/strong><\/p>\n<p>\u00cen acest moment suntem \u00een plin\u0103 \u201edisput\u0103 de paternitate\u201d \u015fi chestia&#8230; m\u0103 distreaz\u0103 !<\/p>\n<p>\u00cen al doilea r\u00e2nd se merge pe ideea unui <strong>partid al&#8230; poporului<\/strong> ! <em>Parc\u0103 am mai auzit eu chestia asta !?!? <\/em>Vehicularea acestui \u201ebrand\u201d, nu-mi place, mai ales c\u0103 pe nic\u0103ieri \u00een Lege, nu se pomene\u015fte &#8230; <strong>COMPETEN\u0162A<\/strong>.Din nefericire, sunt mul\u0163i cet\u0103\u0163eni care <strong>\u201emu\u015fc\u0103 din momeala populismului\u201d<\/strong>, f\u0103r\u0103 a avea minime idei despre<strong> ECONOMIE, POLITIC\u0102 \u015fi &#8230; MATEMATIC\u0102 !<\/strong><\/p>\n<p><em>Este de mirare cum un economist, poate face at\u00e2tea gre\u015feli de&#8230; matematic\u0103 !?<\/em><\/p>\n<p>Din analiza  dumnealui reiese c\u0103 <strong>80<\/strong> miliarde sunt &#8230; <strong>PROFITURI<\/strong>, sc\u0103z\u00e2nd din <strong>PIB<\/strong>-ul de <strong>120 <\/strong>md. numai <strong>40<\/strong> md. reprezent\u00e2nd <strong>salarii \u015fi pensii. <\/strong><\/p>\n<p><strong>Unde au disp\u0103rut, materiile prime, energia, educa\u0163ia, s\u0103n\u0103tatea, etc. ???<\/strong><\/p>\n<p>\u015ei chiar dac\u0103 acestea nu ar exista, cum o s\u0103 se recupereze <strong>24 md.<\/strong> pe an din majorarea impozit\u0103rii a <strong>10%<\/strong> din contribuabili ? Un calcul simplu, arat\u0103 c\u0103 ace\u015ftia ar trebui s\u0103 fie impozita\u0163i \u00een plus, cu o medie de <strong>24.000 Euro pe an<\/strong>. Unde se vor g\u0103si circa 1.000.000 de contribubuabili, capabili de un asemenea &#8230; \u201eefort\u201d ???  A vorbi despre<strong> 600.000.000.000<\/strong> Euro de investi\u0163ii, ca despre &#8230; <strong>alune<\/strong>, este surprinz\u0103tor pentru un &#8230; economist !<strong> Noi suntem \u00een incapacitate de a returna o datorie de circa 100 md. Euro \u015fi ne g\u00e2ndim la una de &#8230; 600 !?!?<\/strong><\/p>\n<p><strong>Dar s\u0103 presupunem c\u0103 vor fi tip\u0103ri\u0163i ace\u015fti bani special pentru Rom\u00e2nia !!! (hahaha)<\/strong><\/p>\n<p>V\u0103 pute\u0163i imagina milioane de rom\u00e2ni, care s\u0103 &#8230; investeasc\u0103 \u00een &#8230; afaceri ? Se vor repezi to\u0163i s\u0103 cheltuie pe BMW- uri \u015fi alte <strong>\u201ecagate\u201d<\/strong>, pentru c\u0103 s-a mai v\u0103zut ceva asem\u0103n\u0103tor \u00een trecutul nu prea \u00eendep\u0103rtat. Nu domnule Cojocaru, nu to\u0163i au <strong>COMPETEN\u0162A<\/strong> de a face afaceri !!!<strong> Fiecare trebuie s\u0103 fac\u0103 &#8230; CE \u015eTIE !!!<\/strong><\/p>\n<p>Noi, ca<strong> for\u0163\u0103 politic\u0103<\/strong>, propunem chestii <strong>\u201ede bun sim\u0163\u201d<\/strong> cum ar fi :<em> munc\u0103 mai pu\u0163in\u0103 \u015fi pentru to\u0163i, na\u0163ionalizarea b\u0103ncilor coroborat\u0103 cu reforma inerent\u0103 a Sistemului Financiar, un alt concept de proprietate privat\u0103 care s\u0103 \u0163in\u0103 cont de Interesul Na\u0163ional, circula\u0163ia banilor exclusiv \u201eelectronic\u201d, Dezvoltare Sustenabil\u0103, etc. , \u00eentr-un cuv\u00e2nt, &#8230; <\/em><em><strong>SCHIMBAREA MODULUI DE VIA\u0162\u0102 !!!<\/strong><\/em><\/p>\n<p>Bine\u00een\u0163eles c\u0103 ceea ce dorim noi, nu se poate realiza <strong>\u201eb\u0103t\u00e2nd din palme\u201d<\/strong>, iar pentru a ajunge la <strong>\u201eSOSIRE\u201d<\/strong> este nevoie de<strong> timp<\/strong> \u015fi <strong>OAMENI COMPETEN\u0162I<\/strong>, care nu se reg\u0103sesc printre spectatorii OTV-ului !!!<\/p>\n<p>Noi nu vrem s\u0103 descuraj\u0103m pe nimeni, ci vrem s\u0103 <strong>CONVINGEM<\/strong> lumea c\u0103 ac\u0163ion\u00e2nd \u00een schemele actualului<strong> Sistem<\/strong>, nu vom ajunge nic\u0103ieri. <strong>Fiecare trebuie s\u0103 fac\u0103 CE \u015eTIE, pentru c\u0103 o oaste nu are nevoie numai de generali, ci \u015fi de &#8230; osta\u015fi !<\/strong><\/p>\n<p>Cineva poate s\u0103 spun\u0103 : <strong>\u201e Oooo, da \u0163ie nu-\u0163i place nimic din panorama politic\u0103 actual\u0103 ???\u201d<\/strong><\/p>\n<p>Eu o s\u0103 r\u0103spund :<strong> \u201eNU !\u201d<\/strong><\/p>\n<p><strong>Altfel de ce a\u015f propune ceva \u201eie\u015fit din tipare\u201d, cum este \u201eMI\u015eCAREA DACIA\u201d ?<\/strong><\/p>\n","protected":false},"excerpt":{"rendered":"<p>Varianta Cojocaru Sunt asaltat de promov\u0103ri ale Legii Cojocaru \u015fi am s\u0103 explic de ce &#8230; nu-mi place : \u00cen primul r\u00e2nd, se vrea un alt partid, \u201eal rom\u00e2nilor harnici \u015fi cinsti\u0163i\u201d, a c\u0103rui promovare a \u00eenceput pe OTV (deja mi se ridic\u0103 tensiunea !), al c\u0103rui patron Diaconescu, se pare c\u0103 a &#8230; deturnat [&hellip;]<\/p>\n","protected":false},"author":2,"featured_media":0,"comment_status":"open","ping_status":"open","sticky":false,"template":"","format":"standard","meta":{"footnotes":""},"categories":[73],"tags":[481,478,479,210,477,70,480],"jetpack_featured_media_url":"","_links":{"self":[{"href":"https:\/\/bassdu.mine.bz\/index.php?rest_route=\/wp\/v2\/posts\/1367"}],"collection":[{"href":"https:\/\/bassdu.mine.bz\/index.php?rest_route=\/wp\/v2\/posts"}],"about":[{"href":"https:\/\/bassdu.mine.bz\/index.php?rest_route=\/wp\/v2\/types\/post"}],"author":[{"embeddable":true,"href":"https:\/\/bassdu.mine.bz\/index.php?rest_route=\/wp\/v2\/users\/2"}],"replies":[{"embeddable":true,"href":"https:\/\/bassdu.mine.bz\/index.php?rest_route=%2Fwp%2Fv2%2Fcomments&post=1367"}],"version-history":[{"count":2,"href":"https:\/\/bassdu.mine.bz\/index.php?rest_route=\/wp\/v2\/posts\/1367\/revisions"}],"predecessor-version":[{"id":1369,"href":"https:\/\/bassdu.mine.bz\/index.php?rest_route=\/wp\/v2\/posts\/1367\/revisions\/1369"}],"wp:attachment":[{"href":"https:\/\/bassdu.mine.bz\/index.php?rest_route=%2Fwp%2Fv2%2Fmedia&parent=1367"}],"wp:term":[{"taxonomy":"category","embeddable":true,"href":"https:\/\/bassdu.mine.bz\/index.php?rest_route=%2Fwp%2Fv2%2Fcategories&post=1367"},{"taxonomy":"post_tag","embeddable":true,"href":"https:\/\/bassdu.mine.bz\/index.php?rest_route=%2Fwp%2Fv2%2Ftags&post=1367"}],"curies":[{"name":"wp","href":"https:\/\/api.w.org\/{rel}","templated":true}]}}