{"id":1384,"date":"2010-12-15T19:05:41","date_gmt":"2010-12-15T18:05:41","guid":{"rendered":"http:\/\/bassdu.mine.nu\/?p=1384"},"modified":"2010-12-15T19:05:41","modified_gmt":"2010-12-15T18:05:41","slug":"suntem-urmasii-unor-amarati-de-ciobani","status":"publish","type":"post","link":"https:\/\/bassdu.mine.bz\/?p=1384","title":{"rendered":"Suntem urma\u015fii unor am\u0103r\u00e2\u0163i de&#8230; ciobani !"},"content":{"rendered":"<p><!-- p { margin-bottom: 0.21cm; } --><span style=\"font-size: medium;\"><strong>Hai s\u0103 desfiin\u0163\u0103m mitul Protocronismului \u015fi Dacismului<\/strong><\/span><\/p>\n<p><span style=\"font-size: medium;\"><strong>-prima parte-<\/strong><\/span><\/p>\n<p>\u00cen ac\u0163iunea donchi\u015foteasc\u0103 pe care o \u00eentreprind pe Facebook, am fost acuzat de mai mul\u0163i telectuali, c\u0103 dau ap\u0103 la moar\u0103 <strong>Protocronismului<\/strong> \u015fi <strong>Dacismului<\/strong>, opere ale unor descreiera\u0163i, care au \u00eendr\u0103znit s\u0103 considere <strong>Spa\u0163iul Carpato-Dun\u0103reano-Pontic&#8230; Buricul P\u0103m\u00e2ntului<\/strong>.<\/p>\n<p><em>Precizez c\u0103 nu este nici pe departe inten\u0163ia mea !!!<\/em><\/p>\n<p>Eu consider c\u0103 nu suntem altceva, dec\u00e2t <strong>urma\u015fii unor ciobani<\/strong> (<em>\u015ftim cu to\u0163ii c\u00e2t de ofensiv este acest apelativ !<\/em>), at\u00eet de pro\u015fti c\u0103 au <strong>r\u0103mas pe loc<\/strong> de-a lungul Istoriei, \u00een loc s\u0103 migreze c\u0103tre alte locuri mai <strong>civilizate<\/strong>. Ba suntem chiar descenden\u0163i ai celor ce tr\u0103iau \u00een <strong>societatea matriarhal\u0103<\/strong>, deci pu\u0163in&#8230; b\u0103rb\u0103teasc\u0103 a <strong>pelasgilor<\/strong>, care tr\u0103iau monoton, f\u0103r\u0103 a abuza de adrenalina ce se scurge \u00een vinele altora. A\u015fa se face c\u0103 mormintele descoperite nu con\u0163in arme, ci numai obiecte de lut (vezi <strong>Hamangia, Cucuteni, etc.<\/strong>) \u015fi podoabe femeie\u015fti.<\/p>\n<p>Suntem a\u015fa de mol\u00e2i, c\u0103 am tot fugit din calea <strong>civilizatorilor,<\/strong> care neg\u0103sindu-ne, nu au \u00eenv\u0103\u0163at limba noastr\u0103 \u015fi ca urmare se mul\u0163umeau s\u0103 fure ce se putea fura, dup\u0103 care se duceau pe &#8230; alte meleaguri ( \u00eemi venea s\u0103 scriu : PUSTII). Este posibil\u0103 \u015fi varianta c\u0103 unii ne-au eliminat pe to\u0163i \u015fi c\u0103 aici au venit EI. Demn  de re\u0163inut, este c\u0103 \u0103\u015ftia erau suficient de puternici, c\u0103 ne-ar fi eliminat \u015fi de acolo unde nu au pus piciorul !? Au dovezi importante (h\u0103r\u0163i) unde este scris Imperiul Cuman, Vizigot, Peceneg, Roman, Otoman, Maghiar, Austriac, etc., &#8230; nepricep\u00e2nd eu (deh, ignoran\u0163a !), <strong>cum de s-au lep\u0103dat de limba \u015fi obiceiurile lor, pentru a \u00eenv\u0103\u0163a unele barbare !?<\/strong> &#8230; o fi c\u0103 au \u00eenv\u0103\u0163at de la <strong>\u201er\u00e2ul, ramul, <\/strong>etc.\u201d ??? Apoi au venit al\u0163ii, de origine <strong>slav\u0103<\/strong>, care erau mult mai <strong>civiliza\u0163i<\/strong>, \u00een a\u015fa fel c\u0103 &#8230; <strong>ne-au cre\u015ftinat<\/strong> (hihihi) \u015fi se str\u0103duiesc \u015fi \u00een ziua de azi s\u0103 ne \u00eenve\u0163e limba lor, interzic\u00e2ndu-ne p\u00e2n\u0103 \u015fi folosirea numelor de Ion, Gheorghe, Vasile, <strong>Andrei<\/strong>, etc.( <em>apropo de acesta din urm\u0103, cred c\u0103 \u00eenc\u0103 se \u00eenv\u00e2rte \u00een morm\u00e2nt !<\/em>). A\u015ftept\u0103m cu ner\u0103bdare s\u0103 se fac\u0103 o analiz\u0103 a ADN-ului anumitor slavi, pentru c\u0103 sigur o s\u0103 descoperim c\u0103 sunt&#8230; TRACI, pentru c\u0103 prea se str\u0103duiesc <strong>s\u0103 fac\u0103 din arm\u0103sar, \u0163\u00e2n\u0163ar <\/strong><strong>!<\/strong> &#8230; valabil \u015fi pentru al\u0163ii care se cred veni\u0163i din alte &#8230; stepe ! Chiar am citit ceva scris de un iredentist, care sus\u0163inea c\u0103 secuii ar fi traci de la Balaton, trimi\u015fi aici s\u0103 ne &#8230; catolicizeze. Dac\u0103 nu, s-ar putea s\u0103 fie chiar cumani, pecenegi, cel\u0163i, si &#8230;<em> \u201ede alte na\u0163ionalit\u0103\u0163i\u201d<\/em>. Cert este c\u0103 noi cei <strong>d&#8217;aci<\/strong>, am venit din alte p\u0103r\u0163i, av\u00e2nd singurul merit c\u0103 ne-ar place <strong>procesul procreeativ<\/strong> a\u015fa de mult, c\u0103 <em>i-am \u00eenlocuit<\/em> pe &#8230; autohtoni !!!<\/p>\n<p>va continua&#8230;<\/p>\n","protected":false},"excerpt":{"rendered":"<p>Hai s\u0103 desfiin\u0163\u0103m mitul Protocronismului \u015fi Dacismului -prima parte- \u00cen ac\u0163iunea donchi\u015foteasc\u0103 pe care o \u00eentreprind pe Facebook, am fost acuzat de mai mul\u0163i telectuali, c\u0103 dau ap\u0103 la moar\u0103 Protocronismului \u015fi Dacismului, opere ale unor descreiera\u0163i, care au \u00eendr\u0103znit s\u0103 considere Spa\u0163iul Carpato-Dun\u0103reano-Pontic&#8230; Buricul P\u0103m\u00e2ntului. Precizez c\u0103 nu este nici pe departe inten\u0163ia mea [&hellip;]<\/p>\n","protected":false},"author":2,"featured_media":0,"comment_status":"open","ping_status":"open","sticky":false,"template":"","format":"standard","meta":{"footnotes":""},"categories":[73],"tags":[495,496,494,488,128,487,493,489,486,492,491,490],"jetpack_featured_media_url":"","_links":{"self":[{"href":"https:\/\/bassdu.mine.bz\/index.php?rest_route=\/wp\/v2\/posts\/1384"}],"collection":[{"href":"https:\/\/bassdu.mine.bz\/index.php?rest_route=\/wp\/v2\/posts"}],"about":[{"href":"https:\/\/bassdu.mine.bz\/index.php?rest_route=\/wp\/v2\/types\/post"}],"author":[{"embeddable":true,"href":"https:\/\/bassdu.mine.bz\/index.php?rest_route=\/wp\/v2\/users\/2"}],"replies":[{"embeddable":true,"href":"https:\/\/bassdu.mine.bz\/index.php?rest_route=%2Fwp%2Fv2%2Fcomments&post=1384"}],"version-history":[{"count":1,"href":"https:\/\/bassdu.mine.bz\/index.php?rest_route=\/wp\/v2\/posts\/1384\/revisions"}],"predecessor-version":[{"id":1385,"href":"https:\/\/bassdu.mine.bz\/index.php?rest_route=\/wp\/v2\/posts\/1384\/revisions\/1385"}],"wp:attachment":[{"href":"https:\/\/bassdu.mine.bz\/index.php?rest_route=%2Fwp%2Fv2%2Fmedia&parent=1384"}],"wp:term":[{"taxonomy":"category","embeddable":true,"href":"https:\/\/bassdu.mine.bz\/index.php?rest_route=%2Fwp%2Fv2%2Fcategories&post=1384"},{"taxonomy":"post_tag","embeddable":true,"href":"https:\/\/bassdu.mine.bz\/index.php?rest_route=%2Fwp%2Fv2%2Ftags&post=1384"}],"curies":[{"name":"wp","href":"https:\/\/api.w.org\/{rel}","templated":true}]}}