{"id":1387,"date":"2010-12-16T09:24:02","date_gmt":"2010-12-16T08:24:02","guid":{"rendered":"http:\/\/bassdu.mine.nu\/?p=1387"},"modified":"2013-03-01T23:49:24","modified_gmt":"2013-03-01T22:49:24","slug":"hai-sa-desfiintam-mitul-protocronismului-si-dacismului-partea-a-doua","status":"publish","type":"post","link":"https:\/\/bassdu.mine.bz\/?p=1387","title":{"rendered":"Nu to\u0163i sunt&#8230; d&#8217;aci !"},"content":{"rendered":"<p><!-- p { margin-bottom: 0.21cm; } --><\/p>\n<p style=\"text-align: center;\"><strong>Hai s\u0103 desfiin\u0163\u0103m mitul Protocronismului \u015fi Dacismului <\/strong><\/p>\n<p style=\"text-align: center;\"><strong> -partea a doua-<\/strong><\/p>\n<p>Cu ceva timp \u00een urm\u0103, un telectual m\u0103 certa c\u0103 vorbesc de <strong>aurul dacilor<\/strong>, sus\u0163in\u00e2nd de la \u00een\u0103l\u0163imea lecturilor sale, c\u0103 dacii nu cuno\u015fteau prelucrarea aurului. Tot el m-a luminat \u00een privin\u0163a pl\u0103cu\u0163elor de la<strong> T\u0103rt\u0103ria<\/strong>, cum c\u0103 ar fi fost aduse din&#8230; <strong>Sumer,<\/strong> c\u0103 doar ei scriau pe atunci !<\/p>\n<p>Este adev\u0103rat c\u0103 multe<strong> tezaure<\/strong> sunt g\u0103site \u00een sudul Dun\u0103rii (<em>vezi cele din<\/em><strong> Bulgaria<\/strong><em>, care este foarte&#8230; m\u00e2ndr\u0103 !<\/em>). Acela\u015fi telectual repro\u015fa dacilor <strong>incursiunile de jaf peste Dun\u0103rea \u00eenghe\u0163at\u0103<\/strong>, \u00een dauna dr\u0103gu\u0163ilor de romani. Ignorantul de mine, credea c\u0103 acolo era tot&#8230; <strong>DACIA<\/strong>, dar nu mai era, pentru c\u0103 fusese cucerit\u0103 ! Trebuie s\u0103 \u00een\u0163elegem c\u0103 <strong>\u201ecei mai viteji \u015fi cinsti\u0163i dintre traci\u201d<\/strong>, erau \u015fi cei mai &#8230; <em>nepricepu\u0163i \u00een meserii<\/em>. \u00cenclin s\u0103-i dau dreptate, deoarece nici <strong>fierul<\/strong> nu \u015ftiau s\u0103-l prelucreze ca lumea, \u0163in\u00e2nd cont c\u0103 se ap\u0103rau cu &#8230; <em>coase<\/em>, pe care le numeau&#8230;<strong> FALX<\/strong>. Este drept c\u0103 erau <em>dure<\/em>, pentru c\u0103 trebuia \u0163inut cont de <em>t\u0103ria pietrei<\/em>, dar erau&#8230; <strong>curbe<\/strong>, ci nu drepte ca cele ale &#8230; <strong>civilizatorilor<\/strong> \u015fi erau utilizate cu dou\u0103 m\u00e2ini, &#8230; <strong>ca la secerat<\/strong> (&#8230; g<em>hiolbani !<\/em>).<\/p>\n<p>Ceea ce nu \u00een\u0163eleg eu, este c\u0103, dac\u0103<strong> Dacia<\/strong> a fost &#8230; depopulat\u0103, de ce cancelariile europene scriau <strong>DACUS MALUS,<\/strong> c\u00e2nd pomeneau de <strong>Mihai Viteazul<\/strong> !?<\/p>\n<p>Nici \u00een construc\u0163ia drumurilor nu erau a\u015fa de avansa\u0163i <strong>dacii<\/strong> !<\/p>\n<p>De exemplu, romanii se preocupau de atunci de&#8230;<strong> fitness<\/strong>, f\u0103c\u00e2nd <strong>drumurile<\/strong> cu pietre de r\u00e2u (vezi Forul Imperial), pe c\u00e2nd dacii le f\u0103ceau \u015flefuite <strong>\u201eca \u00een palm\u0103\u201d<\/strong>, cum se poate vedea \u015fi azi la <strong>Sarmizegetusa.<\/strong><\/p>\n<p><em>De b\u0103rb\u0103\u0163ie, ce s\u0103 mai vorbim !?<\/em><\/p>\n<p>Nu au fost \u00een stare ei <em>traco-daco-ge\u0163ii<\/em>, <strong>s\u0103 se uneasc\u0103<\/strong> (<em>erau doar cel mai numeros popor european !?<\/em>) \u015fi <strong>s\u0103 jefuiasc\u0103<\/strong> a\u015fa cum au f\u0103cut &#8230; al\u0163ii !? Ba au \u015fi umplut <strong>visteriile \u015fi muzeele lumii civilizate<\/strong> cu propriile <strong>tezaure<\/strong>, c\u0103 unii turi\u015fti de-ai no\u015ftri r\u0103m\u00e2n azi <strong>cu gura c\u0103scat\u0103<\/strong> pe<em> autostr\u0103zi \u015fi \u00een muzeele din Occident \u015fi Orient<\/em>, mir\u00e2ndu-se <strong>de ce ei au, iar noi nu !?<\/strong><\/p>\n<p>Se vede c\u0103 cei ce tr\u0103iesc \u00een acest <strong>Spa\u0163iu<\/strong> sunt condamna\u0163i la acest\u0103 soart\u0103. Ei nu sunt \u00een r\u00e2nd cu lumea bun\u0103, care se lupt\u0103 \u00een c\u00e2mp deschis, ordonat, ci prefer\u0103 posade, mla\u015ftini, ba chiar fug din fa\u0163a &#8230; civilizatorilor, arz\u00e2ndu-\u015fi bunurile, recoltele, otr\u0103vind f\u00e2nt\u00e2nile \u015fi tr\u0103ind ca s\u0103lbaticii prin <strong>p\u0103duri,<\/strong> probabil din&#8230; <em>individualism<\/em>. Nu degeaba avem noi proverbul cu &#8230;<strong> capra vecinului<\/strong> !?<\/p>\n<p>Suntem un Neam de incapabili, nefiind noi \u00een stare s\u0103 avem nici m\u0103car un singur nume ca al\u0163ii.<\/p>\n<p>Unii ne chem\u0103m<em> rum\u00e2ni, al\u0163ii vla\u015fi, al\u0163ii moldoveni, al\u0163ii ardeleni, al\u0163ii olteni, al\u0163ii b\u0103n\u0103\u0163eni, al\u0163ii bucovineni, al\u0163ii arom\u00e2ni, al\u0163ii istrorom\u00e2ni, al\u0163ii meglenorom\u00e2ni, etc<\/em>. <strong>Ciudat este c\u0103&#8230; vorbim aceia\u015fi limb\u0103 !<\/strong><\/p>\n<p>Nu am fost \u00een stare s\u0103 avem nici m\u0103car un nume original pentru \u0162ar\u0103,<strong> ROMANIA<\/strong> fiind denumirea veche a Imperiului Roman de R\u0103s\u0103rit !? <em>Ba se mai creeaz\u0103 \u015fi confuzii !?<\/em><\/p>\n<p>Suntem un Neam de nepricepu\u0163i !<\/p>\n<p>Cum de nu am trecut noi to\u0163i la <em>Catolicism,<\/em> intr\u00e2nd \u00een <strong>Istorie<\/strong> ca pecenegii, cumanii, etc.? A \u00eencercat el <strong>\u015etefan Cel Sf\u00e2nt<\/strong> ceva cu <strong>Vaticanul<\/strong>, dar \u0103ia erau ocupa\u0163i numai cu <strong>luatul<\/strong>, nu \u015fi cu &#8230; <strong>datul <\/strong>!<\/p>\n<p>Cum de nu ne-am schimbat noi<strong> Tradi\u0163iile \u015fi Obiceiurile<\/strong> &#8230; p\u0103g\u00e2ne ?<\/p>\n<p>Cum s\u0103 credem noi c\u0103 <strong>alfabetul slavon<\/strong> a fost z\u0103mislit de ni\u015fte urma\u015fi de ciobani pe baza unuia &#8230; <em>mai vechi <\/em>? Cum s\u0103 credem noi c\u0103 <strong>Nicolae Teslea<\/strong> era <strong>arom\u00e2n<\/strong>, c\u00e2nd are muzeu la Belgrad ?<\/p>\n<p>Cum s\u0103 credem noi c\u0103 <strong>Theodoric<\/strong> rafigura \u00een <em>biserica bizantin\u0103 din <\/em><strong>Ravenna<\/strong>, pe cei Trei Magi ca fiind &#8230; <strong>daci<\/strong> ? Numai <em>cu\u015fmele<\/em> erau !<\/p>\n<p>Cum s\u0103 credem noi c\u0103<strong> \u00eemp\u0103ratul Constantin <\/strong>era dac, c\u0103 doar era n\u0103scut \u00een&#8230;<strong> Yugoslavia<\/strong> !<\/p>\n<p>Cum s\u0103 credem noi c\u0103 au mai fost \u015fi<strong> al\u0163i \u00eemp\u0103ra\u0163i daci<\/strong> \u00een Imperiul Roman, c\u00e2nd ace\u015ftia fuseser\u0103 extermina\u0163i p\u00e2n\u0103 la ultimul ?<\/p>\n<p>&#8230;&#8230;&#8230;&#8230;&#8230;&#8230;&#8230;&#8230;&#8230;&#8230;&#8230;&#8230;&#8230;&#8230;&#8230;.<\/p>\n<p>Cum de continu\u0103m s\u0103 mulgem <strong>oile<\/strong> cu &#8230; m\u00e2inile ?<\/p>\n<p>Simplu, pentru c\u0103 suntem urma\u015fi de &#8230; <strong>ciobani<\/strong> !<\/p>\n<p>P\u00e2n\u0103 \u015fi cea mai cunoscut\u0103 Poezie Popular\u0103 se chiam\u0103&#8230; <strong>Miori\u0163a<\/strong> ! Chiar dac\u0103 noi ignoran\u0163ii, nu pricepem mesajul ei scabros, pe care al\u0163i telectuali l-au descifrat, a\u015fa cum au descifrat \u015fi xenofobia <strong>Eminesculu<\/strong><strong>i<\/strong>.<\/p>\n<p>Avem \u00eens\u0103 \u015fi o calitate, de care unii au profitat :<strong> suntem pro\u015fti de buni<\/strong> !<em> \u00cei iert\u0103m pe to\u0163i !<\/em><\/p>\n<p>P\u00e2n\u0103 \u015fi noi, cei de la<strong> \u201eMi\u015fcarea DACIA\u201d<\/strong>, deschidem larg bra\u0163ele tuturor, pentru c\u0103 \u015ftim c\u0103 <strong>BUN\u0102TATEA<\/strong> este o <strong>Ac\u0163iune<\/strong>, ce nu poate avea ca rezultat dec\u00e2t o bun\u0103 &#8230;<strong> Reac\u0163iune !<\/strong><\/p>\n<p>Sper ca acum, cei ce sunt nemul\u0163umi\u0163i de a se fi n\u0103scut <strong>ACI<\/strong>, s\u0103-\u015fi pun\u0103 sufletul \u00een pace !<\/p>\n<p>Este foarte probabil, ca ei s\u0103 nu fie urma\u015fi de&#8230; ciobani ! <strong>Nu to\u0163i sunt &#8230; d&#8217;aci <\/strong>!<\/p>\n","protected":false},"excerpt":{"rendered":"<p>Hai s\u0103 desfiin\u0163\u0103m mitul Protocronismului \u015fi Dacismului -partea a doua- Cu ceva timp \u00een urm\u0103, un telectual m\u0103 certa c\u0103 vorbesc de aurul dacilor, sus\u0163in\u00e2nd de la \u00een\u0103l\u0163imea lecturilor sale, c\u0103 dacii nu cuno\u015fteau prelucrarea aurului. Tot el m-a luminat \u00een privin\u0163a pl\u0103cu\u0163elor de la T\u0103rt\u0103ria, cum c\u0103 ar fi fost aduse din&#8230; Sumer, c\u0103 [&hellip;]<\/p>\n","protected":false},"author":2,"featured_media":0,"comment_status":"open","ping_status":"open","sticky":false,"template":"","format":"standard","meta":{"footnotes":""},"categories":[73],"tags":[128,45,487,347,210,486,41,497],"jetpack_featured_media_url":"","_links":{"self":[{"href":"https:\/\/bassdu.mine.bz\/index.php?rest_route=\/wp\/v2\/posts\/1387"}],"collection":[{"href":"https:\/\/bassdu.mine.bz\/index.php?rest_route=\/wp\/v2\/posts"}],"about":[{"href":"https:\/\/bassdu.mine.bz\/index.php?rest_route=\/wp\/v2\/types\/post"}],"author":[{"embeddable":true,"href":"https:\/\/bassdu.mine.bz\/index.php?rest_route=\/wp\/v2\/users\/2"}],"replies":[{"embeddable":true,"href":"https:\/\/bassdu.mine.bz\/index.php?rest_route=%2Fwp%2Fv2%2Fcomments&post=1387"}],"version-history":[{"count":11,"href":"https:\/\/bassdu.mine.bz\/index.php?rest_route=\/wp\/v2\/posts\/1387\/revisions"}],"predecessor-version":[{"id":2752,"href":"https:\/\/bassdu.mine.bz\/index.php?rest_route=\/wp\/v2\/posts\/1387\/revisions\/2752"}],"wp:attachment":[{"href":"https:\/\/bassdu.mine.bz\/index.php?rest_route=%2Fwp%2Fv2%2Fmedia&parent=1387"}],"wp:term":[{"taxonomy":"category","embeddable":true,"href":"https:\/\/bassdu.mine.bz\/index.php?rest_route=%2Fwp%2Fv2%2Fcategories&post=1387"},{"taxonomy":"post_tag","embeddable":true,"href":"https:\/\/bassdu.mine.bz\/index.php?rest_route=%2Fwp%2Fv2%2Ftags&post=1387"}],"curies":[{"name":"wp","href":"https:\/\/api.w.org\/{rel}","templated":true}]}}