{"id":1398,"date":"2010-12-18T23:13:37","date_gmt":"2010-12-18T22:13:37","guid":{"rendered":"http:\/\/bassdu.mine.nu\/?p=1398"},"modified":"2011-01-06T08:33:02","modified_gmt":"2011-01-06T07:33:02","slug":"ideologii","status":"publish","type":"post","link":"https:\/\/bassdu.mine.bz\/?p=1398","title":{"rendered":"PROIECTUL DACIA"},"content":{"rendered":"<p><!-- p { margin-bottom: 0.21cm; } --><span style=\"font-size: medium;\"><strong><br \/>\n<\/strong><\/span><\/p>\n<p>Invit pe to\u0163i cititorii mei s\u0103 fie cinsti\u0163i cu ei \u00een\u015fi\u015fi \u015fi s\u0103-\u015fi r\u0103spund\u0103 la \u00eentrebarea :<\/p>\n<p><em>\u201e\u015ftiu eu ce \u00eenseamn\u0103 doctrina liberal\u0103, sau social-democrat\u0103, sau &#8230; ?\u201d<\/em><\/p>\n<p>Nu vreau s\u0103 jignesc pe nimeni, dar pu\u0163ini vor putea r\u0103spunde afirmativ !<\/p>\n<p>Acest adev\u0103r ar trebui s\u0103 determine pe mul\u0163i s\u0103 renun\u0163e <em>a se \u00eenh\u0103ma la o c\u0103ru\u0163\u0103<\/em>, care nu se \u015ftie unde duce ! Acesta este principalul argument al<strong> Mi\u015fc\u0103rii DACIA<\/strong>, atunci c\u00e2nd cere <strong>desfiin\u0163area partidelor<\/strong> \u015fi alocarea responsabilit\u0103\u0163ii deciderii <em>soartei Neamului<\/em> unor &#8230; <strong>ADMINISTRATORI COMPETEN\u0162I  \u015eI RESPONSABILI.<\/strong><\/p>\n<p>O alt\u0103 \u00eentrebare ce cap\u0103t\u0103 un r\u0103spuns automat, este : <em>\u201ecrede\u0163i c\u0103 vreuna din VECHILE IDEOLOGII, reprezint\u0103 speran\u0163a pentru Viitorul Na\u0163iei ?\u201d<\/em><\/p>\n<p>Eu cred c\u0103 au avut suficient timp la dispozi\u0163ie s\u0103 o demonstreze \u015fi nu au f\u0103cut-o ! Ba au creeat \u015fi diversivul curentelor, ce nu tratau fondul Crizei, ci erau numai <em>opera\u0163ii estetice<\/em> de salvare a unui <strong>Sistem Diabolic<\/strong>, azi muribund.<\/p>\n<p>Astfel ne trezim \u00eentr-o Lume ce afund\u0103 din ce \u00een ce mai mult \u00een <strong>Imoral \u015fi Ira\u0163ional<\/strong>.<\/p>\n<p>Imoral deoarece <strong>Valorile<\/strong> propagate de Sistem sunt de fapt <strong>Non-Valori.<\/strong><\/p>\n<p>Ira\u0163ional, deoarece Omenirea este purtat\u0103 cu non\u015falan\u0163\u0103 de<strong> Sistem<\/strong> spre <strong>Autodistrugere<\/strong>, prin retezarea leg\u0103turii fundamentale<strong> Om-Natur\u0103<\/strong>. Omul de azi a devenit dependent de tehnologii, de sisteme financiare \u015fi de procese productive, ce nu \u0163in cont de<strong> EPUIZABILITATEA RESURSELOR<\/strong>.<\/p>\n<p>Este de r\u00e2s (<em>dac\u0103 nu de pl\u00e2ns<\/em>) re\u0163eta Sistemului pentru ie\u015firea din <strong>Criz\u0103<\/strong>.<\/p>\n<p>Numai<strong> ignoran\u0163ii,<\/strong> sau <strong>manipulatorii<\/strong> ce urm\u0103resc <em>exterminarea a miliarde de oameni,<\/em> numai cu scopul de a salva<strong> Puterea<\/strong> ce o de\u0163in azi, pot crede c\u0103 solu\u0163ia este cre\u015fterea&#8230;<strong> CONSUMULUI<\/strong>, cu cre\u015fterea simultan\u0103 a <strong>PRODUC\u0162IEI<\/strong> !? Cu ce consecin\u0163e ?<\/p>\n<p>\u00cen primul r\u00e2nd :<strong>EPUIZAREA RESURSELOR<\/strong><\/p>\n<p>\u00cen al doilea r\u00e2nd : <strong>DISTRUGEREA AMBIENTULUI<\/strong><\/p>\n<p>\u00cen al treilea r\u00e2nd : <strong>RUPEREA ECHILIBRULUI SOCIAL<\/strong>, prin creearea unei mase de oameni&#8230; inutili. deoarece <em>automatizarea \u015fi informatizarea<\/em> limiteaz\u0103 accesul la munc\u0103, tot mai multor oameni !?  Este clar c\u0103 aceast\u0103 mas\u0103 de<strong> \u201eloosers\u201d<\/strong>, devine &#8230; inutil\u0103 \u015fi las fiec\u0103ruia libertatea de a-\u015fi imagina<strong> scenarii de&#8230; eliminare!<\/strong><\/p>\n<p>Solu\u0163ia propus\u0103 de <strong>\u201eMi\u015fcarea DACIA\u201d<\/strong>, este revenirea la <strong>ECHILIBRUL BINOMULUI OM-NATUR\u0102.<\/strong><\/p>\n<p>V-a\u0163i \u00eentrebat vreodat\u0103 ce s-ar \u00eent\u00e2mpla, \u00een cazul c\u0103 s-ar pr\u0103bu\u015fi <em>Sistemul Informatic<\/em>, sau cel<em> Energetic<\/em>, sau cel <em>Financiar<\/em>, sau&#8230; ???\u00a0\u00a0 Ar fi o<strong> Apocalips\u0103<\/strong> !!!\u00a0\u00a0<em> De ce <\/em>?\u00a0\u00a0 Pentru c\u0103 ne-am \u00eencredin\u0163at Via\u0163a, unor<em> Realit\u0103\u0163i Artificiale<\/em>, ce nu \u0163in cont de <em>Necesit\u0103\u0163ile Reale ale Omenirii !<\/em> Numai<strong> Natura<\/strong> r\u0103spunde prin defini\u0163ie acestui Imperativ ! Numai<strong> echilibrul Om-Natur\u0103<\/strong>, poate asigura Omenirii un &#8230;<strong> Viitor ! <\/strong> Acest echilibru, se poate restabili, \u00een primul r\u00e2nd prin eliminarea<strong> FUTILIT\u0102\u0162ILOR, <\/strong>coroborat\u0103 cu o nou\u0103 abordare a<strong> MODULUI DE VIA\u0162\u0102<\/strong>.<\/p>\n<p><em>Azi \u00eemp\u00e2nzim globul de asfalt, br\u0103zd\u0103m cerul pentru a merge \u00een concedii exotice, intoxic\u0103m aerul cu automobilele, polu\u0103m aerul, apa \u015fi p\u0103m\u00e2ntul cu mii de substan\u0163e toxice pe care le producem noi \u00een\u015fine cu dezinvoltur\u0103 criminal\u0103,  conducem r\u0103zboaie devastatoare, etc.<\/em><\/p>\n<p><strong>Singura solu\u0163ie este &#8230; renun\u0163area la toate astea ! Nici o IDEOLOGIE nu propune a\u015fa ceva !!!<\/strong><\/p>\n<p><strong>Oamenii NU SUNT ST\u0102P\u00c2NII LUMII \u00ceNCONJUR\u0102TOARE, CI PARTE INTRINSEC\u0102 !!!<\/strong><\/p>\n<p><em>Imagina\u0163i-v\u0103 P\u0103m\u00e2ntul ca un organism viu, pe care noi oamenii suntem azi ni\u015fte entit\u0103\u0163i d\u0103un\u0103toare. Perspectivele sunt dou\u0103 : ori P\u0103m\u00e2ntul moare, ori g\u0103se\u015fte solu\u0163ii ca s\u0103 se descotoroseasc\u0103 de noi (are \u015fi El un sistem&#8230; imunitar)!<\/em><\/p>\n<p>Precizez c\u0103 ceea ce scriu, se bazeaz\u0103 pe &#8230; instinct, nefiind eu dec\u00e2t unul ce trateaz\u0103 incomplet \u015fi superficial, o problematic\u0103 prea complex\u0103 pentru a fi abordat\u0103 de un singur om ! De aceea fac apel la<strong> COMPETEN\u0162E la \u201eMi\u015fcarea DACIA\u201d<\/strong>, pentru a creea un nou<strong> model social<\/strong>, \u00een care fiecare s\u0103 priceap\u0103 c\u0103<strong> PROPRIA BUN\u0102STARE, se ob\u0163ine c\u00e2nd se urm\u0103re\u015fte BUN\u0102STAREA TUTUROR, ci nu diavole\u015fti INTERESE DE PUTERE !<\/strong><\/p>\n<p>&#8230;&#8230;&#8230;&#8230;&#8230;&#8230;&#8230;&#8230;&#8230;&#8230;&#8230;&#8230;&#8230;&#8230;&#8230;&#8230;&#8230;&#8230;&#8230;&#8230;&#8230;&#8230;&#8230;&#8230;&#8230;&#8230;&#8230;&#8230;&#8230;&#8230;&#8230;&#8230;&#8230;&#8230;&#8230;&#8230;&#8230;&#8230;&#8230;&#8230;&#8230;&#8230;&#8230;&#8230;&#8230;&#8230;&#8230;&#8230;&#8230;&#8230;&#8230;&#8230;&#8230;&#8230;&#8230;&#8230;&#8230;&#8230;&#8230;&#8230;.<\/p>\n<p><!-- p { margin-bottom: 0.21cm; } --><strong>\u00cen acest sens, la un an de la cristalizarea Principiilor \u015fi Obiectivelor \u201eMi\u015fc\u0103rii DACIA\u201d, vom da startul \u201ePROIECTULUI DACIA\u201d, la care sunte\u0163i invita\u0163i cu to\u0163ii a v\u0103 aduce contribu\u0163ia !!!<\/strong><\/p>\n<p><strong>Cei care vor aduce contribu\u0163ii semnificative, vor deveni dup\u0103 o atent\u0103 selec\u0163ie \u015fi discu\u0163ie, membrii ai ADUN\u0102RII PENTRU DACIA, din r\u00e2ndurile c\u0103reia se vor ridica conduc\u0103torii : CAVALERII DANUBIENI. Acest proces nu va fi realizat b\u0103t\u00e2nd din palme, ci va fi unul de durat\u0103, ca \u015fi transformarea \u00eentregii societ\u0103\u0163i din Spa\u0163iul Carpato-Dun\u0103reano-Pontic.<\/strong><\/p>\n<p><strong>Eu o s\u0103 fac unele propuneri, care se reg\u0103sesc deja \u00een materialele publicate la Mi\u015fcare \u015fi v\u0103 a\u015ftept la dezbaterea \u015fi completarea lor.<\/strong><\/p>\n","protected":false},"excerpt":{"rendered":"<p>Invit pe to\u0163i cititorii mei s\u0103 fie cinsti\u0163i cu ei \u00een\u015fi\u015fi \u015fi s\u0103-\u015fi r\u0103spund\u0103 la \u00eentrebarea : \u201e\u015ftiu eu ce \u00eenseamn\u0103 doctrina liberal\u0103, sau social-democrat\u0103, sau &#8230; ?\u201d Nu vreau s\u0103 jignesc pe nimeni, dar pu\u0163ini vor putea r\u0103spunde afirmativ ! Acest adev\u0103r ar trebui s\u0103 determine pe mul\u0163i s\u0103 renun\u0163e a se \u00eenh\u0103ma la [&hellip;]<\/p>\n","protected":false},"author":2,"featured_media":0,"comment_status":"open","ping_status":"open","sticky":false,"template":"","format":"standard","meta":{"footnotes":""},"categories":[73],"tags":[499,500,502,501,498,210,442],"jetpack_featured_media_url":"","_links":{"self":[{"href":"https:\/\/bassdu.mine.bz\/index.php?rest_route=\/wp\/v2\/posts\/1398"}],"collection":[{"href":"https:\/\/bassdu.mine.bz\/index.php?rest_route=\/wp\/v2\/posts"}],"about":[{"href":"https:\/\/bassdu.mine.bz\/index.php?rest_route=\/wp\/v2\/types\/post"}],"author":[{"embeddable":true,"href":"https:\/\/bassdu.mine.bz\/index.php?rest_route=\/wp\/v2\/users\/2"}],"replies":[{"embeddable":true,"href":"https:\/\/bassdu.mine.bz\/index.php?rest_route=%2Fwp%2Fv2%2Fcomments&post=1398"}],"version-history":[{"count":6,"href":"https:\/\/bassdu.mine.bz\/index.php?rest_route=\/wp\/v2\/posts\/1398\/revisions"}],"predecessor-version":[{"id":1424,"href":"https:\/\/bassdu.mine.bz\/index.php?rest_route=\/wp\/v2\/posts\/1398\/revisions\/1424"}],"wp:attachment":[{"href":"https:\/\/bassdu.mine.bz\/index.php?rest_route=%2Fwp%2Fv2%2Fmedia&parent=1398"}],"wp:term":[{"taxonomy":"category","embeddable":true,"href":"https:\/\/bassdu.mine.bz\/index.php?rest_route=%2Fwp%2Fv2%2Fcategories&post=1398"},{"taxonomy":"post_tag","embeddable":true,"href":"https:\/\/bassdu.mine.bz\/index.php?rest_route=%2Fwp%2Fv2%2Ftags&post=1398"}],"curies":[{"name":"wp","href":"https:\/\/api.w.org\/{rel}","templated":true}]}}