{"id":1444,"date":"2011-01-18T12:26:33","date_gmt":"2011-01-18T11:26:33","guid":{"rendered":"http:\/\/bassdu.mine.nu\/?p=1444"},"modified":"2018-10-09T18:41:23","modified_gmt":"2018-10-09T17:41:23","slug":"avanpremiera-filmului-%e2%80%9ezeitgeist-%e2%80%93-moving-forward%e2%80%9d","status":"publish","type":"post","link":"https:\/\/bassdu.mine.bz\/?p=1444","title":{"rendered":"Avanpremiera filmului \u201eZeitgeist \u2013 Moving Forward\u201d"},"content":{"rendered":"<p><!-- p { margin-bottom: 0.21cm; } --><span style=\"font-size: medium;\"><strong>Zeitgeist \u2013 Moving Forward<\/strong><\/span><\/p>\n<p>Am participat acum dou\u0103 zile la <strong>Misano Adriatic<\/strong><strong>o<\/strong> (Rimini), la avanpremiera ultimului film al mi\u015fc\u0103rii lui Peter Joseph THE ZEITGEIST MOVEMENT, cu cooperarea lui Jacque Fresco, ideatorul <strong>Proiectului Venus. <\/strong>Acesta este\u00a0al treilea dup\u0103<strong> \u201eThe Movie\u201d<\/strong> \u015fi <strong>\u201eAddendum\u201d<\/strong>. Acest film va fi disponibil \u00een cur\u00e2nd pentru to\u0163i cei interesa\u0163i, f\u0103r\u0103 \u201epiedici\u201d\u00a0 dictate de dreptul de autor.<\/p>\n<p>Trebuie s\u0103 remarc <strong>surpriza<\/strong> mea \u015fi a organizatorilor, \u00een fa\u0163a marelui succes de public, \u00een ciuda<strong> promov\u0103rii exclusiv pe Net <\/strong>\u015fi a program\u0103rii \u00eentr-o zon\u0103 pu\u0163in populat\u0103, cum este cea riminez\u0103 (250.000 locuitori). Avanpremiera a fost programat\u0103 \u015fi \u00een alte ora\u015fe italiene, cel mai apropiat fiind Bologna \u015fi a avut acela\u015fi succes nea\u015fteptat. Intrarea a fost liber\u0103, recomand\u00e2ndu-se o plat\u0103 simbolic\u0103 \u015fi voluntar\u0103 de 3 Euro, pentru acoperirea cheltuielilor de \u00eenchiriere a s\u0103lilor cinematografice.<\/p>\n<p>Surpriza mea a fost mare, deoarece acum doi ani, nimeni nu \u015ftia ceva despre <strong>Mi\u015fcarea Zeitgeist<\/strong>, fiind eu printre primii aderen\u0163i din Italia.<\/p>\n<p>Surprinz\u0103toare a fost \u015fi v\u00e2rsta celor prezen\u0163i, to\u0163i tineri \u015fi \u201e\u015fcoli\u0163i\u201d ( cu p\u0103r alb, eram numai 4 persoane), ceea ce demonstreaz\u0103 c\u0103 ace\u015ftia nu sunt \u201emaneli\u015fti\u201d \u015fi c\u0103 prinde r\u0103d\u0103cini tot mai profunde, un <strong>alt mod de a concepe Lumea.<\/strong><\/p>\n<p><strong><a href=\"http:\/\/bassdu.mine.nu\/images\/2011\/01\/SNC005731.jpg\"><img loading=\"lazy\" decoding=\"async\" class=\"aligncenter size-medium wp-image-1446\" title=\"SNC00573\" src=\"http:\/\/bassdu.mine.nu\/images\/2011\/01\/SNC005731-300x225.jpg\" alt=\"\" width=\"300\" height=\"225\" srcset=\"https:\/\/bassdu.mine.bz\/images\/2011\/01\/SNC005731-300x225.jpg 300w, https:\/\/bassdu.mine.bz\/images\/2011\/01\/SNC005731-1024x768.jpg 1024w\" sizes=\"(max-width: 300px) 100vw, 300px\" \/><\/a><\/strong><\/p>\n<p style=\"text-align: left;\"><strong><strong>Scuza\u0163i calitatea fotografiei, realizat\u0103 \u00een pauza proiec\u0163iei<\/strong><br \/>\n<\/strong><\/p>\n<p><strong><br \/>\n<\/strong><\/p>\n<p>&nbsp;<\/p>\n<p><strong>Mi\u015fcarea Zeitgeist<\/strong>, nu\u00a0 are obiective politice, dar contribuie din plin la formarea unei <strong>noi Ideologii<\/strong>, abordat\u0103 \u015fi de noi la <strong>\u201eMi\u015fcarea DACIA\u201d.<\/strong><\/p>\n<p>Sper ca \u015fi \u00een <strong>Rom\u00e2nia<\/strong> s\u0103 creasc\u0103 acest \u201el\u0103star\u201d, de\u015fi implicarea cona\u0163ionalilor \u00een <strong>\u201ealternative la acest Sistem\u201d<\/strong>, las\u0103 de dorit, a\u015fa cum pot constata pe propria piele. Poate nu am reu\u015fit \u00eenc\u0103 s\u0103 ne facem vizibili, ceea ce nu este exclus, \u0163in\u00e2nd cont de mijloacele noastre \u201esub\u0163iri\u201d de mediatizare.<strong> De aceea insist ca cei ce cred \u00een noi, s\u0103 lucreze \u201e<\/strong><em><strong>din poart\u0103 \u00een poart\u0103<\/strong><\/em><strong>\u201d, pentru c\u0103 va veni vremea c\u00e2nd se va putea spune : <\/strong><em><strong>\u201eeram \u015fi eu pe acolo\u201d<\/strong><\/em><strong> !<\/strong><\/p>\n","protected":false},"excerpt":{"rendered":"<p>Zeitgeist \u2013 Moving Forward Am participat acum dou\u0103 zile la Misano Adriatico (Rimini), la avanpremiera ultimului film al mi\u015fc\u0103rii lui Peter Joseph THE ZEITGEIST MOVEMENT, cu cooperarea lui Jacque Fresco, ideatorul Proiectului Venus. Acesta este\u00a0al treilea dup\u0103 \u201eThe Movie\u201d \u015fi \u201eAddendum\u201d. Acest film va fi disponibil \u00een cur\u00e2nd pentru to\u0163i cei interesa\u0163i, f\u0103r\u0103 \u201epiedici\u201d\u00a0 dictate [&hellip;]<\/p>\n","protected":false},"author":2,"featured_media":0,"comment_status":"open","ping_status":"open","sticky":false,"template":"","format":"standard","meta":{"footnotes":""},"categories":[73],"tags":[515,516,210,512,513,519,518,514,65],"jetpack_featured_media_url":"","_links":{"self":[{"href":"https:\/\/bassdu.mine.bz\/index.php?rest_route=\/wp\/v2\/posts\/1444"}],"collection":[{"href":"https:\/\/bassdu.mine.bz\/index.php?rest_route=\/wp\/v2\/posts"}],"about":[{"href":"https:\/\/bassdu.mine.bz\/index.php?rest_route=\/wp\/v2\/types\/post"}],"author":[{"embeddable":true,"href":"https:\/\/bassdu.mine.bz\/index.php?rest_route=\/wp\/v2\/users\/2"}],"replies":[{"embeddable":true,"href":"https:\/\/bassdu.mine.bz\/index.php?rest_route=%2Fwp%2Fv2%2Fcomments&post=1444"}],"version-history":[{"count":6,"href":"https:\/\/bassdu.mine.bz\/index.php?rest_route=\/wp\/v2\/posts\/1444\/revisions"}],"predecessor-version":[{"id":5004,"href":"https:\/\/bassdu.mine.bz\/index.php?rest_route=\/wp\/v2\/posts\/1444\/revisions\/5004"}],"wp:attachment":[{"href":"https:\/\/bassdu.mine.bz\/index.php?rest_route=%2Fwp%2Fv2%2Fmedia&parent=1444"}],"wp:term":[{"taxonomy":"category","embeddable":true,"href":"https:\/\/bassdu.mine.bz\/index.php?rest_route=%2Fwp%2Fv2%2Fcategories&post=1444"},{"taxonomy":"post_tag","embeddable":true,"href":"https:\/\/bassdu.mine.bz\/index.php?rest_route=%2Fwp%2Fv2%2Ftags&post=1444"}],"curies":[{"name":"wp","href":"https:\/\/api.w.org\/{rel}","templated":true}]}}