{"id":1453,"date":"2011-01-19T10:46:12","date_gmt":"2011-01-19T09:46:12","guid":{"rendered":"http:\/\/bassdu.mine.nu\/?p=1453"},"modified":"2011-01-19T11:53:54","modified_gmt":"2011-01-19T10:53:54","slug":"%e2%80%9emiscarea-dacia%e2%80%9d-si-diaspora-i","status":"publish","type":"post","link":"https:\/\/bassdu.mine.bz\/?p=1453","title":{"rendered":"\u201eMi\u015fcarea DACIA\u201d \u015fi&#8230; Diaspora   (I)"},"content":{"rendered":"<p><!-- p { margin-bottom: 0.21cm; } --><strong> <\/strong><\/p>\n<p><strong>VOTUL PRIN CORESPONDEN\u0162\u0102<\/strong><\/p>\n<p><em>\u00cencep\u00e2nd de azi, m\u0103 voi ocupa un pic de aspecte specifice legate de Diaspora, prin prisma Principiilor \u015fi Obiectivelor \u201eMi\u015fc\u0103rii DACIA\u201d.<\/em><\/p>\n<p>Deun\u0103zi am asistat la o dezbatere televiziv\u0103 pe <strong>TVR Interna\u0163ional<\/strong>, realizat\u0103 de jurnalistul <strong>Marius Dobrescu<\/strong>, la care a fost invitat ministrul de externe <strong>Teodor Baconschi<\/strong> \u015fi un alt jurnalist al c\u0103rui nume nu-l re\u0163in \u015fi a c\u0103rui contribu\u0163ie a fost \u201esuperficial\u0103\u201d, nefiind capabil dec\u00e2t s\u0103 remarce cheltuiala ce se va face pentru <strong>Votul prin Coresponden\u0163\u0103<\/strong>, nepricep\u00e2nd c\u0103 \u00eenfiin\u0163area de Centre de vot \u00een afara \u0163\u0103rii, cost\u0103 mult mai mult statul rom\u00e2n. Se vede c\u0103 se situeaz\u0103 pe pozi\u0163ii <strong>\u201eciut\u0103ciste\u201d<\/strong>, l\u0103s\u00e2nd s\u0103 se \u00een\u0163eleag\u0103 c\u0103 acest efort financiar ar fi suportat de <strong>\u201ecei de acas\u0103\u201d<\/strong>. Bine i s-a r\u0103spuns de moderator \u015fi ministru, c\u0103 <strong>Diaspora are un impact economic important \u00een Patrie<\/strong> (deci argumentul s\u0103u se bazeaz\u0103 numai pe ignorarea &#8230; matematicii).<\/p>\n<p>La emisiune a participat telefonic \u015fi prietenul meu, jurnalistul <strong>Andi R\u0103diu<\/strong> de la <strong>\u201eGazeta Rom\u00e2neasc\u0103\u201d<\/strong>, propun\u00e2nd varianta <strong>votului electronic<\/strong>. I s-a argumentat c\u0103 acest mod de votare este mai expus <strong>fraudelor electorale<\/strong>, iar eu sunt de acord, deoarece se cunoa\u015fte falsarea alegerilor de c\u0103tre republicanii lui <strong>Bush<\/strong>, care a fost at\u00e2t de bine f\u0103cut\u0103 c\u0103 &#8230; nu a fost dovedit\u0103, sau mai bine zis s-a renun\u0163at la contesta\u0163ie din partea democra\u0163ilor, pentru a se evita o situa\u0163ie inedit\u0103 \u015fi periculoas\u0103 pentru <strong>credibilitatea SUA<\/strong>. Contraargumentul lui Andi, a fost fraudarea votului prin coresponden\u0163\u0103 de c\u0103tre <strong>Mafia<\/strong> italian\u0103 \u00een favoarea unui deputat aflat \u00een prezent sub anchet\u0103. Eu cred c\u0103 noi rom\u00e2nii nu am ajuns \u00eenc\u0103 la o faz\u0103 de a\u015fa &#8230; anvergur\u0103. <strong>La noi \u00eenc\u0103 se mai cump\u0103r\u0103 voturi cu ceva zah\u0103r, sau ulei \u015fi &#8230; mai ales <\/strong><strong>\u201e<\/strong><strong>acas\u0103<\/strong><strong>\u201d<\/strong><strong> !<\/strong><\/p>\n<p>Ceea ce s-a priceput din emisiune, este c\u0103 <strong>PSD \u015fi PNL se opun Votului prin Coresponden\u0163\u0103 <\/strong><strong>pentru rom\u00e2nii domicilia\u0163i, sau reziden\u0163i \u00een afara grani\u0163elor<\/strong><strong>,<\/strong> fiind citate dou\u0103 lu\u0103ri de pozi\u0163ie ale unor reprezentan\u0163i de v\u00e2rf ai celor dou\u0103 partide.<\/p>\n<p>Se vede c\u0103 nu au priceput nimic din ultima experien\u0163\u0103 electoral\u0103 \u015fi continu\u0103 s\u0103 se situeze pe pozi\u0163ii <strong>\u201eCIUT\u0102CISTE\u201d<\/strong> (d<em>e la Ciutacu, cel ce a trimis \u201ela origini\u201d pe moldoveni \u015fi diasporeni, atunci c\u00e2nd partidul pentru care f\u0103cuse propagand\u0103 electoral\u0103 <\/em><em>&#8211;<\/em><em>de\u015fi un jurnalist nu trebuie s\u0103 fac\u0103 a\u015fa ceva<\/em><em>&#8211;<\/em><em>, a fost <\/em><em>\u201e<\/em><em>penalizat<\/em><em>\u201d<\/em><em> de c\u0103tre ace\u015ftia<\/em>).<\/p>\n<p>Argumentele d-lui <strong>Baconschi<\/strong> \u015fi disponibilitatea ar\u0103tat\u0103 pentru dezbaterea \u00een Parlament, precum \u015fi aprecierea just\u0103 a <strong>rolului Diasporei<\/strong> \u00een via\u0163a politic\u0103 \u015fi Viitorul <strong>Rom\u00e2niei<\/strong>, sunt demne de apreciat !<\/p>\n<p><em>Men\u0163ionez c\u0103 <strong>\u201eMi\u015fcarea DACIA\u201d<\/strong> nu face propagand\u0103 pentru niciun partid, noi propun\u00e2ndu-ne ca alternativ\u0103 a tot ceea ce este azi \u201epe pia\u0163\u0103\u201d, dar cu inten\u0163ia de a interveni \u00een cadrul acestui Sistem, cu mijloacele specifice acestuia \u015fi cu inten\u0163ia de a trece treptat, dar ferm&#8230; la un altul !<\/em><\/p>\n<p><em>\u00cen post\u0103rile viitoare, voi expune punctele mele de vedere asupra Diasporei din Italia \u015fi asupra ac\u0163iunilor ce trebuiesc \u00eentreprinse, pentru \u00eembun\u0103t\u0103\u0163irea Status-ului \u015fi Imaginii Rom\u00e2niei \u015fi rom\u00e2nilor \u00een Lume.<\/em><\/p>\n","protected":false},"excerpt":{"rendered":"<p>VOTUL PRIN CORESPONDEN\u0162\u0102 \u00cencep\u00e2nd de azi, m\u0103 voi ocupa un pic de aspecte specifice legate de Diaspora, prin prisma Principiilor \u015fi Obiectivelor \u201eMi\u015fc\u0103rii DACIA\u201d. Deun\u0103zi am asistat la o dezbatere televiziv\u0103 pe TVR Interna\u0163ional, realizat\u0103 de jurnalistul Marius Dobrescu, la care a fost invitat ministrul de externe Teodor Baconschi \u015fi un alt jurnalist al c\u0103rui [&hellip;]<\/p>\n","protected":false},"author":2,"featured_media":0,"comment_status":"open","ping_status":"open","sticky":false,"template":"","format":"standard","meta":{"footnotes":""},"categories":[73],"tags":[525,521,171,1581,524,210,174,173,41,523,522],"jetpack_featured_media_url":"","_links":{"self":[{"href":"https:\/\/bassdu.mine.bz\/index.php?rest_route=\/wp\/v2\/posts\/1453"}],"collection":[{"href":"https:\/\/bassdu.mine.bz\/index.php?rest_route=\/wp\/v2\/posts"}],"about":[{"href":"https:\/\/bassdu.mine.bz\/index.php?rest_route=\/wp\/v2\/types\/post"}],"author":[{"embeddable":true,"href":"https:\/\/bassdu.mine.bz\/index.php?rest_route=\/wp\/v2\/users\/2"}],"replies":[{"embeddable":true,"href":"https:\/\/bassdu.mine.bz\/index.php?rest_route=%2Fwp%2Fv2%2Fcomments&post=1453"}],"version-history":[{"count":2,"href":"https:\/\/bassdu.mine.bz\/index.php?rest_route=\/wp\/v2\/posts\/1453\/revisions"}],"predecessor-version":[{"id":1455,"href":"https:\/\/bassdu.mine.bz\/index.php?rest_route=\/wp\/v2\/posts\/1453\/revisions\/1455"}],"wp:attachment":[{"href":"https:\/\/bassdu.mine.bz\/index.php?rest_route=%2Fwp%2Fv2%2Fmedia&parent=1453"}],"wp:term":[{"taxonomy":"category","embeddable":true,"href":"https:\/\/bassdu.mine.bz\/index.php?rest_route=%2Fwp%2Fv2%2Fcategories&post=1453"},{"taxonomy":"post_tag","embeddable":true,"href":"https:\/\/bassdu.mine.bz\/index.php?rest_route=%2Fwp%2Fv2%2Ftags&post=1453"}],"curies":[{"name":"wp","href":"https:\/\/api.w.org\/{rel}","templated":true}]}}