{"id":1458,"date":"2011-01-20T20:20:33","date_gmt":"2011-01-20T19:20:33","guid":{"rendered":"http:\/\/bassdu.mine.nu\/?p=1458"},"modified":"2011-01-20T20:20:33","modified_gmt":"2011-01-20T19:20:33","slug":"%e2%80%9emiscarea-dacia%e2%80%9d-si-diaspora-iii","status":"publish","type":"post","link":"https:\/\/bassdu.mine.bz\/?p=1458","title":{"rendered":"\u201eMi\u015fcarea DACIA\u201d \u015fi&#8230; Diaspora (III)"},"content":{"rendered":"<p><!-- p { margin-bottom: 0.21cm; } --><strong><\/strong><\/p>\n<p><!-- p { margin-bottom: 0.21cm; } --><strong>Reprezentarea politic\u0103 a rom\u00e2nilor din Italia<\/strong><\/p>\n<p>\u00cen <strong>Italia<\/strong>, exist\u0103 mai multe feluri de rom\u00e2ni \u015fi fiecare are felul s\u0103u specific de a activa politic, \u0163in\u00e2nd cont de faptul c\u0103 <strong>to\u0163i fac politic\u0103<\/strong>, inclusiv cei ce declar\u0103 contrariul.<\/p>\n<p>Exist\u0103 <strong>delincven\u0163ii<\/strong>, care fac politica lor de subminare a imaginii Rom\u00e2niei \u015fi a rom\u00e2nilor.<\/p>\n<p>Exist\u0103 <strong>oamenii cinsti\u0163i<\/strong>, veni\u0163i pentru a munci, \u201egoni\u0163i\u201d de s\u0103r\u0103cia de acas\u0103 \u015fi care cu greu g\u0103sesc timpul material necesar implic\u0103rii \u00een politic\u0103.<\/p>\n<p>Exist\u0103 <strong>emigran\u0163i mai vechi, sau mai califica\u0163i<\/strong>, ce se descurc\u0103 bini\u015for din punct de vedere material \u015fi care au f\u0103cut tezaur din experien\u0163a <strong>emigra\u0163iei<\/strong>, cu toate <strong>vexa\u0163iunile<\/strong> inerente statutului de <strong>venetic<\/strong>. Ace\u015ftia sunt cei mai <strong>\u201eeduca\u0163i\u201d dpdv politic <\/strong>\u015fi reprezint\u0103 un <strong>poten\u0163ial<\/strong> valoros pentru via\u0163a politic\u0103 a <strong>Patriei<\/strong>, dar \u015fi a <strong>Italiei<\/strong>, num\u0103rul lor fiind \u00eens\u0103 mult inferior totalului de peste un milion de suflete prezente legal \u00een Peninsul\u0103. A\u015fa se face c\u0103 numai 5% din rom\u00e2ni au participat la alegerile din \u0163ar\u0103, iar la cele italiene&#8230; \u015fi mai pu\u0163ini. S\u0103 sper\u0103m c\u0103 <strong>vot\u00e2nd <\/strong><strong>\u201eacas\u0103\u201d <\/strong><strong>prin coresponden\u0163\u0103,<\/strong> num\u0103rul \u201einteresa\u0163ilor\u201d s\u0103 creasc\u0103 substan\u0163ial, ceea ce ar conduce la o evaluare mai atent\u0103 a acestui poten\u0163ial pre\u0163ios. <strong>Partidele rom\u00e2ne\u015fti<\/strong> au \u015fi priceput acest lucru (<em>unii mai repede , al\u0163ii mai&#8230; \u00eencet)<\/em> \u015fi \u201es-au prezentat\u201d \u00een peninsul\u0103, unde au format <strong>filiale<\/strong>.<\/p>\n<p>Interesant\u0103 este atitudinea<strong> PSD \u015fi PNL<\/strong>, care \u201eobstruc\u0163ioneaz\u0103\u201d <strong>Votul prin Coresponden\u0163\u0103<\/strong> al <em>rom\u00e2nilor reziden\u0163i \u00een afara grani\u0163elor<\/em>, ceea ce eviden\u0163iaz\u0103 c\u0103 aceste partide se situeaz\u0103 \u00eenc\u0103 pe linie <strong>\u201eCIUT\u0102CIST\u0102\u201d<\/strong>, demonstr\u00e2nd c\u0103 nu au priceput nimic din ultima experien\u0163\u0103 electoral\u0103 !?<\/p>\n<p>\u00cen ciuda <strong>\u201eadversit\u0103\u0163ii\u201d<\/strong> noastre declarate \u00eempotriva sistemului partidocratic actual, <strong>\u201eMi\u015fcarea DACIA\u201d<\/strong> nu trebuie s\u0103 combat\u0103 acest fenomen, at\u00e2ta timp c\u00e2t obiectivele acestor filiale, se limiteaz\u0103 la politica din Patrie. Nu acelea\u015fi opinii le au cei de la <strong>Partidul Identitatea Rom\u00e2neasc\u0103 (PIR)<\/strong>, unicul partid \u201emai serios\u201d al rom\u00e2nilor din Italia, care se simte \u201es\u0103r\u0103cit\u201d de poten\u0163ial, av\u00e2nd par\u0163ial&#8230; dreptate. De cur\u00e2nd am aflat despre un acord \u00eentre <strong>PSD<\/strong>-ul rom\u00e2nesc \u015fi <strong>Partidul Democrat<\/strong> italienesc, ceea ce \u201ed\u0103 ap\u0103 la moar\u0103\u201d PIR-i\u015ftilor. <strong>PD-L<\/strong>-ul rom\u00e2nesc (<em>exist\u0103 \u015fi unul al lui Berlusconi<\/em>) este mai precaut \u015fi probabil face alian\u0163e &#8230; pe \u015festache.<\/p>\n<p>\u015ei uite a\u015fa, <strong>PIR<\/strong>-ul sprijin\u0103 Sociali\u015ftii lui Craxi, <strong>PSD<\/strong>-ul Democra\u0163ii lui Bersani, iar <strong>PD-L<\/strong>-ul pe Berlusconi !? Este clar c\u0103 PIR-ul este defavorizat !<\/p>\n<p>Care sunt repercursiunile acestui <strong>\u201er\u0103zboi fratricid\u201d <\/strong>?<\/p>\n<p><strong>Poten\u0163ialul electoral al rom\u00e2nilor din Italia<\/strong>, este divizat pentru alegerile din Patrie, ceea ce este de \u00een\u0163eles, dar este divizat \u015fi pentru alegerile  italiene <strong>\u015eI ASTA ESTE FOARTE GRAV<\/strong> !!!<\/p>\n<p>Dac\u0103 pentru alegerile rom\u00e2ne\u015fti fiecare are dreptul natural de a-\u015fi alege reprezentan\u0163ii dup\u0103 placul inimii, nu acela\u015fi lucru se poate spune despre cel\u0103lalt <strong>\u201efront\u201d<\/strong>. Cu to\u0163ii \u015ftim <strong>tratamentul necorespunz\u0103tor al mass-mediei <\/strong><strong>\u015fi politicii <\/strong><strong>italiene <\/strong>\u00een ceea ce ne prive\u015fte, deci <strong>DATORIA MORAL\u0102 <\/strong>a tuturor rom\u00e2nilor, ar fi aceea de a face <strong>FRONT COMUN<\/strong> pentru afirmarea marelui poten\u0163ial electoral.<\/p>\n<p>De aceea<strong> am propus<\/strong> interesa\u0163ilor <em>(adic\u0103 tuturor celor ce se ocup\u0103 de politic\u0103<\/em>),<strong> s\u0103 discute, s\u0103 trateze, <\/strong>pentru o delimitare clar\u0103 a <strong>\u201ecompeten\u0163elor <\/strong><strong>teritoriale<\/strong><strong>\u201d<\/strong> \u015fi trasarea unei <strong>LINII COMUNE<\/strong> \u00een ceea ce prive\u015fte politica italian\u0103.<\/p>\n<p>Eu dau credit<strong> filialelor<\/strong> s\u0103 se ocupe de problemele rom\u00e2ne\u015fti \u015fi <strong>PIR<\/strong>-ului s\u0103 se ocupe de cele italiene\u015fti. Deci TO\u0162I trebuie s\u0103 se a\u015feze la masa tratativelor \u015fi s\u0103 stabileasc\u0103 <strong>O LINIE POLITICA UNITAR\u0102 \u00ceN ITALIA<\/strong>, men\u0163in\u00e2nd un UNIC Subiect politic, care s\u0103 fac\u0103 alian\u0163e <strong>CU UN SINGUR PARTID ITALIENESC<\/strong>, l\u0103s\u00e2nd <strong>\u201eLIBER\u0102\u201d op\u0163iunea din Patrie <\/strong>!!!<\/p>\n<p>Nu este u\u015foar\u0103 aceast\u0103 misiune, dar <strong>INTERESUL NA\u0162IONAL<\/strong> o dicteaz\u0103, iar<em> cine ignor\u0103<\/em> INTERESUL NA\u0162IONAL&#8230;&#8230;&#8230;&#8230;. !<\/p>\n<p>\u201e<em>Ata\u015f\u0103rile Ideologice\u201d sunt de neconceput \u00eentr-o Lume dezideologizat\u0103 !<\/em><\/p>\n<p><strong>Risipirea poten\u0163ialului electoral al Diasporei agraveaz\u0103 ulterior CRIZA SISTEMULUI PARTIDOCRATIC \u015fi mai devreme , sau mai t\u00e2rziu, cineva va da socoteal\u0103  (divide et impera?) !<\/strong><\/p>\n<p>Acela\u015fi ra\u0163ionament se poate face \u015fi asupra \u201edispersiei energetice\u201d produse pe plan na\u0163ional de multipartidism, dar noi am f\u0103cut-o deja, propun\u00e2nd <strong>ADMINISTRATORI<\/strong> \u00een locul unei clase politice ineficiente.<\/p>\n","protected":false},"excerpt":{"rendered":"<p>Reprezentarea politic\u0103 a rom\u00e2nilor din Italia \u00cen Italia, exist\u0103 mai multe feluri de rom\u00e2ni \u015fi fiecare are felul s\u0103u specific de a activa politic, \u0163in\u00e2nd cont de faptul c\u0103 to\u0163i fac politic\u0103, inclusiv cei ce declar\u0103 contrariul. Exist\u0103 delincven\u0163ii, care fac politica lor de subminare a imaginii Rom\u00e2niei \u015fi a rom\u00e2nilor. Exist\u0103 oamenii cinsti\u0163i, veni\u0163i [&hellip;]<\/p>\n","protected":false},"author":2,"featured_media":0,"comment_status":"open","ping_status":"open","sticky":false,"template":"","format":"standard","meta":{"footnotes":""},"categories":[73],"tags":[530,11,210,529,528,174,173,41,522],"jetpack_featured_media_url":"","_links":{"self":[{"href":"https:\/\/bassdu.mine.bz\/index.php?rest_route=\/wp\/v2\/posts\/1458"}],"collection":[{"href":"https:\/\/bassdu.mine.bz\/index.php?rest_route=\/wp\/v2\/posts"}],"about":[{"href":"https:\/\/bassdu.mine.bz\/index.php?rest_route=\/wp\/v2\/types\/post"}],"author":[{"embeddable":true,"href":"https:\/\/bassdu.mine.bz\/index.php?rest_route=\/wp\/v2\/users\/2"}],"replies":[{"embeddable":true,"href":"https:\/\/bassdu.mine.bz\/index.php?rest_route=%2Fwp%2Fv2%2Fcomments&post=1458"}],"version-history":[{"count":1,"href":"https:\/\/bassdu.mine.bz\/index.php?rest_route=\/wp\/v2\/posts\/1458\/revisions"}],"predecessor-version":[{"id":1459,"href":"https:\/\/bassdu.mine.bz\/index.php?rest_route=\/wp\/v2\/posts\/1458\/revisions\/1459"}],"wp:attachment":[{"href":"https:\/\/bassdu.mine.bz\/index.php?rest_route=%2Fwp%2Fv2%2Fmedia&parent=1458"}],"wp:term":[{"taxonomy":"category","embeddable":true,"href":"https:\/\/bassdu.mine.bz\/index.php?rest_route=%2Fwp%2Fv2%2Fcategories&post=1458"},{"taxonomy":"post_tag","embeddable":true,"href":"https:\/\/bassdu.mine.bz\/index.php?rest_route=%2Fwp%2Fv2%2Ftags&post=1458"}],"curies":[{"name":"wp","href":"https:\/\/api.w.org\/{rel}","templated":true}]}}