{"id":1461,"date":"2011-01-23T11:15:42","date_gmt":"2011-01-23T10:15:42","guid":{"rendered":"http:\/\/bassdu.mine.nu\/?p=1461"},"modified":"2011-01-23T11:15:42","modified_gmt":"2011-01-23T10:15:42","slug":"nota-nr-4-referitoare-la-intalnire","status":"publish","type":"post","link":"https:\/\/bassdu.mine.bz\/?p=1461","title":{"rendered":"Nota nr.4 referitoare la \u00cent\u00e2lnire"},"content":{"rendered":"<p><!-- p { margin-bottom: 0.21cm; } --><span style=\"font-size: medium;\"><strong>Politica Extern\u0103<\/strong><\/span><\/p>\n<p>S\u0103 \u00eencepem cu descrierea situa\u0163iei de fapt din<strong> Uniunea Europen\u0103<\/strong>.<\/p>\n<p><strong>Politica economic\u0103<\/strong> este canalizat\u0103 pe <strong>principii consum<\/strong><strong>eri<\/strong><strong>stice<\/strong>, potrivit c\u0103rora, <strong>Germania \u015fi Fran\u0163a<\/strong> ar fi <strong>\u201elocomotivele\u201d<\/strong> , iar restul \u0163\u0103rilor <strong>\u201evagoane\u201d<\/strong>, ceea ce a condus la teorii potrivit c\u0103rora UE ar trebui s\u0103 aib\u0103 <strong>\u201edou\u0103 viteze\u201d.<\/strong><\/p>\n<p><em>&#8211; <\/em><em>\u00cen primul r\u00e2nd<\/em>, <strong>\u201eMi\u015fcarea DACIA\u201d<\/strong> <em>condamn\u0103 Consum<\/em><em>eri<\/em><em>smu<\/em>l, fiind acesta \u00een clar\u0103 contradic\u0163ie cu <strong>DEZVOLTAREA SUSTENABIL\u0102<\/strong>.<\/p>\n<p><em>&#8211; <\/em><em>\u00cen al doilea r\u00e2nd<\/em>, noi consider\u0103m c\u0103 UE trebuie s\u0103 garanteze <strong>ACELEA\u015eI DREPTURI \u015eI OBLIGA\u0162II, pentru toate statele membre,<\/strong> adic\u0103 acelea\u015fi <em>salarii, procente de dob\u00e2nd\u0103 pentru credite, drepturi civile, etc. <\/em>\u015fi aceasta deoarece <strong>\u201elocomotivele\u201d<\/strong> au umplut<strong> \u201evagoanele\u201d<\/strong> de <em>produsele lor materiale \u015fi financiare<\/em>, golindu-le simultan de <em>RESURSE<\/em>.<\/p>\n<p>\u00cen func\u0163ie de aceste dou\u0103 aspecte,<strong> \u201eMi\u015fcarea DACIA\u201d<\/strong> fixeaz\u0103 politica sa extern\u0103, cer\u00e2nd schimbarea rapid\u0103 a acestei <strong>SITUA\u0162II NESUSTENABILE<\/strong>.<\/p>\n<p>Pentru a <strong>\u201efor\u0163a m\u00e2na\u201d Occidentului<\/strong>, Rom\u00e2nia trebuie s\u0103 \u00eenceap\u0103 urgent <strong>tratative la nivel regional<\/strong>, unde toate \u0163\u0103rile ex-comuniste sunt la acela\u015fi nivel de nemul\u0163umire fa\u0163\u0103 de UE, \u00een vederea stabilirii unei <strong>Strategii Comune<\/strong>, care s\u0103 ne scoat\u0103 din stadiul de \u201evagoane\u201d. Mul\u0163i <em>pro-europei\u015ft<\/em>i sunt perplec\u015fi \u00een fa\u0163a acestei posibilit\u0103\u0163i, dar eu consider inutil s\u0103 explic DE CE nu ne place aceast\u0103 UE, o simpl\u0103 \u201eprivire \u00eemprejur\u201d fiind suficient\u0103.<\/p>\n<p><strong>Istoria noastr\u0103 din ultimii 2100 de ani<\/strong>, este plin\u0103 de <em>ACEST TIP DE TRATAMENT DIN PARTEA EUROPEI !<\/em> <strong>Imperiul Roman<\/strong> a distrus civiliza\u0163ia dacilor \u015fi a f\u0103r\u00e2mi\u0163at statul lor, \u00een a\u015fa fel c\u0103 nici \u00een ziua de azi nu avem \u201e\u00eentre grani\u0163e\u201d toat\u0103 popula\u0163ia rom\u00e2neasc\u0103 ! S\u0103 ne amintim de atitudinea Occidentului fa\u0163\u0103 de <strong>\u015etefan<\/strong> \u015fi <strong>Mihai<\/strong> ! Am r\u0103mas noi \u015fi Coreea !<\/p>\n<p>Politica imperialist\u0103 <strong>austro-ungar\u0103, german\u0103, otoman\u0103, rus\u0103,<\/strong> s-au opus \u00een trecut cu fermitate oric\u0103rui proces de unitate na\u0163ional\u0103, iar acum este r\u00e2ndul<strong> UE<\/strong> s\u0103 ac\u0163ioneze pe aceast\u0103 direc\u0163ie, sub acoperirea Globalismului. Politica bazat\u0103 pe <strong>\u201edezbin\u0103 \u015fi st\u0103p\u00e2ne\u015fte\u201d<\/strong> se aplic\u0103 \u00eenc\u0103 (<strong>vezi Yugoslavia<\/strong>), iar noi nu vrem s\u0103 c\u0103dem victim\u0103 acestui <strong>joc periculos<\/strong> ! Noi propunem o <strong>EUROP\u0102 CENTRAL\u0102<\/strong>, \u00een care s\u0103 fie aplanate toate <strong>conflictele etnice<\/strong> \u015fi unde s\u0103 troneze<strong> Principii \u015fi Obiective, similare celor ale \u201eMi\u015fc\u0103rii DACIA\u201d<\/strong> ! Urmarea unei astfel de realiz\u0103ri, ar fi <strong>\u201ealinierea for\u0163at\u0103\u201d<\/strong> \u015fi a restului<strong> Europe<\/strong><strong>i<\/strong>, ba chiar a \u00eentregii<strong> Lumi<\/strong>, la <strong>UN ALT CONCEPT DE SOCIETATE UMAN\u0102 !<\/strong><\/p>\n<p>\u201e<strong>Oooh,<\/strong> vor zice unii,<strong> \u0103\u015ftia vor s\u0103 schimbe Lumea!?\u201d<\/strong><\/p>\n<p>Ei bine, DA ! Noi vrem s\u0103 schimb\u0103m Lumea, noi nu ne mul\u0163umim s\u0103-l schimb\u0103m pe B\u0103sescu, pentru c\u0103 nu asta este <strong>SOLU\u0162IA<\/strong> ! Noi vrem s\u0103 schimb\u0103m<strong> SISTEMUL<\/strong> ! \u015ei nu o vom face <strong>VIOLENT<\/strong>, cum cer <strong>INCON\u015eTIEN\u0162II MANIPULA\u0162I DE SISTEM<\/strong>, ci <strong>PA\u015eNIC !<\/strong><\/p>\n<p>Bine\u00een\u0163eles c\u0103 o politic\u0103 d acest tip, nu poate fi conceput\u0103 de o singur\u0103 persoan\u0103, ca s\u0103 nu mai vorbim de punerea \u00een practic\u0103.<\/p>\n<p><strong>Un lucru este sigur \u015fi anume c\u0103 suntem mul\u0163i \u00een Lume cu astfel de idei ! <\/strong><\/p>\n<p>Este a voastr\u0103 op\u0163iunea de a zice c\u00e2ndva : <strong>\u201eeram \u015fi eu acolo \u015fi nu era dec\u00e2t un grup Facebook !\u201d<\/strong><\/p>\n","protected":false},"excerpt":{"rendered":"<p>Politica Extern\u0103 S\u0103 \u00eencepem cu descrierea situa\u0163iei de fapt din Uniunea Europen\u0103. Politica economic\u0103 este canalizat\u0103 pe principii consumeristice, potrivit c\u0103rora, Germania \u015fi Fran\u0163a ar fi \u201elocomotivele\u201d , iar restul \u0163\u0103rilor \u201evagoane\u201d, ceea ce a condus la teorii potrivit c\u0103rora UE ar trebui s\u0103 aib\u0103 \u201edou\u0103 viteze\u201d. &#8211; \u00cen primul r\u00e2nd, \u201eMi\u015fcarea DACIA\u201d condamn\u0103 Consumerismul, [&hellip;]<\/p>\n","protected":false},"author":2,"featured_media":0,"comment_status":"open","ping_status":"open","sticky":false,"template":"","format":"standard","meta":{"footnotes":""},"categories":[73],"tags":[531,119,533,400,532,210,278,41,52],"jetpack_featured_media_url":"","_links":{"self":[{"href":"https:\/\/bassdu.mine.bz\/index.php?rest_route=\/wp\/v2\/posts\/1461"}],"collection":[{"href":"https:\/\/bassdu.mine.bz\/index.php?rest_route=\/wp\/v2\/posts"}],"about":[{"href":"https:\/\/bassdu.mine.bz\/index.php?rest_route=\/wp\/v2\/types\/post"}],"author":[{"embeddable":true,"href":"https:\/\/bassdu.mine.bz\/index.php?rest_route=\/wp\/v2\/users\/2"}],"replies":[{"embeddable":true,"href":"https:\/\/bassdu.mine.bz\/index.php?rest_route=%2Fwp%2Fv2%2Fcomments&post=1461"}],"version-history":[{"count":1,"href":"https:\/\/bassdu.mine.bz\/index.php?rest_route=\/wp\/v2\/posts\/1461\/revisions"}],"predecessor-version":[{"id":1462,"href":"https:\/\/bassdu.mine.bz\/index.php?rest_route=\/wp\/v2\/posts\/1461\/revisions\/1462"}],"wp:attachment":[{"href":"https:\/\/bassdu.mine.bz\/index.php?rest_route=%2Fwp%2Fv2%2Fmedia&parent=1461"}],"wp:term":[{"taxonomy":"category","embeddable":true,"href":"https:\/\/bassdu.mine.bz\/index.php?rest_route=%2Fwp%2Fv2%2Fcategories&post=1461"},{"taxonomy":"post_tag","embeddable":true,"href":"https:\/\/bassdu.mine.bz\/index.php?rest_route=%2Fwp%2Fv2%2Ftags&post=1461"}],"curies":[{"name":"wp","href":"https:\/\/api.w.org\/{rel}","templated":true}]}}