{"id":1510,"date":"2011-02-13T10:53:51","date_gmt":"2011-02-13T09:53:51","guid":{"rendered":"http:\/\/bassdu.mine.nu\/?p=1510"},"modified":"2011-02-13T19:30:34","modified_gmt":"2011-02-13T18:30:34","slug":"%e2%80%9emiscarea-dacia%e2%80%9d-si-religia","status":"publish","type":"post","link":"https:\/\/bassdu.mine.bz\/?p=1510","title":{"rendered":"\u201eMi\u015fcarea DACIA\u201d \u015fi&#8230; Religia"},"content":{"rendered":"<p><!-- p { margin-bottom: 0.21cm; } --><em><span style=\"font-size: small;\">Pornesc de la premiza c\u0103 m-am n\u0103scut cre\u015ftin-ortodox \u015fi c\u0103 o s\u0103 mor a\u015fa ! <\/span><\/em><\/p>\n<p><em><span style=\"font-size: small;\">De asemenea, refuz s\u0103-mi imaginez o Rom\u00e2nie \u201ef\u0103r\u0103 Dumnezeu\u201d ! (asta ar mai lipsi !)<\/span><\/em><\/p>\n<p><em><span style=\"font-size: small;\">\u00cenvit de asemenea pe to\u0163i, s\u0103 recunoasc\u0103 rolul important al Bisericii noastre \u00een men\u0163inerea Identit\u0103\u0163ii Na\u0163ionale, indiferent dac\u0103 sunt sau nu credincio\u015fi, <\/span><\/em><em><span style=\"font-size: small;\">mai mult sau mai pu\u0163in practican\u0163i, <\/span><\/em><em><span style=\"font-size: small;\">sau de alt\u0103 confesiune. Spun acest lucru, deoarece \u201eMi\u015fcarea DACIA\u201d este deschis\u0103 tuturor, deci respectul este o chestiune de Bun Sim\u0163, care la noi este \u201einstitu\u0163ionalizat\u201d !<\/span><\/em><\/p>\n<p><em><span style=\"font-size: small;\">Cu toate acestea, Marea Schimbare pe care noi o preconiz\u0103m, nu poate s\u0103 nu ating\u0103 \u015fi Biserica, deoarece, dac\u0103 omenirea a ajuns \u00een halul actual, ceva responsabilit\u0103\u0163i exist\u0103.<\/span><\/em><\/p>\n<p><em><span style=\"font-size: small;\">Cunoa\u015ftem cu to\u0163ii (unii mai mult, al\u0163ii mai pu\u0163in), c\u0103 actuala Dogm\u0103 este fructul a sute de ani de \u201ecristaliz\u0103ri\u201d, care \u00eenc\u0103 nu s-au epuizat, dac\u0103 \u0163inem cont de apari\u0163ia continu\u0103 a diverselor secte. <\/span><\/em><em><span style=\"font-size: small;\">Asta demonstreaz\u0103 c\u0103 \u201enimic nu e b\u0103tut \u00een cuie\u201d \u015fi c\u0103 aceasta poate suferi modific\u0103ri \u00een viitor (c\u0103 doar de aceea exist\u0103 Sinoduri).<\/span><\/em><\/p>\n<p><em><span style=\"font-size: small;\">Mie personal nu-mi place c\u00e2nd se zice c\u0103 Dumnezeu ne-a f\u0103cut ST\u0102P\u00c2NI asupra CREATULUI, deoarece nu <\/span><\/em><em><span style=\"font-size: small;\">\u00cel imaginez <\/span><\/em><em><span style=\"font-size: small;\">capabil de a <\/span><\/em><em><span style=\"font-size: small;\">inventa <\/span><\/em><em><span style=\"font-size: small;\">acest <\/span><\/em><em><span style=\"font-size: small;\">concep<\/span><\/em><em><span style=\"font-size: small;\">t ur\u00e2t : ST\u0102P\u00c2N ! <\/span><\/em><em><span style=\"font-size: small;\">Eu cred c\u0103 Dumnezeu ne sf\u0103tuie\u015fte s\u0103 TR\u0102IM \u00ceN ARMONIE CU CREATUL, ceea ce este cu totul \u015fi cu totul alt<\/span><\/em><em><span style=\"font-size: small;\">ceva.<\/span><\/em><\/p>\n<p><em><span style=\"font-size: small;\">De asemenea :\u201ecrede \u015fi nu cerceta\u201d, mi se pare \u00een contradic\u0163ie cu SETEA DE CUNOA\u015eTERE insuflat\u0103 de CREATOR, ce se afl\u0103 la baza EVOLU\u0162IEI, inclusiv spirituale.<\/span><\/em><\/p>\n<p><em><span style=\"font-size: small;\">Tot a\u015fa cum nu-mi place cre\u015ftinarea cu spada a unor popoare, sau lipsirea de dreptul de a sl\u0103vi pe Dumnezeu \u00een limba matern\u0103. Nu-mi place binecuv\u00e2ntarea agresiunilor armate, chiar c\u00e2nd se sus\u0163ine, c\u0103 s-ar produce pentru instaurarea&#8230; Democra\u0163iei. Nu-mi place c\u00e2nd slujitorii Bisericii se amestec\u0103 \u00een politic\u0103, de multe ori extremist\u0103 \u015fi \u201emurdar\u0103\u201d. Nu-mi place c\u00e2nd anumi\u0163i slujitori se las\u0103 prad\u0103 \u201eochiului necuratului\u201d . Etc.<\/span><\/em><\/p>\n<p><em><span style=\"font-size: small;\">Deci este loc \u201ede mai bine\u201d, iar dac\u0103 nu se va \u0163ine cont de aceste chestii de bun-sim\u0163, declinul observat \u00een Occident, va cuprinde \u015fi Orientul ! Asta va comporta o ad\u00e2ncire a <\/span><\/em><em><span style=\"font-size: small;\">P\u0102CATULUI<\/span><\/em><em><span style=\"font-size: small;\"> <\/span><\/em><em><span style=\"font-size: small;\">la care ne conduce<\/span><\/em><em><span style=\"font-size: small;\"> necuratul. <\/span><\/em><em><span style=\"font-size: small;\">\u00cen\u0103l\u0163area de noi biserici, este un fenomen unic \u00een Lume \u015fi a caracterizat Rom\u00e2nia ultimilor 20 de ani, deoarece oamenii erau \u00een c\u0103utarea SUBCON\u015eTIENT\u0102 a unor alte valori SPIRITUALE. Dac\u0103 nu se va primi ceva AUTENTIC, acest fenomen se va opri \u015fi va \u00eencepe DECONSACRAREA , precum \u00een Occident !<\/span><\/em><\/p>\n<p><em><span style=\"font-size: small;\">De cur\u00e2nd, am citit c\u0103 Patriarhia nu d\u0103 rela\u0163ii despre soarta Pl\u0103cu\u0163elor de la Sinaia<\/span><\/em><em><span style=\"font-size: small;\"> <\/span><\/em><em><span style=\"font-size: small;\">\u015fi c\u0103 cele dou\u0103 r\u0103mase chiar la M\u00e2n\u0103stire, nu sunt la dispozi\u0163ia publicului. De asemenea, am auzit c\u0103 o scrisoare a lui Carol, \u00een care-\u015fi cerea scuze pentru faptul de a fi distrus acele pl\u0103cu\u0163e, s-ar afla la&#8230; Vatican !?<\/span><\/em><\/p>\n<p><em><span style=\"font-size: small;\">Ar fi foarte grav dac\u0103 acesta ar fi adev\u0103rul, deoarece o astfel de \u201eascundere\u201d \u015fi \u201ecolabora\u0163ionism\u201d, ar aduce daune chiar&#8230; Identit\u0103\u0163ii Na\u0163ionale !<\/span><\/em><\/p>\n<p><em><span style=\"font-size: small;\">Situa\u0163ia nu este deci \u201eroz\u0103\u201d \u015fi nimeni nu trebuie s\u0103 \u201edoarm\u0103 pe urechi\u201d!<\/span><\/em><\/p>\n<p><em><span style=\"font-size: small;\">Biserica va trebui s\u0103 \u00eenceteze s\u0103 sprijine IMORALITATEA POLITICII, s\u0103 se \u00eentoarc\u0103 la R\u0102D\u0102CINILE MILENARE ale unei credin\u0163e fundamentate pe ARMONIA CU NATURA \u00ceNCONJUR\u0102TOARE, s\u0103 condamne f\u0103r\u0103 echivoc orice form\u0103 de VIOLEN\u0162\u0102, s\u0103 citeasc\u0103 mai pu\u0163in din <\/span><\/em><em><span style=\"font-size: small;\">Vechiul Testament<\/span><\/em><em><span style=\"font-size: small;\"> \u015fi s\u0103 explice <\/span><\/em><em><span style=\"font-size: small;\">mai mult <\/span><\/em><em><span style=\"font-size: small;\">credincio\u015filor, c\u0103 nu trebuie s\u0103 umple r\u00e2urile de sticle de plastic, s\u0103 se preocupe mai pu\u0163in de patrimoniul m\u00e2n\u0103stirilor \u015fi s\u0103 explice de ce p\u0103durile nu trebuiesc t\u0103iate \u015fi \u00eenstr\u0103inate, etc. <\/span><\/em><em><span style=\"font-size: small;\">Trebuie s\u0103 se manifeste ca un bun p\u0103stor, care <\/span><\/em><em><span style=\"font-size: small;\">NU<\/span><\/em><em><span style=\"font-size: small;\">-\u015fi duce turma \u00een iarb\u0103 putred\u0103 !<\/span><\/em><\/p>\n<p><em><span style=\"font-size: small;\">Pornind de la realitatea CUNO\u015eTIN\u0162ELOR ASTRONOMICE ale preo\u0163ilor vechilor civiliza\u0163ii \u015fi de la ignoran\u0163a celor ce p\u00e2n\u0103 nu demult sus\u0163ineau GEOCENTRISMUL, putem spune c\u0103 CEVA S-A PIERDUT PE DRUM ! <\/span><\/em><em><span style=\"font-size: small;\">Cum altfel s\u0103 interpret\u0103m abera\u0163iile prezente \u00een TOATE scrierile, ale TUTUROR actualelor religii !?<\/span><\/em><\/p>\n<p><em><span style=\"font-size: small;\">Iat\u0103 unul din motivele pentru care ne chem\u0103m \u201eMi\u015fcarea DACIA\u201d! <\/span><\/em><\/p>\n<p><em><span style=\"font-size: small;\">Iat\u0103 de ce preconiz\u0103m <\/span><\/em><em><span style=\"font-size: small;\">la Obiective <\/span><\/em><em><span style=\"font-size: small;\">constituirea unui FORUM INTER-RELIGIOS \u00ceN DACIA !<\/span><\/em><\/p>\n<p><em><span style=\"font-size: small;\">Se \u015ftie c\u0103 \u00een trecut au fost arse multe biblioteci, s-au \u201eascuns\u201d multe scrieri, <\/span><\/em><em><span style=\"font-size: small;\">s-au \u201esp\u0103lat\u201d multe identit\u0103\u0163i na\u0163ionale.  Nu asta poate fi o BAZ\u0102 S\u0102N\u0102TOAS\u0102, pentru o adev\u0103rat\u0103 SPIRITUALITATE.<\/span><\/em><\/p>\n<p><em><span style=\"font-size: small;\">Profe\u0163i au fost <\/span><\/em><em><span style=\"font-size: small;\">mul\u0163i <\/span><\/em><em><span style=\"font-size: small;\">\u015fi au <\/span><\/em><em><span style=\"font-size: small;\">transmis<\/span><\/em><em><span style=\"font-size: small;\"> mesaje de avangard\u0103 pentru timpurile \u00een care s-au manifestat, dar odat\u0103 cu difuzarea lor, mai ales prin scris, ESEN\u0162A s-a DENATURAT ! Poate de aceea preo\u0163ii antici NU SCRIAU, ci transmiteau \u00een\u0163elepciunea lor, pe cale oral\u0103, mai pu\u0163in expus\u0103&#8230; interpret\u0103rilor \u201ede parte\u201d. Nu vreau s\u0103 spun c\u0103 preo\u0163ii daci erau \u201emai cu mo\u0163\u201d, deoarece procesul de \u201ealterare a mesajului ini\u0163ial, preluat probabil de la civiliza\u0163ii disp\u0103rute azi\u201d, &#8230; \u00eencepuse deja ! &#8230; dar oricum, erau mai &#8230; aproape !<\/span><\/em><\/p>\n<p><em><span style=\"font-size: small;\">Cert este c\u0103 Biserica Ortodox\u0103 rom\u00e2neasc\u0103 este cea mai apropiat\u0103 de SURS\u0102, deoarece a pierdut poate mai pu\u0163in \u201epe drum\u201d \u015fi de aceea este chemat\u0103 s\u0103 \u00eenceap\u0103 prima MAREA SCHIMBARE, al\u0103turi de noi TO\u0162I !<\/span><\/em><\/p>\n<p><em><span style=\"font-size: small;\">S\u0103 nu uit\u0103m c\u0103 Biserica este alc\u0103tuit\u0103 d<\/span><\/em><em><span style=\"font-size: small;\">in<\/span><\/em><em><span style=\"font-size: small;\"> oameni, pentru oameni \u015fi c\u0103 are o mare responsabilitate, mai ales \u00een actualele vremuri tulburi. Demersul meu, nu se vrea eretic, ci ca dovad\u0103 a dragostei fa\u0163\u0103 de SPIRITUALITATEA  acestui popor ales !<\/span><\/em><\/p>\n","protected":false},"excerpt":{"rendered":"<p>Pornesc de la premiza c\u0103 m-am n\u0103scut cre\u015ftin-ortodox \u015fi c\u0103 o s\u0103 mor a\u015fa ! De asemenea, refuz s\u0103-mi imaginez o Rom\u00e2nie \u201ef\u0103r\u0103 Dumnezeu\u201d ! (asta ar mai lipsi !) \u00cenvit de asemenea pe to\u0163i, s\u0103 recunoasc\u0103 rolul important al Bisericii noastre \u00een men\u0163inerea Identit\u0103\u0163ii Na\u0163ionale, indiferent dac\u0103 sunt sau nu credincio\u015fi, mai mult sau [&hellip;]<\/p>\n","protected":false},"author":2,"featured_media":0,"comment_status":"open","ping_status":"open","sticky":false,"template":"","format":"standard","meta":{"footnotes":""},"categories":[73],"tags":[554,45,550,210,70,41,261],"jetpack_featured_media_url":"","_links":{"self":[{"href":"https:\/\/bassdu.mine.bz\/index.php?rest_route=\/wp\/v2\/posts\/1510"}],"collection":[{"href":"https:\/\/bassdu.mine.bz\/index.php?rest_route=\/wp\/v2\/posts"}],"about":[{"href":"https:\/\/bassdu.mine.bz\/index.php?rest_route=\/wp\/v2\/types\/post"}],"author":[{"embeddable":true,"href":"https:\/\/bassdu.mine.bz\/index.php?rest_route=\/wp\/v2\/users\/2"}],"replies":[{"embeddable":true,"href":"https:\/\/bassdu.mine.bz\/index.php?rest_route=%2Fwp%2Fv2%2Fcomments&post=1510"}],"version-history":[{"count":3,"href":"https:\/\/bassdu.mine.bz\/index.php?rest_route=\/wp\/v2\/posts\/1510\/revisions"}],"predecessor-version":[{"id":1513,"href":"https:\/\/bassdu.mine.bz\/index.php?rest_route=\/wp\/v2\/posts\/1510\/revisions\/1513"}],"wp:attachment":[{"href":"https:\/\/bassdu.mine.bz\/index.php?rest_route=%2Fwp%2Fv2%2Fmedia&parent=1510"}],"wp:term":[{"taxonomy":"category","embeddable":true,"href":"https:\/\/bassdu.mine.bz\/index.php?rest_route=%2Fwp%2Fv2%2Fcategories&post=1510"},{"taxonomy":"post_tag","embeddable":true,"href":"https:\/\/bassdu.mine.bz\/index.php?rest_route=%2Fwp%2Fv2%2Ftags&post=1510"}],"curies":[{"name":"wp","href":"https:\/\/api.w.org\/{rel}","templated":true}]}}