{"id":1519,"date":"2011-02-18T18:07:01","date_gmt":"2011-02-18T17:07:01","guid":{"rendered":"http:\/\/bassdu.mine.nu\/?p=1519"},"modified":"2011-02-18T18:07:01","modified_gmt":"2011-02-18T17:07:01","slug":"start-2","status":"publish","type":"post","link":"https:\/\/bassdu.mine.bz\/?p=1519","title":{"rendered":"START !"},"content":{"rendered":"<p><!-- p { margin-bottom: 0.21cm; } --><em><span style=\"font-size: small;\">La cerere, iat\u0103 un rezumat al mesajului video cu acela\u015fi titlu :<br \/>\n<\/span><\/em><em><span style=\"font-size: small;\"><\/span><\/em><\/p>\n<p><em><span style=\"font-size: small;\">\u00cen ultimul timp, ne-am ocupat excesiv de Istorie \u015fi cred c\u0103 ar trebui s\u0103 ne amintim de ce suntem aici !<\/span><\/em><\/p>\n<p><em><span style=\"font-size: small;\">Tot ce era de spus despre <\/span><\/em><em><span style=\"font-size: small;\">str\u0103mo\u015fii no\u015ftri, s-a spus !<\/span><\/em><\/p>\n<p><em><span style=\"font-size: small;\">Concluzia pe care o tragem referitor la acest argument, este c\u0103 noi suntem orgolio\u015fi de trecutul nostru \u015fi c\u0103 a sosit momentul s\u0103 ac\u0163ion\u0103m, pentru revenirea la splendoarea pierdut\u0103 \u00een ultimii 2000 de ani. Sunt zeci de link-uri pe teme istorice \u015fi nu o s\u0103 mai admit repropuneri datorate lipsei de informare, sau polemici pe aceast\u0103 tem\u0103. Cine vrea s\u0103 se implice \u00een proiectul nostru, trebuie s\u0103 fac\u0103 input cu tot ce s-a publicat, ca s\u0103 nu mai trebuiasc\u0103 s\u0103 revenim pe acelea\u015fi teme. Faptul c\u0103 ne chem\u0103m DACIA a fost explicat, argumentat, \u015fi nu are conota\u0163ii exclusiv istorice.<\/span><\/em><\/p>\n<p><em><span style=\"font-size: small;\">Lipsesc cu des\u0103v\u00e2r\u015fire <\/span><\/em><em><span style=\"font-size: small;\">la mi\u015fcare <\/span><\/em><em><span style=\"font-size: small;\">dezbateri pe teme de Principii \u015fi Obiective, ba chiar sunt \u00eenc\u0103lcate, sau ignorate.<\/span><\/em><\/p>\n<p><em><span style=\"font-size: small;\">La evenimentul din August, sunt pu\u0163ini participan\u0163i \u015fi 1000 de membri \u00eenc\u0103 nu au r\u0103spuns \u00een niciun fel la Invita\u0163ie, <\/span><\/em><em><span style=\"font-size: small;\">fapt ce denot\u0103 \u201elips\u0103 de interes\u201d. Altfel, mul\u0163i dintre ace\u015ftia continu\u0103 s\u0103-\u015fi trimit\u0103 floricele \u015fi ursule\u0163i pe fb !? <\/span><\/em><em><span style=\"font-size: small;\">Acest aspect nu-l aduc \u00een discu\u0163ie pentru c\u0103 nu \u015ftiu \u201es\u0103 m\u0103 ap\u0103r de agresiuni\u201d, ci pentru c\u0103 vreau s\u0103 am de-a face cu oameni serio\u015fi !!!<\/span><\/em><\/p>\n<p><em><span style=\"font-size: small;\">Sunt asaltat de cereri de jocuri, cauze \u015fi alte \u201edistrac\u0163ii\u201d, dar nimeni nu propune nimic despre ecologie, sustenabilitate, familie, s\u0103n\u0103tate, energii alternative, tradi\u0163ii, cultur\u0103, emigra\u0163ie, etc., care sunt preocup\u0103rile noastre, \u00een cazul c\u0103 vrem s\u0103 realiz\u0103m ceva \u00een viitor !?<\/span><\/em><\/p>\n<p><em><span style=\"font-size: small;\">Se propun eternele teme despre minorit\u0103\u0163i, <\/span><\/em><em><span style=\"font-size: small;\">religie, <\/span><\/em><em><span style=\"font-size: small;\">noua ordine mondial\u0103, masonerie, B\u0103sescu &amp;Co, <\/span><\/em><em><span style=\"font-size: small;\">etc., che<\/span><\/em><em><span style=\"font-size: small;\">st<\/span><\/em><em><span style=\"font-size: small;\">ii deja \u201efumate\u201d\u015fi care nu au leg\u0103tur\u0103 cu ce vrem noi.<\/span><\/em><\/p>\n<p><em><span style=\"font-size: small;\">Vreau s\u0103 v\u0103d juri\u015fti trat\u00e2nd reforma sistemului judiciar, ingineri care s\u0103 trateze noi tehnologii, medici care s\u0103 discute probleme de s\u0103n\u0103tate, arti\u015fti care s\u0103-\u015fi prezinte operele, psihologi care s\u0103 analizeze impactul unor schimb\u0103ri ca cele preconizate de noi, economi\u015fti care \u201es\u0103 g\u00e2ndeasc\u0103 cu capul lor\u201d, agronomi care s\u0103 prospecteze viitorul \u00een domeniul lor, etc. , TOTUL RAPORTAT LA CE NE-AM PROPUS NOI !<\/span><\/em><\/p>\n<p><em><span style=\"font-size: small;\">Anun\u0163 c\u0103 o s\u0103 selectez \u201ela s\u00e2nge\u201d tot ce se public\u0103 pe Perete \u015fi s\u0103 nu fie cu sup\u0103rare ! Imagina\u0163i-v\u0103 c\u0103 suntem un Jurnal, la care \u201ese fac propuneri\u201d, din care unele sunt relevante, altele&#8230; NU. <\/span><\/em><\/p>\n<p><em><span style=\"font-size: small;\">Trebuie s\u0103 discut\u0103m pe baza celor publicate la INFORMA\u0162II, VIDEO, <\/span><\/em><em><span style=\"font-size: small;\">FOTO, <\/span><\/em><em><span style=\"font-size: small;\">EVENIMENTE,\u015fi POST\u0102RI. <\/span><\/em><\/p>\n<p><em><span style=\"font-size: small;\">Trebuie s\u0103 se priceap\u0103 c\u0103 acesta este un grup Facebook, \u201eie\u015fit din comun\u201d.<\/span><\/em><\/p>\n<p><em><span style=\"font-size: small;\">A sosit momentul s\u0103 aprofund\u0103m ce s-a exprimat p\u00e2n\u0103 aici !<\/span><\/em><\/p>\n<p><em><span style=\"font-size: small;\">Este binevenit\u0103 orice interven\u0163ie, cu singura condi\u0163ie de respectare a BUNULUI SIM\u0162.<\/span><\/em><\/p>\n","protected":false},"excerpt":{"rendered":"<p>La cerere, iat\u0103 un rezumat al mesajului video cu acela\u015fi titlu : \u00cen ultimul timp, ne-am ocupat excesiv de Istorie \u015fi cred c\u0103 ar trebui s\u0103 ne amintim de ce suntem aici ! Tot ce era de spus despre str\u0103mo\u015fii no\u015ftri, s-a spus ! Concluzia pe care o tragem referitor la acest argument, este c\u0103 [&hellip;]<\/p>\n","protected":false},"author":2,"featured_media":0,"comment_status":"open","ping_status":"open","sticky":false,"template":"","format":"standard","meta":{"footnotes":""},"categories":[73],"tags":[419,45,561,555,210,70,562,41,556,559,558],"jetpack_featured_media_url":"","_links":{"self":[{"href":"https:\/\/bassdu.mine.bz\/index.php?rest_route=\/wp\/v2\/posts\/1519"}],"collection":[{"href":"https:\/\/bassdu.mine.bz\/index.php?rest_route=\/wp\/v2\/posts"}],"about":[{"href":"https:\/\/bassdu.mine.bz\/index.php?rest_route=\/wp\/v2\/types\/post"}],"author":[{"embeddable":true,"href":"https:\/\/bassdu.mine.bz\/index.php?rest_route=\/wp\/v2\/users\/2"}],"replies":[{"embeddable":true,"href":"https:\/\/bassdu.mine.bz\/index.php?rest_route=%2Fwp%2Fv2%2Fcomments&post=1519"}],"version-history":[{"count":1,"href":"https:\/\/bassdu.mine.bz\/index.php?rest_route=\/wp\/v2\/posts\/1519\/revisions"}],"predecessor-version":[{"id":1520,"href":"https:\/\/bassdu.mine.bz\/index.php?rest_route=\/wp\/v2\/posts\/1519\/revisions\/1520"}],"wp:attachment":[{"href":"https:\/\/bassdu.mine.bz\/index.php?rest_route=%2Fwp%2Fv2%2Fmedia&parent=1519"}],"wp:term":[{"taxonomy":"category","embeddable":true,"href":"https:\/\/bassdu.mine.bz\/index.php?rest_route=%2Fwp%2Fv2%2Fcategories&post=1519"},{"taxonomy":"post_tag","embeddable":true,"href":"https:\/\/bassdu.mine.bz\/index.php?rest_route=%2Fwp%2Fv2%2Ftags&post=1519"}],"curies":[{"name":"wp","href":"https:\/\/api.w.org\/{rel}","templated":true}]}}