{"id":1521,"date":"2011-02-20T10:42:36","date_gmt":"2011-02-20T09:42:36","guid":{"rendered":"http:\/\/bassdu.mine.nu\/?p=1521"},"modified":"2011-02-20T10:45:58","modified_gmt":"2011-02-20T09:45:58","slug":"%e2%80%9eculoarea-politica%e2%80%9d-a-miscarii-dacia","status":"publish","type":"post","link":"https:\/\/bassdu.mine.bz\/?p=1521","title":{"rendered":"\u201eCuloarea politic\u0103\u201d a Mi\u015fc\u0103rii DACIA"},"content":{"rendered":"<p><!-- p { margin-bottom: 0.21cm; } --><em><span style=\"font-size: medium;\"><strong> <\/strong><\/span><\/em><\/p>\n<p><em><span style=\"font-size: small;\">Dup\u0103 cum am mai specificat, <\/span><\/em><em><span style=\"font-size: small;\"><strong>\u201eMi\u015fcarea DACIA\u201d nu are \u201eculoare politic\u0103\u201d<\/strong><\/span><\/em><em><span style=\"font-size: small;\"> \u00een accep\u0163iunea actual\u0103 a cuv\u00e2ntului, fiind o mi\u015fcare politic\u0103 ce-\u015fi propune (paradoxal!) <\/span><\/em><em><span style=\"font-size: small;\"><strong>desfiin\u0163area Sistemului Partidic<\/strong><\/span><\/em><em><span style=\"font-size: small;\">, ca prim Obiectiv. Bine\u00een\u0163eles c\u0103 nu o vom face prin metode dictatoriale, ci prin<\/span><\/em><em><span style=\"font-size: small;\"><strong> DELEGITIMARE.<\/strong><\/span><\/em><\/p>\n<p><em><span style=\"font-size: small;\">Vom demonstra <\/span><\/em><em><span style=\"font-size: small;\"><strong>Opiniei Publice<\/strong><\/span><\/em><em><span style=\"font-size: small;\"> c\u0103 DIVIZIUNEA cultivat\u0103 de actualul <\/span><\/em><em><span style=\"font-size: small;\"><strong>Sistem<\/strong><\/span><\/em><em><span style=\"font-size: small;\">, nu numai c\u0103 este neproductiv\u0103, <\/span><\/em><em><span style=\"font-size: small;\">ci<\/span><\/em><em><span style=\"font-size: small;\"> chiar d\u0103un\u0103toare ! Asist\u0103m la o <\/span><\/em><em><span style=\"font-size: small;\"><strong>\u201eceart\u0103\u201d<\/strong><\/span><\/em><em><span style=\"font-size: small;\"> perpetu\u0103, bazat\u0103 \u00een aparen\u0163\u0103 pe diverse ideologii, <\/span><\/em><em><span style=\"font-size: small;\"><strong>\u201em\u0103rul discordiei\u201d <\/strong><\/span><\/em><em><span style=\"font-size: small;\">fiind de fapt&#8230; <\/span><\/em><em><span style=\"font-size: small;\"><strong>PUTERE<\/strong><\/span><\/em><em><span style=\"font-size: small;\"><strong>A<\/strong><\/span><\/em><em><span style=\"font-size: small;\"> !<\/span><\/em><\/p>\n<p><em><span style=\"font-size: small;\">Noi vrem s\u0103 introducem conceptul de LUPT\u0102 DEASUPRA P\u0102R\u0162ILOR, dar nu pentru PUTERE, ci pentru <\/span><\/em><em><span style=\"font-size: small;\"><strong>BINELE COMUN<\/strong><\/span><\/em><em><span style=\"font-size: small;\"> ! Aceast\u0103 \u201elupt\u0103\u201d nu are nevoie de CONFRUNTARE, ci de <\/span><\/em><em><span style=\"font-size: small;\"><strong>DIALOG,<\/strong><\/span><\/em><em><span style=\"font-size: small;\"> moderat de &#8230; COMPETEN\u0162E, cu <\/span><\/em><em><span style=\"font-size: small;\">concretiz\u0103ri<\/span><\/em><em><span style=\"font-size: small;\"> <\/span><\/em><em><span style=\"font-size: small;\">\u00een<\/span><\/em><em><span style=\"font-size: small;\">&#8230; ADMINISTRA<\/span><\/em><em><span style=\"font-size: small;\">\u0162IE<\/span><\/em><em><span style=\"font-size: small;\">. <\/span><\/em><\/p>\n<p><em><span style=\"font-size: small;\">Pe scurt, orice <\/span><\/em><em><span style=\"font-size: small;\"><strong>CONFLICT<\/strong><\/span><\/em><em><span style=\"font-size: small;\"> <\/span><\/em><em><span style=\"font-size: small;\">poate fi \u201estins\u201d prin <\/span><\/em><em><span style=\"font-size: small;\"><strong>R\u0102ZBOI<\/strong><\/span><\/em><em><span style=\"font-size: small;\">, cum se \u00eencearc\u0103 azi, sau prin&#8230; <\/span><\/em><em><span style=\"font-size: small;\"><strong>DIALOG<\/strong><\/span><\/em><em><span style=\"font-size: small;\">, cum propunem noi ! <\/span><\/em><\/p>\n<p><em>\u201e<span style=\"font-size: small;\"><strong>Cine seam\u0103n\u0103 V\u00e2nt, culege Furtun\u0103 !\u201d<\/strong><\/span><\/em><em><span style=\"font-size: small;\"> <\/span><\/em><em><span style=\"font-size: small;\">\u015fi<\/span><\/em><em><span style=\"font-size: small;\"> <\/span><\/em><em><span style=\"font-size: small;\"><strong>\u201eF\u0103 Bine, <\/strong><\/span><\/em><em><span style=\"font-size: small;\"><strong>c\u0103<\/strong><\/span><\/em><em><span style=\"font-size: small;\"><strong> \u0163i se va \u00eentoarce !\u201d<\/strong><\/span><\/em><em><span style=\"font-size: small;\">, sunt dou\u0103 proverbe rom\u00e2ne\u015fti, expresie a inteligen\u0163ei populare, de care noi \u0163inem cont !<\/span><\/em><\/p>\n<p><em><span style=\"font-size: small;\"><strong>Mi\u015fcarea DACIA<\/strong><\/span><\/em><em><span style=\"font-size: small;\"> a fost \u201edefinit\u0103\u201d de c\u0103tre mul\u0163i \u201esuperficiali\u201d ca : legionar\u0103, comunist\u0103, fascist\u0103, masonic\u0103, na\u0163ionalist \u2013<\/span><\/em><em><span style=\"font-size: small;\"> \u015fovin\u0103, <\/span><\/em><em><span style=\"font-size: small;\">, <\/span><\/em><em><span style=\"font-size: small;\">sionist\u0103, <\/span><\/em><em><span style=\"font-size: small;\">cre\u015ftin\u0103, dacist\u0103, protocronist\u0103, PD-L-ist\u0103, PSD-ist\u0103, globalist\u0103, etc., noi ne\u00eencadr\u00e2ndu-ne \u00een&#8230; NICIUNA <\/span><\/em><em><span style=\"font-size: small;\">din aceste categorii<\/span><\/em><em><span style=\"font-size: small;\">!!!<\/span><\/em><\/p>\n<p><em><span style=\"font-size: small;\">Este adev\u0103rat c\u0103 <\/span><\/em><em><span style=\"font-size: small;\"><strong>\u201eMi\u015fcarea DACIA\u201d<\/strong><\/span><\/em><em><span style=\"font-size: small;\"> se declar\u0103 na\u0163ionalist\u0103, dar nu ne propunem s\u0103 \u00eengr\u0103dim drepturile minorit\u0103\u0163ilor, ci s\u0103 <\/span><\/em><em><span style=\"font-size: small;\"><strong>promov\u0103m <\/strong><\/span><\/em><em><span style=\"font-size: small;\"><strong>PROPRIA <\/strong><\/span><\/em><em><span style=\"font-size: small;\"><strong>Identitate Na\u0163ional\u0103, <\/strong><\/span><\/em><em><span style=\"font-size: small;\">ceea ce nu mi se pare o concep\u0163ie&#8230; EXTREMIST\u0102.<\/span><\/em><em><span style=\"font-size: small;\">. Noi nu ne consider\u0103m \u201edeasupra\u201d nim\u0103nui. Nu vrem s\u0103 acord\u0103m minorit\u0103\u0163ilor noastre, \u201edrepturile\u201d rom\u00e2nilor din alte \u0163\u0103ri vecine, deoarece acestea NU AU NICIUN DREPT ! Noi dorim pentru ace\u015ftia, drepturile minorit\u0103\u0163ilor de la noi ! <\/span><\/em><em><span style=\"font-size: small;\">Noi combatem extremismul tuturor na\u0163ionali\u015ftilor, at\u00e2t ai altora, c\u00e2t \u015fi alor no\u015ftri ! Noi nu contempl\u0103m trecutul legionar sau fascist \u015fi consider\u0103m c\u0103 astfel de abord\u0103ri, d\u0103uneaz\u0103 unui <\/span><\/em><em><span style=\"font-size: small;\"><strong>NA\u0162IONALISM S\u0102N\u0102TOS !<\/strong><\/span><\/em><em><span style=\"font-size: small;\"> Noi nu credem c\u0103 cineva este mai bun ca altul, deoarece apar\u0163ine unei CATEGORII. Noi \u015ftim c\u0103 sunt legionari buni, dar \u015fi r\u0103i, evrei r\u0103i, dar \u015fi buni, maghiari buni, dar \u015fi r\u0103i, <\/span><\/em><em><span style=\"font-size: small;\">PD-L-i\u015fti r\u0103i, dar \u015fi buni, <\/span><\/em><em><span style=\"font-size: small;\">etc., iar noi ne propunem s\u0103 dialog\u0103m numai cu cei buni !<\/span><\/em><\/p>\n<p><em><span style=\"font-size: small;\">Noi nu putem fi comuni\u015fti, c\u00e2nd \u015fi ast\u0103zi ace\u015ftia mineaz\u0103 Interesul Na\u0163ional, a\u015fa cum au f\u0103cut-o \u201euit\u00e2ndu-i pe cei de un s\u00e2nge cu noi din jur\u201d, ca s\u0103 nu mai vorbim de masacrele comise. Dar dac\u0103 vrem s\u0103 profit\u0103m de aceast\u0103 experien\u0163\u0103, nu trebuie s\u0103 arhiviem, ceea ce de bun au f\u0103cut : Educa\u0163ie \u015fi S\u0103n\u0103tate pentru to\u0163i, o cert\u0103 etic\u0103 a Muncii, atenuarea diferen\u0163elor \u00een repartizarea resurselor, o cert\u0103 independen\u0163\u0103 <\/span><\/em><em><span style=\"font-size: small;\">fa\u0163\u0103 <\/span><\/em><em><span style=\"font-size: small;\">de interese str\u0103ine, etc.<\/span><\/em><\/p>\n<p><em><span style=\"font-size: small;\">Noi nu suntem \u201ede tip masonic\u201d, deoarece \u201erevolu\u0163ia\u201d din 1989 se pare c\u0103 a fost opera unora dintre ei, iar noi nu agreem \u201esecretomania\u201d, fiind noi orienta\u0163i c\u0103tre Transparen\u0163\u0103. Nu trebuie s\u0103 uit\u0103m \u00eens\u0103 c\u0103 existen\u0163a Rom\u00e2niei, se datoreaz\u0103 lor ! <\/span><\/em><\/p>\n<p><em><span style=\"font-size: small;\"><strong>Globali\u015fti nu suntem prin defini\u0163ie<\/strong><\/span><\/em><em><span style=\"font-size: small;\">, chiar dac\u0103 <\/span><\/em><em><span style=\"font-size: small;\"><strong>Zeitgeist<\/strong><\/span><\/em><em><span style=\"font-size: small;\">, unde \u201ene-am aruncat ochii\u201d, are &#8230; unele elemente, <\/span><\/em><em><span style=\"font-size: small;\">datorate originii americane, neposesoare a unui Spirit Na\u0163ional<\/span><\/em><em><span style=\"font-size: small;\">. Banii dorim s\u0103-i facem \u201eelectronici\u201d, nu pentru a instaura un \u201eregim\u201d, ci pentru a t\u0103ia r\u0103d\u0103cina c\u00e2\u015ftigului ilicit \u015fi f\u0103r\u0103 munc\u0103. Nu suntem \u00eempotriva \u201ecipurilor\u201d \u00eentr-o societate ca aceea pe care o proiect\u0103m noi, ci \u00een actuala societate. Nu suntem \u00eempotriva propriet\u0103\u0163ii private, ci dorim tutelarea Interesului Na\u0163ional, care nu poate fi delegat exclusiv privatului, cum ar dori liberist-liberali\u015ftii. <\/span><\/em><em><span style=\"font-size: small;\">Noi nu suntem nici social-democra\u0163i, at\u00e2ta timp c\u00e2t mul\u0163i dintre cei ce se declar\u0103 astfel, sunt cauza dezastrului de azi, ba \u015fi-au \u00eensu\u015fit \u015fi partea din Avu\u0163ia Na\u0163ional\u0103 pe care nu au d\u0103ruit-o Intereselor Str\u0103ine. \u00cen ceea ce prive\u015fte problema evreiasc\u0103, adus\u0103 des \u00een discu\u0163ie de na\u0163ionali\u015fti-\u015fovini autohtoni, noi facem diferen\u0163a \u00eentre cei ce fac cinste acestui popor \u015fi aceia care practic\u0103 la r\u00e2ndul lor Na\u0163ionalismul \u015eovin.<\/span><\/em><\/p>\n<p><em><span style=\"font-size: small;\"><strong>La prima vedere, se pare \u201ec\u0103 ni-i punem pe to\u0163i \u201e\u00een cap\u201d !<\/strong><\/span><\/em><\/p>\n<p><em><span style=\"font-size: small;\"><strong>Dar nu o zicem cu inten\u0163ia de a DEZBINA, ci cu aceea de a <\/strong><\/span><\/em><em><span style=\"font-size: small;\"><strong>DESFIIN\u0162A MITURI<\/strong><\/span><\/em><em><span style=\"font-size: small;\"><strong> \u015fi&#8230; <\/strong><\/span><\/em><em><span style=\"font-size: small;\"><strong>UNIFICA !<\/strong><\/span><\/em><\/p>\n<p><em><span style=\"font-size: small;\"><strong>Cine s-a informat bine despre noi, \u015ftie c\u0103 noi lu\u0103m ce-i de BUN SIM\u0162, de la to\u0163i \u015fi elimin\u0103m&#8230; <\/strong><\/span><\/em><em><span style=\"font-size: small;\"><strong>RESTUL !<\/strong><\/span><\/em><\/p>\n<p><em><span style=\"font-size: small;\">Tuturor celor enumera\u0163i, care se consider\u0103 PURI \u015fi deci LEGITIMA\u0162I, le aduc la cuno\u015ftin\u0163\u0103 c\u0103 mul\u0163i legionari au fost c\u0103l\u0103i pentru camarazii lor, a\u015fa cum \u015fi mul\u0163i evrei au fost pentru cei de-un s\u00e2nge cu ei&#8230; \u015fi nu numai. Le mai aduc la cuno\u015ftin\u0163\u0103 c\u0103 masonii sunt \u201eautorii\u201d Rom\u00e2niei de azi \u015fi c\u0103 nu to\u0163i sunt \u201eo ap\u0103 \u015fi un p\u0103m\u00e2nt\u201d (cel pu\u0163in a\u015fa v\u0103d eu). Nu to\u0163i comuni\u015ftii au devenit <\/span><\/em><em><span style=\"font-size: small;\">mari capitali\u015fti, iar cre\u015ftinismul, de\u015fi \u201eneinstitu\u0163ionalizat\u201d, era mai pur acum 22 de ani ! Faptul c\u0103 prezent\u0103m (\u015fi alte) opinii istorice \u015fi lingvistice, se datoreaz\u0103 \u201eneprofesionalit\u0103\u0163ii\u201d celor <\/span><\/em><em><span style=\"font-size: small;\">\u201ecertifica\u0163i\u201d<\/span><\/em><em><span style=\"font-size: small;\">,  pe care vrem s\u0103-i \u201estimul\u0103m\u201d ! Cine<\/span><\/em><em><span style=\"font-size: small;\"> a urm\u0103rit \u201enum\u0103rul\u201d lui Roberto Benigni la San Remo, a remarcat pasiunea marelui actor \u00een rememorarea <\/span><\/em><em><span style=\"font-size: small;\"><strong>ITALIENILOR lui Scipio <\/strong><\/span><\/em><em><span style=\"font-size: small;\"><strong>(???)<\/strong><\/span><\/em><em><span style=\"font-size: small;\">, pe c\u00e2nd atitudini similare ale unor cona\u0163ionali, sunt etichetate ca <\/span><\/em><em><span style=\"font-size: small;\"><strong>DACOMANICE !?<\/strong><\/span><\/em><\/p>\n<p><em><span style=\"font-size: small;\"><strong>S\u0103 fie clar c\u0103 NIMENI NU ESTE P<\/strong><\/span><\/em><em><span style=\"font-size: small;\"><strong>ERFECT<\/strong><\/span><\/em><em><span style=\"font-size: small;\"><strong>, <\/strong><\/span><\/em><em><span style=\"font-size: small;\"><strong>dar asta nu \u00eenseamn\u0103 c\u0103 nu trebuie s\u0103 tindem <\/strong><\/span><\/em><em><span style=\"font-size: small;\"><strong>spre P<\/strong><\/span><\/em><em><span style=\"font-size: small;\"><strong>ERFEC\u0162IUNE<\/strong><\/span><\/em><em><span style=\"font-size: small;\"><strong> <\/strong><\/span><\/em><em><span style=\"font-size: small;\"><strong>!<\/strong><\/span><\/em><\/p>\n<p><em><span style=\"font-size: small;\"><strong>De aceea repet\u0103m c\u0103 Marea Schimbare trebuie s\u0103 \u00eenceap\u0103 cu NOI \u00een\u015fine !<\/strong><\/span><\/em><\/p>\n<p><em><span style=\"font-size: small;\">Faptul c\u0103 mul\u0163i <\/span><\/em><em><span style=\"font-size: small;\">denigreaz\u0103<\/span><\/em><em><span style=\"font-size: small;\"> \u201eUTOPISMUL\u201d nostru, denot\u0103 <\/span><\/em><em><span style=\"font-size: small;\">ascensiunea periculoas\u0103 a<\/span><\/em><em><span style=\"font-size: small;\"> unui MATERIALISM, str\u0103in de SPIRITUALITATE !!!<\/span><\/em><\/p>\n<p><em><span style=\"font-size: small;\"><em>Este posibil s\u0103 ne ghid\u0103m pe <\/em><\/span><\/em><em><span style=\"font-size: small;\"><em><strong>Principii \u015fi Obiective<\/strong><\/em><\/span><\/em><em><span style=\"font-size: small;\"><em> ca ale noastre ?<\/em><\/span><\/em><\/p>\n<p><em><span style=\"font-size: small;\"><em>V\u0103 plac ?<\/em><\/span><\/em><\/p>\n<p><em><span style=\"font-size: small;\"><em>Atunci c<\/em><\/span><\/em><em><span style=\"font-size: small;\"><em>e<\/em><\/span><\/em><em><span style=\"font-size: small;\"><em> v\u0103 \u00eempiedic\u0103, m\u0103car s\u0103 prospecta\u0163i fezabilitatea lor ?<\/em><\/span><\/em><\/p>\n<p><em><span style=\"font-size: small;\"><em><strong>Cine nu este capabil de un astfel de \u201eefort\u201d, nu <\/strong><\/em><\/span><\/em><em><span style=\"font-size: small;\"><em><strong>va pricepe ce vrea<\/strong><\/em><\/span><\/em><em><span style=\"font-size: small;\"><em><strong> \u201eMi\u015fcarea DACIA\u201d !<\/strong><\/em><\/span><\/em><\/p>\n","protected":false},"excerpt":{"rendered":"<p>Dup\u0103 cum am mai specificat, \u201eMi\u015fcarea DACIA\u201d nu are \u201eculoare politic\u0103\u201d \u00een accep\u0163iunea actual\u0103 a cuv\u00e2ntului, fiind o mi\u015fcare politic\u0103 ce-\u015fi propune (paradoxal!) desfiin\u0163area Sistemului Partidic, ca prim Obiectiv. Bine\u00een\u0163eles c\u0103 nu o vom face prin metode dictatoriale, ci prin DELEGITIMARE. Vom demonstra Opiniei Publice c\u0103 DIVIZIUNEA cultivat\u0103 de actualul Sistem, nu numai c\u0103 este [&hellip;]<\/p>\n","protected":false},"author":2,"featured_media":0,"comment_status":"open","ping_status":"open","sticky":false,"template":"","format":"standard","meta":{"footnotes":""},"categories":[73],"tags":[565,45,564,311,568,566,563,151,390,70,295,567],"jetpack_featured_media_url":"","_links":{"self":[{"href":"https:\/\/bassdu.mine.bz\/index.php?rest_route=\/wp\/v2\/posts\/1521"}],"collection":[{"href":"https:\/\/bassdu.mine.bz\/index.php?rest_route=\/wp\/v2\/posts"}],"about":[{"href":"https:\/\/bassdu.mine.bz\/index.php?rest_route=\/wp\/v2\/types\/post"}],"author":[{"embeddable":true,"href":"https:\/\/bassdu.mine.bz\/index.php?rest_route=\/wp\/v2\/users\/2"}],"replies":[{"embeddable":true,"href":"https:\/\/bassdu.mine.bz\/index.php?rest_route=%2Fwp%2Fv2%2Fcomments&post=1521"}],"version-history":[{"count":3,"href":"https:\/\/bassdu.mine.bz\/index.php?rest_route=\/wp\/v2\/posts\/1521\/revisions"}],"predecessor-version":[{"id":1523,"href":"https:\/\/bassdu.mine.bz\/index.php?rest_route=\/wp\/v2\/posts\/1521\/revisions\/1523"}],"wp:attachment":[{"href":"https:\/\/bassdu.mine.bz\/index.php?rest_route=%2Fwp%2Fv2%2Fmedia&parent=1521"}],"wp:term":[{"taxonomy":"category","embeddable":true,"href":"https:\/\/bassdu.mine.bz\/index.php?rest_route=%2Fwp%2Fv2%2Fcategories&post=1521"},{"taxonomy":"post_tag","embeddable":true,"href":"https:\/\/bassdu.mine.bz\/index.php?rest_route=%2Fwp%2Fv2%2Ftags&post=1521"}],"curies":[{"name":"wp","href":"https:\/\/api.w.org\/{rel}","templated":true}]}}