{"id":1529,"date":"2011-02-21T09:37:29","date_gmt":"2011-02-21T08:37:29","guid":{"rendered":"http:\/\/bassdu.mine.nu\/?p=1529"},"modified":"2011-02-21T23:33:17","modified_gmt":"2011-02-21T22:33:17","slug":"monarhia-salveaza-romania","status":"publish","type":"post","link":"https:\/\/bassdu.mine.bz\/?p=1529","title":{"rendered":"Monarhia salveaz\u0103 Rom\u00e2nia ???"},"content":{"rendered":"<p><!-- p { margin-bottom: 0.21cm; } --><em><span style=\"font-size: medium;\">Voci tot mai insistente, cer reinstaurarea Monarhiei \u00een Rom\u00e2nia. Iat\u0103 p\u0103rerea mea :<\/span><\/em><\/p>\n<p><em><span style=\"font-size: medium;\">Continu\u0103 \u201eorbec\u0103iala\u201d \u00een c\u0103utarea unui Lider, \u00een speran\u0163a c\u0103 acesta ne poate scoate din rahat, f\u0103r\u0103 a se pricepe c\u0103 nu liderii hot\u0103r\u0103sc soarta unei na\u0163ii, ci &#8230; SISTEMUL !<\/span><\/em><\/p>\n<p><em><span style=\"font-size: medium;\">Adic\u0103 ce poate face \u00een plus un Rege ?  Pu\u0163inele monarhii r\u0103mase numai cu numele \u00een Europa, arat\u0103 c\u0103 nu incid cu NIMIC, \u00een destinul popoarelor respective, fiind numai ni\u015fte \u201ep\u0103pu\u015fele\u201d manevrate de SISTEM, cu inten\u0163ia de a diviza Opinia Public\u0103, dup\u0103 principiul \u201eDezbin\u0103 \u015fi St\u0103p\u00e2ne\u015fte\u201d. <\/span><\/em><\/p>\n<p><em><span style=\"font-size: medium;\">Ce ar aduce nou Monarhia \u00een Rom\u00e2nia ? <\/span><\/em><\/p>\n<p><em><span style=\"font-size: medium;\">Ne-ar umple telejurnalele cu galele lor, de parc\u0103 nu ne-ar fi suficiente \u201ep\u0103pu\u015felele\u201d PD-L-iste, PNL-iste, PSD-iste, etc. !<\/span><\/em><\/p>\n<p><em><span style=\"font-size: medium;\">Cine s\u0103 vin\u0103 rege ?  Ramolitul, Duda, sau prin\u0163esele ? Ce \u015ftiu \u0103\u015ftia despre Dezvoltarea Sustenabil\u0103, despre Economie, Agricultur\u0103, Ecologie, Educa\u0163ie, S\u0103n\u0103tate, Politic\u0103, Istoria Neamului, etc. ?  Ce CV pot prezenta ?<\/span><\/em><\/p>\n<p><em><span style=\"font-size: medium;\">Chiar nu se pricepe c\u0103 SISTEMUL este responsabil de catastrofa actual\u0103 nu numai \u00een Rom\u00e2nia, ci \u00een Lume ?<\/span><\/em><\/p>\n<p><em><span style=\"font-size: medium;\">Eu garantez c\u0103 sunt suficiente 50 de Creiere <\/span><\/em><em><span style=\"font-size: medium;\">rom\u00e2ne\u015fti (inclusiv) <\/span><\/em><em><span style=\"font-size: medium;\">de la Los Alamos \u015fi Silicon Valley, <\/span><\/em><em><span style=\"font-size: medium;\">ca s\u0103 punem Rom\u00e2nia pe calea cea bun\u0103 ! Am zis 50, nu unul !!!<\/span><\/em><\/p>\n<p><em><span style=\"font-size: medium;\">Care Rege \u00eel dori\u0163i : <\/span><\/em><\/p>\n<p><em><span style=\"font-size: medium;\">Acela care a \u00eenl\u0103turat domnitorul p\u0103m\u00e2ntean, ca s\u0103 fac\u0103 pe plac Imperiilor din jur ?<\/span><\/em><\/p>\n<p><em><span style=\"font-size: medium;\">Acela care L-a condamnat la moarte pe EMINESCU ?<br \/>\n<\/span><\/em><\/p>\n<p><em><span style=\"font-size: medium;\">Acela care a topit Pl\u0103cu\u0163ele de la Sinaia, ca s\u0103-\u015fi fac\u0103 Pele\u015ful, c\u0103 nu avea condi\u0163ii bune la M\u00e2n\u0103stire, arunc\u00e2nd \u00een \u00eentuneric Istoria Neamului  ?<\/span><\/em><\/p>\n<p><em><span style=\"font-size: medium;\">Acela care l-a mazilit pe Nicolaie Titulescu, adev\u0103ratul \u201eautor\u201d al Rom\u00e2niei interbelice, destr\u0103m\u00e2nd astfel sistemul de alian\u0163e \u015fi tratate, care nu ar fi permis Marea Tragedie a Na\u0163iei ?<\/span><\/em><\/p>\n<p><em><span style=\"font-size: medium;\">Acela care a instaurat Dictatura, sau acela care a ordonat asasinate politice (vezi Codreanu) ?<\/span><\/em><\/p>\n<p><em><span style=\"font-size: medium;\">Acela care a deposedat Mo\u015fnenii de p\u0103durile str\u0103mo\u015fe\u015fti, ca s\u0103 le dea cadou boierimii de extrac\u0163ie fanariot\u0103 ?<\/span><\/em><\/p>\n<p><em><span style=\"font-size: medium;\">A\u015f putea s\u0103 continui, dar cred c\u0103 este suficient ! <\/span><\/em><\/p>\n<p><em><span style=\"font-size: medium;\">\u0162ara nu are nevoie de Lideri, ci de o clas\u0103 conduc\u0103toare expresie a unei \u201ealegeri de jos \u00een sus\u201d \u015fi a desemn\u0103rii <\/span><\/em><em><span style=\"font-size: medium;\">ei <\/span><\/em><em><span style=\"font-size: medium;\">pe criterii STRICT de COMPETEN\u0162\u0102 \u015fi RESPONSABILITATE, deoarece DEMOCRA\u0162IA unanim acceptat\u0103 azi, produce inclusiv \u00een Italia, o clas\u0103 politic\u0103 de DELINCVEN\u0162I,\u00a0 fiind noi to\u0163i\u00a0 \u201econstr\u00e2n\u015fi\u201d, s\u0103 intr\u0103m \u00een majoritatea constituit\u0103 din&#8230; DELINCVEN\u0162I.<\/span><\/em><\/p>\n<p><em><span style=\"font-size: medium;\">DEMOCRA\u0162IA  a fost instaurat\u0103 cu succes \u00een Rom\u00e2nia \u015fi Aiurea, majoritatea \u201emanelist\u0103\u201d impun\u00e2nd demni \u015fi proprii reprezentan\u0163i !!!<\/span><\/em><\/p>\n<p><em><span style=\"font-size: medium;\">P\u00e2n\u0103 c\u00e2nd nu va dispare \u201em\u0103c\u0103iala partidic\u0103\u201d, cu rol de deviere a aten\u0163iei publice de la adev\u0103ratele probleme ale omenirii, nu vom face \u201e saltul \u00eenainte\u201d !<\/span><\/em><\/p>\n","protected":false},"excerpt":{"rendered":"<p>Voci tot mai insistente, cer reinstaurarea Monarhiei \u00een Rom\u00e2nia. Iat\u0103 p\u0103rerea mea : Continu\u0103 \u201eorbec\u0103iala\u201d \u00een c\u0103utarea unui Lider, \u00een speran\u0163a c\u0103 acesta ne poate scoate din rahat, f\u0103r\u0103 a se pricepe c\u0103 nu liderii hot\u0103r\u0103sc soarta unei na\u0163ii, ci &#8230; SISTEMUL ! Adic\u0103 ce poate face \u00een plus un Rege ? Pu\u0163inele monarhii r\u0103mase [&hellip;]<\/p>\n","protected":false},"author":2,"featured_media":0,"comment_status":"open","ping_status":"open","sticky":false,"template":"","format":"standard","meta":{"footnotes":""},"categories":[73],"tags":[263,209,575,210,573,574,70,264,41,457],"jetpack_featured_media_url":"","_links":{"self":[{"href":"https:\/\/bassdu.mine.bz\/index.php?rest_route=\/wp\/v2\/posts\/1529"}],"collection":[{"href":"https:\/\/bassdu.mine.bz\/index.php?rest_route=\/wp\/v2\/posts"}],"about":[{"href":"https:\/\/bassdu.mine.bz\/index.php?rest_route=\/wp\/v2\/types\/post"}],"author":[{"embeddable":true,"href":"https:\/\/bassdu.mine.bz\/index.php?rest_route=\/wp\/v2\/users\/2"}],"replies":[{"embeddable":true,"href":"https:\/\/bassdu.mine.bz\/index.php?rest_route=%2Fwp%2Fv2%2Fcomments&post=1529"}],"version-history":[{"count":3,"href":"https:\/\/bassdu.mine.bz\/index.php?rest_route=\/wp\/v2\/posts\/1529\/revisions"}],"predecessor-version":[{"id":1535,"href":"https:\/\/bassdu.mine.bz\/index.php?rest_route=\/wp\/v2\/posts\/1529\/revisions\/1535"}],"wp:attachment":[{"href":"https:\/\/bassdu.mine.bz\/index.php?rest_route=%2Fwp%2Fv2%2Fmedia&parent=1529"}],"wp:term":[{"taxonomy":"category","embeddable":true,"href":"https:\/\/bassdu.mine.bz\/index.php?rest_route=%2Fwp%2Fv2%2Fcategories&post=1529"},{"taxonomy":"post_tag","embeddable":true,"href":"https:\/\/bassdu.mine.bz\/index.php?rest_route=%2Fwp%2Fv2%2Ftags&post=1529"}],"curies":[{"name":"wp","href":"https:\/\/api.w.org\/{rel}","templated":true}]}}