{"id":1531,"date":"2011-02-21T23:16:24","date_gmt":"2011-02-21T22:16:24","guid":{"rendered":"http:\/\/bassdu.mine.nu\/?p=1531"},"modified":"2011-02-22T09:21:04","modified_gmt":"2011-02-22T08:21:04","slug":"intelectualii","status":"publish","type":"post","link":"https:\/\/bassdu.mine.bz\/?p=1531","title":{"rendered":"Intelectualii"},"content":{"rendered":"<p><!-- #toc, .toc, .mw-warning { border: 1px solid rgb(170, 170, 170); background-color: rgb(249, 249, 249); padding: 5px; font-size: 95%; }#toc h2, .toc h2 { display: inline; border: medium none; padding: 0pt; font-size: 100%; font-weight: bold; }#toc #toctitle, .toc #toctitle, #toc .toctitle, .toc .toctitle { text-align: center; }#toc ul, .toc ul { list-style-type: none; list-style-image: none; margin-left: 0pt; padding-left: 0pt; text-align: left; }#toc ul ul, .toc ul ul { margin: 0pt 0pt 0pt 2em; }#toc .toctoggle, .toc .toctoggle { font-size: 94%; }body { font-family: 'DejaVu'; color: rgb(0, 0, 0); widows: 2; font-style: normal; text-indent: 0in; font-weight: normal; text-align: left; font-variant: normal; text-decoration: none; font-size: 12pt; }table {  }td { border-collapse: collapse; text-align: left; vertical-align: top; }p, h1, h2, h3, li { color: rgb(0, 0, 0); font-family: 'DejaVu'; font-size: 12pt; text-align: left; } --><\/p>\n<div>\n<p>Tocmai am urm\u0103rit filmul \u201eThe King of Comunism \u2013 Nicolae Ceau\u015fescu\u201d aici :<\/p>\n<p dir=\"ltr\"><a href=\"http:\/\/www.youtube.com\/watch?v=hESecb-qvMM\"><object classid=\"clsid:d27cdb6e-ae6d-11cf-96b8-444553540000\" width=\"429\" height=\"354\" codebase=\"http:\/\/download.macromedia.com\/pub\/shockwave\/cabs\/flash\/swflash.cab#version=6,0,40,0\"><param name=\"src\" value=\"http:\/\/www.youtube.com\/v\/hESecb-qvMM\" \/><\/object><br \/>\n<\/a><\/p>\n<p dir=\"ltr\">Iat\u0103 c\u00e2teva considera\u0163ii :<\/p>\n<p dir=\"ltr\">&#8211; <strong>O parte a Nomenclaturii<\/strong>, care s-a perpetuat \u015fi dup\u0103 eliminarea acestuia, continu\u0103 s\u0103 afirme c\u0103 poporul sus\u0163inea Regimul, demonstr\u00e2nd \u00eenc\u0103 o dat\u0103, c\u0103 habar nu aveau \u201epe ce lume tr\u0103iau\u201d. Eu pot s\u0103 depun m\u0103rturie c\u0103 orice om <strong>CU BUN SIM\u0162<\/strong> al Rom\u00e2niei comuniste, era con\u015ftient de <strong>FARSA<\/strong>, ce ne era prezentat\u0103 drept&#8230; <strong>CONSENS.<\/strong><\/p>\n<p dir=\"ltr\">&#8211;<strong> O parte a intelectualilor<\/strong> \u015fi anume aceia<strong> \u201ecare aveau un os de ros\u201d<\/strong>, sunt la fel de vinova\u0163i \u00een men\u0163inerea <strong>Dictaturii<\/strong>, ca \u015fi nomenclaturi\u015ftii. Nici ast\u0103zi, situa\u0163ia nu s-a schimbat ! Scuza este \u015fi azi : <strong>\u201eeu nu fac politic\u0103\u201d<\/strong>, f\u0103r\u0103 a se pricepe c\u0103 \u015fi acesta este un mod de a face politic\u0103 \u015fi \u00eenc\u0103 din <em>cele mai periculoase<\/em>.<\/p>\n<p dir=\"ltr\">&#8211; <strong>\u015ei atunci ca \u015fi acum<\/strong>, cei ce trebuie s\u0103<strong> \u201epl\u0103teasc\u0103 nota de plat\u0103\u201d,<\/strong> sunt <strong>cei mul\u0163i<\/strong>, care nu sunt <strong>\u201etutela\u0163i\u201d<\/strong> de aceia, ce sunt capabili s\u0103 priceap\u0103 c\u00e2nd se pune \u00een scen\u0103 o FARS\u0102, adic\u0103 aceia\u015fi INTELECTUALI.<br \/>\nTrag un<strong> semnal de alarm\u0103<\/strong> \u00een \u201evagonul intelectualilor\u201d \u015fi \u00eei rog s\u0103-\u015fi imagineze un <strong>film ce va apare peste c\u00e2\u0163iva ani<\/strong> \u015fi care-i va avea ca protagoni\u015fti, DIN NOU, TOT PE EI !<br \/>\nSunte\u0163i<strong> p\u0103tura social\u0103 cu responsabilit\u0103\u0163i majore<\/strong> \u015fi de aceea trebuie s\u0103 \u00eenceta\u0163i s\u0103<strong> \u201epleca\u0163i\u201d<\/strong>, s\u0103 nu <strong>\u201evede\u0163i\u201d<\/strong>, s\u0103 nu <strong>\u201eauzi\u0163i\u201d<\/strong> \u015fi mai ales, &#8230; s\u0103 nu <strong>\u201eVORBI\u0162I\u201d<\/strong>, deoarece<strong> \u201edata viitoare\u201d<\/strong> s-ar putea s\u0103 fi\u0163i<strong> \u201ejudeca\u0163i\u201d<\/strong>, \u00een contextul unei<strong> REALE revolu\u0163ii<\/strong> \u015fi nu ve\u0163i mai avea &#8230;<strong> SCUZE<\/strong> !<\/p>\n<\/div>\n","protected":false},"excerpt":{"rendered":"<p>Tocmai am urm\u0103rit filmul \u201eThe King of Comunism \u2013 Nicolae Ceau\u015fescu\u201d aici : Iat\u0103 c\u00e2teva considera\u0163ii : &#8211; O parte a Nomenclaturii, care s-a perpetuat \u015fi dup\u0103 eliminarea acestuia, continu\u0103 s\u0103 afirme c\u0103 poporul sus\u0163inea Regimul, demonstr\u00e2nd \u00eenc\u0103 o dat\u0103, c\u0103 habar nu aveau \u201epe ce lume tr\u0103iau\u201d. Eu pot s\u0103 depun m\u0103rturie c\u0103 orice [&hellip;]<\/p>\n","protected":false},"author":2,"featured_media":0,"comment_status":"open","ping_status":"open","sticky":false,"template":"","format":"standard","meta":{"footnotes":""},"categories":[73],"tags":[577,575,413,210,576,70,264],"jetpack_featured_media_url":"","_links":{"self":[{"href":"https:\/\/bassdu.mine.bz\/index.php?rest_route=\/wp\/v2\/posts\/1531"}],"collection":[{"href":"https:\/\/bassdu.mine.bz\/index.php?rest_route=\/wp\/v2\/posts"}],"about":[{"href":"https:\/\/bassdu.mine.bz\/index.php?rest_route=\/wp\/v2\/types\/post"}],"author":[{"embeddable":true,"href":"https:\/\/bassdu.mine.bz\/index.php?rest_route=\/wp\/v2\/users\/2"}],"replies":[{"embeddable":true,"href":"https:\/\/bassdu.mine.bz\/index.php?rest_route=%2Fwp%2Fv2%2Fcomments&post=1531"}],"version-history":[{"count":4,"href":"https:\/\/bassdu.mine.bz\/index.php?rest_route=\/wp\/v2\/posts\/1531\/revisions"}],"predecessor-version":[{"id":1537,"href":"https:\/\/bassdu.mine.bz\/index.php?rest_route=\/wp\/v2\/posts\/1531\/revisions\/1537"}],"wp:attachment":[{"href":"https:\/\/bassdu.mine.bz\/index.php?rest_route=%2Fwp%2Fv2%2Fmedia&parent=1531"}],"wp:term":[{"taxonomy":"category","embeddable":true,"href":"https:\/\/bassdu.mine.bz\/index.php?rest_route=%2Fwp%2Fv2%2Fcategories&post=1531"},{"taxonomy":"post_tag","embeddable":true,"href":"https:\/\/bassdu.mine.bz\/index.php?rest_route=%2Fwp%2Fv2%2Ftags&post=1531"}],"curies":[{"name":"wp","href":"https:\/\/api.w.org\/{rel}","templated":true}]}}