{"id":1559,"date":"2011-03-03T23:52:03","date_gmt":"2011-03-03T22:52:03","guid":{"rendered":"http:\/\/bassdu.mine.nu\/?p=1559"},"modified":"2011-03-06T23:26:54","modified_gmt":"2011-03-06T22:26:54","slug":"o-noua-viziune","status":"publish","type":"post","link":"https:\/\/bassdu.mine.bz\/?p=1559","title":{"rendered":"O nou\u0103 viziune"},"content":{"rendered":"<p>O s\u0103 fiu mai explicit, \u00een leg\u0103tur\u0103 cu NOUA VIZIUNE ce se propune la \u201eMi\u015fcarea DACIA\u201d.<\/p>\n<p>Cine a avut interesul \u015fi r\u0103bdarea s\u0103 urm\u0103reasc\u0103 tot ce s-a spus \u015fi scris p\u00e2n\u0103 acum, nu putea s\u0103 nu se &#8230; \u201eminuneze\u201d.<\/p>\n<p>Am  propus o nou\u0103 viziune asupra ISTORIEI \u015fi LINGVISTICII \u015fi imediat \u201eau  s\u0103rit ca ar\u015fi\u201d, mul\u0163i COMPETEN\u0162I ap\u0103r\u0103tori a \u201eceea ce se cunoa\u015fte\u201d.<\/p>\n<p>Am  propus un NOU MODEL SOCIAL, ECONOMIC \u015eI POLITIC \u015fi s-a \u00eent\u00e2mplat  acela\u015fi lucru \u00een r\u00e2ndul COMPETEN\u0162ELOR din domeniile respective.<\/p>\n<p>Culmea, este c\u0103 eu mi-am propus s\u0103 implic \u00een Proiectul DACIA, tocmai&#8230; COMPETEN\u0162ELE !<\/p>\n<p>Pare totul \u201eDEMOLAT\u201d, deoarece MOTORUL nu exist\u0103 \u015fi f\u0103r\u0103 acesta, CAROSERIA nu se mi\u015fc\u0103 !<\/p>\n<p>Cu toate astea, eu nu o s\u0103 abandonez !<\/p>\n<p>O s\u0103 \u00eencerc s\u0103 m\u0103 explic mai bine, \u00een speran\u0163a c\u0103 TIMPUL \u00eemi va da dreptate.<\/p>\n<p>S\u0103  fie clar, c\u0103 eu CRED\u00a0 \u00een ceea ce spun \u015fi nu prezint un MODEL creat  special pentru a dob\u00e2ndi PUTEREA, care nu m\u0103 intereseaz\u0103. Experien\u0163a mea  de-o via\u0163\u0103 \u015fi input-ul m-au condus AICI \u015fi sunt convins c\u0103 poate  reprezenta un PUNCT DE PLECARE, pentru ORDONAREA HAOSULUI \u00een care ne  sc\u0103ld\u0103m !<\/p>\n<p>Acest HAOS este rezultatul unei BABILONIZ\u0102RI \u00een care am  pierdut ESEN\u0162A SPIRITUAL\u0102 INI\u0162IAL\u0102, \u00een favoarea unui MATERIALISM aflat  \u00een CONTRAST cu natura divin\u0103 a OMULUI. Nu cred s\u0103 existe un DOMENIU  nehaotizat !<\/p>\n<p>Ni se spune c\u0103 anticii studiau astrele, iar p\u00e2n\u0103 de cur\u00e2nd erau ar\u015fi pe rug, cei ce comb\u0103teau Geocentrismul.<\/p>\n<p>Ni se spune c\u0103 \u201edacii erau ni\u015fte s\u0103lbatici\u201d, dar g\u0103sim opere de art\u0103 milenare.<\/p>\n<p>Ni  se spune c\u0103 Popoare \u015fi Limbi au disp\u0103rut, c\u00e2nd SE \u015eTIE c\u0103 \u201e\u00cen Natur\u0103  nimic nu se pierde \u015fi nu se creeaz\u0103, ci totul se transform\u0103\u201d.<\/p>\n<p>Ni se spune c\u0103 Religia este ASTA, c\u00e2nd se \u015ftie c\u0103 au fost arse Biblioteci \u015fi Liturghii \u015fi c\u0103 arhetipurile sunt vechi de milenii.<\/p>\n<p>Ni se spune c\u0103 se export\u0103 Democra\u0163ie, c\u00e2nd de fapt se export\u0103 Terorism.<\/p>\n<p>Ni se spune c\u0103 economia nu poate fi dec\u00e2t Capitalist\u0103, c\u00e2nd \u015eTIM c\u0103 este IMORAL\u0102.<\/p>\n<p>Ni  se spune c\u0103 Democra\u0163ia este o VALOARE, de\u015fi \u201ea plecat\u201d din Agora, unde  era ascultat numai acela care \u201eavea ceva de zis\u201d, pe c\u00e2nd azi,  \u201epublicul\u201d nici nu-l mai las\u0103 s\u0103 vorbeasc\u0103 pe Orator, care se refugiaz\u0103  \u00een Butoi, dac\u0103 nu cumva se mul\u0163ume\u015fte cu \u201eFirimituri\u201d !?<\/p>\n<p>Ni se spune c\u0103 Pluripartidismul este \u201egaran\u0163ia\u201d \u015fi ni se propun vangheli, berlusconi, b\u0103se\u015fti, iliesci, etc.<\/p>\n<p>Ni se spune s\u0103 CONSUM\u0102M \u015fi nu mai avem CE.<\/p>\n<p>A\u015f putea continua, dar v\u0103 las libertatea de a completa.<\/p>\n<p>Ceea ce propunem noi, nu este SOLU\u0162IA, ci DIALOGUL PERMANENT, SCHIMB\u00c2ND \u201ePUNCTELE DE VEDERE\u201d.<\/p>\n<p>De aceea Obiectivele noastre \u201eau b\u0103taie lung\u0103\u201d, pentru c\u0103 propunem o SCHIMBARE PERPETU\u0102, ci nu un CONSERVATORISM.<\/p>\n<p>Propunem IDENTIFICAREA CAUZELOR \u015fi ELIMINAREA lor, ci nu COMBATEREA EFECTELOR.<\/p>\n<p>Propunem ADMINISTRAREA PROBLEMELOR, ci nu MANIPULAREA\u00a0 lor.<\/p>\n<p>Noi  oamenii avem creiere ce lucreaz\u0103 par\u0163ial, dar dac\u0103 le punem \u00ceN RE\u0162EA,  putem ajunge la o mare PUTERE DE CALCUL, care poate sta la baza  UPGRAD\u0102RILOR INDIVIDUALE SUCCESIVE.<\/p>\n<p>Cineva a afirmat c\u0103 vrem s\u0103 instaur\u0103m o nou\u0103 Religie.<\/p>\n<p>\u0162in  s\u0103 precizez c\u0103 spre deosebire de Religiile \u201e\u00een circula\u0163ie\u201d, noi nu  producem o Dogm\u0103 \u201eb\u0103tut\u0103 \u00een cuie\u201d, ci propunem CEVA \u201eelastic\u201d, \u00een  permanent\u0103 \u201emi\u015fcare\u201d, raportat la EVOLU\u0162IE, deci \u201ene\u00eencadrabil\u201d \u00een  aceast\u0103 categorie.<\/p>\n<p>To\u0163i Profe\u0163ii au SPUS mari adev\u0103ruri pentru  timpurile lor, care ori \u015fi-au pierdut pe parcurs ESEN\u0162A, prin  transcrieri succesive \u00eenso\u0163ite de interpret\u0103ri \u201ede parte\u201d, ori erau  ancorate \u00een acea realitate, fapt pentru care azi risc\u0103 ANACRONISMUL.<\/p>\n<p>Noi  suntem mi\u015fcare politic\u0103, nu religioas\u0103, de\u015fi interferen\u0163a nu poate fi  negat\u0103. Astfel, c\u00e2nd combatem GLOBALIZAREA, combatem \u015fi INTEGRALISMUL  RELIGIOS, ce exprim\u0103 PRETEN\u0162IA DE UNIVERSALIZARE a unei Dogme.<\/p>\n<p>Noi  nu suntem nici anti-religio\u015fi, pentru c\u0103 avem chestiuni de alt\u0103 natur\u0103  de rezolvat, este drept c\u0103 pe baza unor Principii ajunse p\u00e2n\u0103 la noi \u015fi  prin str\u0103duin\u0163a Bisericii Noastre. Este treaba Clerului administrarea  Dogmei \u015fi Bisericii, noi aten\u0163ion\u0103m\u00a0 doar : \u201efiecare pas\u0103re, pre limba  ei piere !\u201d \u015fi o facem pentru c\u0103 ni-s dragi Tradi\u0163iile \u015fi Obiceiurile  Neamului, chiar dac\u0103 sunt basme, proverbe, zic\u0103tori, etc.<\/p>\n","protected":false},"excerpt":{"rendered":"<p>O s\u0103 fiu mai explicit, \u00een leg\u0103tur\u0103 cu NOUA VIZIUNE ce se propune la \u201eMi\u015fcarea DACIA\u201d. Cine a avut interesul \u015fi r\u0103bdarea s\u0103 urm\u0103reasc\u0103 tot ce s-a spus \u015fi scris p\u00e2n\u0103 acum, nu putea s\u0103 nu se &#8230; \u201eminuneze\u201d. Am propus o nou\u0103 viziune asupra ISTORIEI \u015fi LINGVISTICII \u015fi imediat \u201eau s\u0103rit ca ar\u015fi\u201d, mul\u0163i [&hellip;]<\/p>\n","protected":false},"author":2,"featured_media":0,"comment_status":"open","ping_status":"open","sticky":false,"template":"","format":"standard","meta":{"footnotes":""},"categories":[73],"tags":[572,475,421,409,210,584,429,390,295,313],"jetpack_featured_media_url":"","_links":{"self":[{"href":"https:\/\/bassdu.mine.bz\/index.php?rest_route=\/wp\/v2\/posts\/1559"}],"collection":[{"href":"https:\/\/bassdu.mine.bz\/index.php?rest_route=\/wp\/v2\/posts"}],"about":[{"href":"https:\/\/bassdu.mine.bz\/index.php?rest_route=\/wp\/v2\/types\/post"}],"author":[{"embeddable":true,"href":"https:\/\/bassdu.mine.bz\/index.php?rest_route=\/wp\/v2\/users\/2"}],"replies":[{"embeddable":true,"href":"https:\/\/bassdu.mine.bz\/index.php?rest_route=%2Fwp%2Fv2%2Fcomments&post=1559"}],"version-history":[{"count":3,"href":"https:\/\/bassdu.mine.bz\/index.php?rest_route=\/wp\/v2\/posts\/1559\/revisions"}],"predecessor-version":[{"id":1569,"href":"https:\/\/bassdu.mine.bz\/index.php?rest_route=\/wp\/v2\/posts\/1559\/revisions\/1569"}],"wp:attachment":[{"href":"https:\/\/bassdu.mine.bz\/index.php?rest_route=%2Fwp%2Fv2%2Fmedia&parent=1559"}],"wp:term":[{"taxonomy":"category","embeddable":true,"href":"https:\/\/bassdu.mine.bz\/index.php?rest_route=%2Fwp%2Fv2%2Fcategories&post=1559"},{"taxonomy":"post_tag","embeddable":true,"href":"https:\/\/bassdu.mine.bz\/index.php?rest_route=%2Fwp%2Fv2%2Ftags&post=1559"}],"curies":[{"name":"wp","href":"https:\/\/api.w.org\/{rel}","templated":true}]}}