{"id":1580,"date":"2011-03-13T19:12:36","date_gmt":"2011-03-13T18:12:36","guid":{"rendered":"http:\/\/bassdu.mine.nu\/?p=1580"},"modified":"2014-11-28T23:37:12","modified_gmt":"2014-11-28T22:37:12","slug":"despre-distributism-si-propagatorii-acestuia-din-romania-si-aiurea-partea-a-doua","status":"publish","type":"post","link":"https:\/\/bassdu.mine.bz\/?p=1580","title":{"rendered":"Despre DISTRIBUTISM \u015fi propagatorii acestuia din Rom\u00e2nia \u015fi aiurea (2)"},"content":{"rendered":"<p>Din citatele (1) \u015fi (2), putem deduce c\u0103 <strong>DISTRIBUTISMUL<\/strong> are r\u0103d\u0103cini \u015fi dezvolt\u0103ri \u00een <strong>G\u00e2ndirea Vatican\u0103<\/strong>, majoritatea distributi\u015ftilor fiind de religie <strong>catolic\u0103<\/strong> (cum se noteaz\u0103 \u015fi din teoreticienii cita\u0163i de mine), iar cei ce <em>l-au dezgropat \u015fi practicat<\/em>, au fost <strong>partidele na\u0163ionalist-anarhiste \u015fi fasciste (corporativism).<\/strong><\/p>\n<p>Pe mine m\u0103 sperie c\u00e2nd unul se prezint\u0103 astfel (vezi 5) : <strong>\u201eThomas Storck is the author of Foundations of a Catholic Political Order.\u201d<\/strong><\/p>\n<p>Sau c\u00e2nd unul spune (vezi 6) c\u0103 vrea<strong> s\u0103 subordoneze lumea secular\u0103 Bisericii lui Cristos \u015fi c\u0103 vrea s\u0103 pun\u0103 cruci pe&#8230; B\u0103nci !?!?<\/strong><\/p>\n<p>Sau c\u00e2nd unul, nu vrea s\u0103 ne supun\u0103 unui \u201eordin de sus\u201d (vezi 7), dar preia (sau traduce) <strong>teorii str\u0103ine Spiritului \u015fi Realit\u0103\u0163ilor Rom\u00e2ne\u015fti !<\/strong><\/p>\n<p>Din (3), pricepem c\u0103 sunt unii <strong>\u201ebinevoitori de peste m\u0103ri \u015fi \u0163\u0103ri\u201d<\/strong>, care sugereaz\u0103 o \u00eent\u0103rire a propriet\u0103\u0163ii statale, ca GARAN\u0162IE\u00a0 a INTERESULUI NA\u0162IONAL, dar &#8230; NUMAI PAR\u0162IAL, men\u0163in\u00e2ndu-se aportul privat. <em>P\u0103i dac\u0103 intr\u0103m \u00een joc, de ce s\u0103 nu mergem p\u00e2n\u0103 la cap\u0103t ???<\/em><\/p>\n<p>D-l<strong> John M\u00e9daille<\/strong>, dup\u0103 cum se vede mai sus, scrie pentru rom\u00e2ni \u015fi Rom\u00e2nia, de\u015fi declar\u0103 :<strong>\u201e. Nu cunosc situatia din Rom\u00e2nia, dar \u00een America sistemul actual este nesustenabil \u015fi trebuie schimbat \u00een mod fundamental.\u201d<\/strong><\/p>\n<p>Ei bine, eu refuz s\u0103 amestec Politica \u015fi Economia cu Religia a\u015fa cum am precizat, deoarece <strong>\u201eNegustorii nu au ce c\u0103uta \u00een Templu !\u201d <\/strong>\u015fi <strong>\u201dTrebuie dat Cezarului ce este al Cezarului \u015fi lui Dumnezeu ce este al lui Dumnezeu !\u201d<\/strong>, ca s\u0103 folosesc argumente pe m\u0103sur\u0103.<\/p>\n<p>P\u0103i cum s\u0103 punem <strong>cruci pe B\u0103nci ?<\/strong> S\u0103 ne rug\u0103m <strong>Zeului Ban ???<\/strong> Mai degrab\u0103 trebuiesc luate crucile de pe p\u0103durile str\u0103bune ale mo\u015fnenilor, deoarece<strong> Biserica trebuie s\u0103 fie s\u0103rac\u0103 materialice\u015fte \u015fi bogat\u0103 spiritualice\u015fte !<\/strong> Mai degrab\u0103 trebuiesc <strong>na\u0163ionalizate aceste B\u0103nci<\/strong>, de dat\u0103 ce supravie\u0163uiesc datorit\u0103 contribu\u0163iei Statelor, deci a&#8230; <strong>noastr\u0103<\/strong> !<\/p>\n<p><strong>Nu v\u0103 scandaliza\u0163i, p\u00e2n\u0103 \u015fi Obama a luat \u00een considera\u0163ie aceast\u0103 ipotez\u0103 !<\/strong><\/p>\n<p><strong>Amestecul Politic\u0103-Religie<\/strong> este cultivat de diver\u015fi <strong>tineri<\/strong> f\u0103r\u0103 cuno\u015ftin\u0163e istorice, economice, sociale, politice, dar bine inten\u0163iona\u0163i \u015fi <strong>\u201eperceptori ai multor pericole\u201d<\/strong>, dar care adopt\u0103 <strong>\u201emetode de lupt\u0103 sinuciga\u015f\u0103\u201d<\/strong>, deja experimentate. <strong>Noi vrem s\u0103 le lu\u0103m \u201ev\u0103lul de pe ochi\u201d !<\/strong><\/p>\n<p>D-l Hurduzeu spune :<strong> \u201ePentru a rupe vraja noilor demoni, nu exist\u0103 dec\u00e2t o cale: s\u0103 recre\u0103m o ordine cre\u015ftin\u0103\u201d.<\/strong><\/p>\n<p>Nu domnule Hurduzeu, trebuie s\u0103 creem o <strong>ORDINE UMAN\u0102 A BUNULUI SIM\u0162<\/strong>, deoarece Cre\u015ftinismul este SUB\u00ceN\u0162ELES \u015fi nu trebuie s\u0103-l evoc\u0103m, pentru c\u0103 <strong>\u201er\u0103nim sensibilit\u0103\u0163i diverse\u201d !!!<\/strong><\/p>\n<p>Acesta este una din diferen\u0163ele dintre<strong> \u201eMi\u015fcarea DACIA\u201d \u015fi Distributism<\/strong>, ce-l enerveaz\u0103 probabil pe d-l Hurduzeu <em>(foarte irascibil de altfel<\/em>).<\/p>\n<p><strong>O alt\u0103 problem\u0103<\/strong> pe care am ridicat-o este aceea a <em><strong>PROPRIET\u0102\u0162II<\/strong><\/em>.<\/p>\n<p>De\u015fi se reclam\u0103 o <strong>A TREIA CALE<\/strong>, \u00eentre <strong>Socialism \u015fi Capitalism<\/strong>, de fapt se urm\u0103re\u015fte <em>UN CAPITALISM DIFUZ (vezi Chesterton).<\/em><\/p>\n<p><strong>\u201eC\u00e2nd fiecare are proprietatea sa, fiecare are posibilitatea de a fi un adev\u0103rat \u00eentreprinz\u0103tor \u015fi un adev\u0103rat cet\u0103\u0163ean\u201d<\/strong>&#8211; vezi (4)<\/p>\n<p><em><strong>\u201eChesterton : Troppo capitalismo non significa troppi capitalisti, ma troppo pochi capitalisti&#8221;<\/strong><\/em>-vezi (1)<\/p>\n<p>A doua \u00eentrebare r\u0103mas\u0103 f\u0103r\u0103 r\u0103spuns, se refer\u0103 la aceast\u0103 chestiune.<\/p>\n<p>Am \u00eentrebat care este SOLU\u0162IA propus\u0103 de distributi\u015fti, \u00een actualele condi\u0163ii, c\u00e2nd MAJORITATEA NU ARE CE S\u0102 PUN\u0102 \u00ceN COMUN, nefiind &#8230; PROPRIETARI !?<\/p>\n<p>Noi la <strong>\u201eMi\u015fcarea DACIA\u201d<\/strong> am preconizat o<strong> SCHIMBARE A CONCEPTULUI DE PROPRIETATE<\/strong> \u015fi o <strong>PLAFONARE A C\u00c2\u015eTIGURILOR<\/strong>, tocmai \u00een acest scop !<\/p>\n<p>De asemenea am prev\u0103zut <strong>NA\u0162IONALIZAREA tuturor resurselor naturale<\/strong>, chiar \u015fi a acelora \u00eenstr\u0103inate, deoarece au fost cump\u0103rate cu \u201epetice de h\u00e2rtie\u201d f\u0103r\u0103 nicio valoare. Cineva o s\u0103-mi spun\u0103 c\u0103 nu este posibil, deoarece vor fi <strong>\u201erezisten\u0163e\u201d<\/strong>. Ei bine, c\u00e2nd \u201erezisten\u0163ii\u201d \u00ee\u015fi vor pl\u0103ti <strong>datoriile externe,<\/strong> p\u00e2n\u0103 la ultimul \u201egram de aur\u201d, o s\u0103-i desp\u0103gubim \u015fi noi ! <strong>DACIA apar\u0163ine locuitorilor ei \u00een EXCLUSIVITATE !!!<\/strong> Cu <strong>\u201eexteriorul\u201d<\/strong>, concepem o rela\u0163ie STRICT <strong>reciproc avantajoas\u0103<\/strong> ! \u015ei la urma urmelor, \u201erezisten\u0163ii\u201d vor avea \u00een cur\u00e2nd multe <strong>probleme acas\u0103 la ei<\/strong>, a\u015fa c\u0103 nu ne vor \u201ederaja\u201d ! &#8230; ca \u015fi <strong>teoreticienii<\/strong> lor !<\/p>\n<p><strong>A treia problem\u0103<\/strong> este <strong>REPREZENTANTUL Distributismului<\/strong> \u00een Rom\u00e2nia, care \u00een loc de DEZBATERI se ocup\u0103 cu BAN\u0102RILE.<\/p>\n<p>Singura sa contribu\u0163ie la <strong>\u201eMi\u015fcarea DACIA\u201d<\/strong> s-a rezumat la contestarea procentului de cca. 0.5% din Venitul Na\u0163ional, destinat rom\u00e2nilor din afara \u0163\u0103rii, pe motiv c\u0103 emigran\u0163ii nu \u015fi-au pl\u0103tit studiile universitare \u00een \u0163ar\u0103, de parc\u0103 d\u00e2nsul ar fi f\u0103cut-o. I-am explicat civilizat c\u0103 <strong>Diaspora este cel mai important investitor \u00een Rom\u00e2nia de mul\u0163i ani<\/strong> \u015fi c\u0103 ajutorul este destinat \u00een special <strong>rom\u00e2nilor care nu au plecat de bun\u0103voie din Patrie<\/strong>, ci \u00een urma unor <strong>Tratate<\/strong> \u00eentocmite de<strong> Occidentul \u015fi Orientul ostile nou\u0103<\/strong>. Emigran\u0163ii \u201ede\u00a0 bun\u0103 voie\u201d au totu\u015fi dreptul m\u0103car la <em>un concert folcloric, sau o prezentare de Art\u0103, sau Literatur\u0103 din Patrie,<\/em> pentru a nu uita de unde au plecat ! Aceste \u201eajutoare simbolice\u201d ar fi deci destinate oamenilor de cultur\u0103 \u015fi art\u0103 de acas\u0103 ! Nu \u015ftiu de ce \u00eemi vine \u00een minte <strong>ciutacul<\/strong>, cu al s\u0103u dispre\u0163 pentru Diaspora !?<\/p>\n<p>Personal, am fost caracterizat de acest domn drept <strong>\u201eunul care se plictise\u015fte \u00een Italia \u015fi pierde timpul \u00een fa\u0163a monitorului\u201d<\/strong>. Este probabil s\u0103-mi pierd timpul \u015fi totu\u015fi o fac, pe<strong> IDEILE, TIMPUL \u015fi BANII mei,&#8230; nu ca al\u0163ii !<\/strong><\/p>\n<p>A\u015f putea <strong>\u201es\u0103 r\u0103sucesc pumnalul\u201d<\/strong>, deoarece uneori <strong>\u201esunt \u015farpe de dud\u0103u\u201d<\/strong>, dar nu o fac, sper\u00e2nd c\u0103 &#8230; va trece la alte \u201eabord\u0103ri\u201d.<\/p>\n","protected":false},"excerpt":{"rendered":"<p>Din citatele (1) \u015fi (2), putem deduce c\u0103 DISTRIBUTISMUL are r\u0103d\u0103cini \u015fi dezvolt\u0103ri \u00een G\u00e2ndirea Vatican\u0103, majoritatea distributi\u015ftilor fiind de religie catolic\u0103 (cum se noteaz\u0103 \u015fi din teoreticienii cita\u0163i de mine), iar cei ce l-au dezgropat \u015fi practicat, au fost partidele na\u0163ionalist-anarhiste \u015fi fasciste (corporativism). Pe mine m\u0103 sperie c\u00e2nd unul se prezint\u0103 astfel (vezi [&hellip;]<\/p>\n","protected":false},"author":2,"featured_media":0,"comment_status":"open","ping_status":"open","sticky":false,"template":"","format":"standard","meta":{"footnotes":""},"categories":[1],"tags":[600,593,425,210,599,70,598],"jetpack_featured_media_url":"","_links":{"self":[{"href":"https:\/\/bassdu.mine.bz\/index.php?rest_route=\/wp\/v2\/posts\/1580"}],"collection":[{"href":"https:\/\/bassdu.mine.bz\/index.php?rest_route=\/wp\/v2\/posts"}],"about":[{"href":"https:\/\/bassdu.mine.bz\/index.php?rest_route=\/wp\/v2\/types\/post"}],"author":[{"embeddable":true,"href":"https:\/\/bassdu.mine.bz\/index.php?rest_route=\/wp\/v2\/users\/2"}],"replies":[{"embeddable":true,"href":"https:\/\/bassdu.mine.bz\/index.php?rest_route=%2Fwp%2Fv2%2Fcomments&post=1580"}],"version-history":[{"count":4,"href":"https:\/\/bassdu.mine.bz\/index.php?rest_route=\/wp\/v2\/posts\/1580\/revisions"}],"predecessor-version":[{"id":3727,"href":"https:\/\/bassdu.mine.bz\/index.php?rest_route=\/wp\/v2\/posts\/1580\/revisions\/3727"}],"wp:attachment":[{"href":"https:\/\/bassdu.mine.bz\/index.php?rest_route=%2Fwp%2Fv2%2Fmedia&parent=1580"}],"wp:term":[{"taxonomy":"category","embeddable":true,"href":"https:\/\/bassdu.mine.bz\/index.php?rest_route=%2Fwp%2Fv2%2Fcategories&post=1580"},{"taxonomy":"post_tag","embeddable":true,"href":"https:\/\/bassdu.mine.bz\/index.php?rest_route=%2Fwp%2Fv2%2Ftags&post=1580"}],"curies":[{"name":"wp","href":"https:\/\/api.w.org\/{rel}","templated":true}]}}