{"id":159,"date":"2009-05-15T19:29:29","date_gmt":"2009-05-15T18:29:29","guid":{"rendered":"http:\/\/bassdu.mine.nu\/?p=159"},"modified":"2009-05-16T09:26:02","modified_gmt":"2009-05-16T08:26:02","slug":"romeni-votano-destra-2","status":"publish","type":"post","link":"https:\/\/bassdu.mine.bz\/?p=159","title":{"rendered":"Romeni votano Destra"},"content":{"rendered":"<p class=\"MsoNormal\" style=\"margin: 0cm 0cm 10pt; text-align: center;\" align=\"center\"><strong style=\"mso-bidi-font-weight: normal;\"><span style=\"font-size: 18pt; line-height: 115%;\"><span style=\"font-family: Calibri;\">Perch\u00e9 i romeni votano la Destra<\/span><\/span><\/strong><\/p>\n<p class=\"MsoNormal\" style=\"margin: 0cm 0cm 10pt; text-align: center;\" align=\"center\"><strong style=\"mso-bidi-font-weight: normal;\"><span style=\"font-size: 14pt; line-height: 115%;\"><span style=\"font-family: Calibri;\">In Italia<\/span><\/span><\/strong><\/p>\n<p class=\"MsoNormal\" style=\"margin: 0cm 0cm 10pt; text-align: center;\" align=\"center\"><strong style=\"mso-bidi-font-weight: normal;\"><\/strong><\/p>\n<p class=\"MsoNormal\" style=\"margin: 0cm 0cm 10pt;\"><span style=\"font-size: 12pt; line-height: 115%;\"><span style=\"font-family: Calibri;\">Votare a destra in Romania si pu\u00f2 anche capire, ma votare cos\u00ec anche in Italia \u00e8 proprio incomprensibile per\u00f2 spiegabile.<\/span><\/span><\/p>\n<p class=\"MsoNormal\" style=\"margin: 0cm 0cm 10pt;\"><span style=\"font-size: 12pt; line-height: 115%;\"><span style=\"font-family: Calibri;\"><strong style=\"mso-bidi-font-weight: normal;\">Incomprensibile<\/strong> perch\u00e9 da Destra arrivano i attacchi pi\u00f9 duri contro la comunit\u00e0 romena, che sembra non accorgersi !<span style=\"mso-spacerun: yes;\"> <\/span>Basta leggere i loro giornali, partecipare sui loro Forum e qualsiasi romeno con la testa sulle spalle, capisce subito chi sono e cosa vogliono. Ho detto <strong style=\"mso-bidi-font-weight: normal;\">leggere<\/strong> (!) e allora si capisce che molti non lo fanno, perch\u00e9 occupati a vedere <strong style=\"mso-bidi-font-weight: normal;\">Il Grande Fratello, La Fattoria, oppure il TG 4<\/strong> ( anche se gli altri telegiornali non sono meglio per quello che ci riguarda ). E qui che i nostri connazionali rimangono fregati, perch\u00e9 la <strong style=\"mso-bidi-font-weight: normal;\">scienza della comunicazione<\/strong> \u00e8 in mano alla Destra. La Sinistra ci porta ancora rancore per aver demolito il comunismo, e allora <strong style=\"mso-bidi-font-weight: normal;\">ci danno adosso<\/strong> per far vedere ai fedeli come siamo caduti in basso con l\u2019avvento del Capitalismo ! <\/span><\/span><\/p>\n<p class=\"MsoNormal\" style=\"margin: 0cm 0cm 10pt;\"><span style=\"font-size: 12pt; line-height: 115%;\"><span style=\"font-family: Calibri;\">Cos\u00ec il telegiornale di Rai 3, in mano ai <strong style=\"mso-bidi-font-weight: normal;\">compagni<\/strong>, che a proposito della Romania non aveva un altro argomento, al di fuori dei <strong style=\"mso-bidi-font-weight: normal;\">bambini della strada.<\/strong><\/span><\/span><\/p>\n<p class=\"MsoNormal\" style=\"margin: 0cm 0cm 10pt;\"><span style=\"font-size: 12pt; line-height: 115%;\"><span style=\"font-family: Calibri;\">Non lo so chi \u00e8 lo stratega della sinistra, ma non sbaglia solo verso di noi, ma anche verso i poveri d\u2019Italia, che dovrebbero essere messi nel primo piano delle loro azioni politiche. Io non ho mai sentito un rappresentante del Partito Democratico dire che loro sono rappresentanti dei poveri ( magari perch\u00e9 i loro leaders non lo sono!), invece gli ho visti coprire le spalle a fondamentalisti cattolici, sperando di racimolare qualcosa, non facendo caso che nelle chiese sono molti i preti che <strong style=\"mso-bidi-font-weight: normal;\">remano contro !<span style=\"mso-spacerun: yes;\"> <\/span><\/strong><\/span><\/span><\/p>\n<p class=\"MsoNormal\" style=\"margin: 0cm 0cm 10pt;\"><span style=\"font-size: 12pt; line-height: 115%;\"><span style=\"font-family: Calibri;\">Cos\u00ec facendo, aprono alla destra la porta per governare in eterno !<\/span><\/span><\/p>\n<p class=\"MsoNormal\" style=\"margin: 0cm 0cm 10pt;\"><span style=\"font-size: 12pt; line-height: 115%;\"><span style=\"font-family: Calibri;\">Aprono la strada a una nuova dittatura (&amp;conseguenze), e la colpa non \u00e8 di Berlusconi, ma di politici come Veltroni l\u2019americano, che ancora non se ne \u00e8 accorto che <strong>U.S.A. <\/strong>non rappresentano pi\u00f9 un Modello. Per questo motivo i pochi analisti politici indipendenti, chiamano questo periodo come<span style=\"mso-spacerun: yes;\"> <\/span><strong style=\"mso-bidi-font-weight: normal;\">Veltrusconismo<\/strong>, cui principale caratteristica \u00e8 il Populismo sfrenato; ogni volta specula su problemi che non ci sono, come quello romeno, per distogliere l\u2019attenzione dal crollo del Capitalismo che \u00e8 tuttora in atto. Quando lo Stato regala aiuti a chi gli conviene, il Capitalismo diventa di stato, cio\u00e8 il primo passo verso la Dittatura e verso azioni violente tra Stati ! <\/span><\/span><\/p>\n<p class=\"MsoNormal\" style=\"margin: 0cm 0cm 10pt;\"><span style=\"font-size: 12pt; line-height: 115%;\"><span style=\"font-family: Calibri;\">Di Pietro ha capito di pi\u00f9, e allora e diventato lui (!?) il simbolo del Cambiamento, e sono sicuro che alle elezioni europee &#8220;svaliger\u00e0&#8221;\u00a0il Partito Democratico ! <\/span><\/span><\/p>\n<p class=\"MsoNormal\" style=\"margin: 0cm 0cm 10pt;\"><span style=\"font-size: 12pt; line-height: 115%;\"><span style=\"font-family: Calibri;\">Leggendo fin qui, uno pu\u00f2 dire: ma allora con chi votare ?<\/span><\/span><\/p>\n<p class=\"MsoNormal\" style=\"margin: 0cm 0cm 10pt;\"><span style=\"font-size: 12pt; line-height: 115%;\"><span style=\"font-family: Calibri;\">Io rispondo: votate con chi vi pare; arriverete alo stesso risultato !<\/span><\/span><\/p>\n<p class=\"MsoNormal\" style=\"margin: 0cm 0cm 10pt;\"><span style=\"font-size: 12pt; line-height: 115%;\"><span style=\"font-family: Calibri;\">Non solo il Capitalismo \u00e8 morto, ma anche la Politica, perch\u00e8 convivono !<\/span><\/span><\/p>\n<p class=\"MsoNormal\" style=\"margin: 0cm 0cm 10pt;\"><span style=\"font-size: 12pt; line-height: 115%;\"><span style=\"font-family: Calibri;\">Per quello che in questo momento, in qui non c\u2019\u00e8 differenza tra Destra e Sinistra, noi romeni dobbiamo votare chi offre di pi\u00f9 !!! E per avere peso, dobbiamo metterci d\u2019accordo per <strong style=\"mso-bidi-font-weight: normal;\">andare tutti dalla stessa parte.<\/strong> Se non faremo cos\u00ec, il nostro voto si disperder\u00e0 senza ottenere alcun beneficio. <\/span><\/span><\/p>\n<p class=\"MsoNormal\" style=\"margin: 0cm 0cm 10pt;\"><span style=\"font-size: 12pt; line-height: 115%;\"><span style=\"font-family: Calibri;\">Ho appena letto che a Perugia, Nuc Cristian Robert con l\u2019appoggio di\u00a0Eugen Terteleac<span style=\"mso-spacerun: yes;\"> <\/span>presidente ARI, del prete ortodosso Radu Ionut e della comunit\u00e0 romena, ha deciso di andare DA UNA PARTE e sono convinto che avr\u00e0 successo.<span style=\"mso-spacerun: yes;\"> <\/span>Analogamente possiamo fare tutti noi romeni a livello nazionale, qui in Italia, ma anche in Romania !<\/span><\/span><\/p>\n<p class=\"MsoNormal\" style=\"margin: 0cm 0cm 10pt;\"><span style=\"font-size: 12pt; line-height: 115%;\"><span style=\"font-family: Calibri;\">Solo uniti possiamo contare !<\/span><\/span><\/p>\n","protected":false},"excerpt":{"rendered":"<p>Perch\u00e9 i romeni votano la Destra In Italia Votare a destra in Romania si pu\u00f2 anche capire, ma votare cos\u00ec anche in Italia \u00e8 proprio incomprensibile per\u00f2 spiegabile. Incomprensibile perch\u00e9 da Destra arrivano i attacchi pi\u00f9 duri contro la comunit\u00e0 romena, che sembra non accorgersi ! Basta leggere i loro giornali, partecipare sui loro Forum [&hellip;]<\/p>\n","protected":false},"author":2,"featured_media":0,"comment_status":"open","ping_status":"open","sticky":false,"template":"","format":"standard","meta":{"footnotes":""},"categories":[69],"tags":[74,11,10,76,42,75],"jetpack_featured_media_url":"","_links":{"self":[{"href":"https:\/\/bassdu.mine.bz\/index.php?rest_route=\/wp\/v2\/posts\/159"}],"collection":[{"href":"https:\/\/bassdu.mine.bz\/index.php?rest_route=\/wp\/v2\/posts"}],"about":[{"href":"https:\/\/bassdu.mine.bz\/index.php?rest_route=\/wp\/v2\/types\/post"}],"author":[{"embeddable":true,"href":"https:\/\/bassdu.mine.bz\/index.php?rest_route=\/wp\/v2\/users\/2"}],"replies":[{"embeddable":true,"href":"https:\/\/bassdu.mine.bz\/index.php?rest_route=%2Fwp%2Fv2%2Fcomments&post=159"}],"version-history":[{"count":9,"href":"https:\/\/bassdu.mine.bz\/index.php?rest_route=\/wp\/v2\/posts\/159\/revisions"}],"predecessor-version":[{"id":173,"href":"https:\/\/bassdu.mine.bz\/index.php?rest_route=\/wp\/v2\/posts\/159\/revisions\/173"}],"wp:attachment":[{"href":"https:\/\/bassdu.mine.bz\/index.php?rest_route=%2Fwp%2Fv2%2Fmedia&parent=159"}],"wp:term":[{"taxonomy":"category","embeddable":true,"href":"https:\/\/bassdu.mine.bz\/index.php?rest_route=%2Fwp%2Fv2%2Fcategories&post=159"},{"taxonomy":"post_tag","embeddable":true,"href":"https:\/\/bassdu.mine.bz\/index.php?rest_route=%2Fwp%2Fv2%2Ftags&post=159"}],"curies":[{"name":"wp","href":"https:\/\/api.w.org\/{rel}","templated":true}]}}