{"id":1619,"date":"2011-03-27T19:10:05","date_gmt":"2011-03-27T18:10:05","guid":{"rendered":"http:\/\/bassdu.mine.nu\/?p=1619"},"modified":"2011-03-27T19:10:33","modified_gmt":"2011-03-27T18:10:33","slug":"neo-colonialismul-2","status":"publish","type":"post","link":"https:\/\/bassdu.mine.bz\/?p=1619","title":{"rendered":"NEO-COLONIALISMUL"},"content":{"rendered":"<p>Am urm\u0103rit ieri-noapte (noaptea se difuzeaz\u0103 informa\u0163ii \u201eincomode\u201d !), interviul unui intelectual italian, ce prezenta situa\u0163ia din Sudul Italiei \u00een anii 1970-1980. \u00cen acea perioad\u0103 de av\u00e2nt industrial din Nordul Italiei, 9 milioane de \u201eterroni\u201d (\u0163\u0103rani din sudul Italiei), numi\u0163i a\u015fa (cu dispre\u0163) de \u201epadani\u201d (nordi\u015fti), av\u00e2nd de ales \u00eentre a fi \u201ebriganti\u201d(mafio\u015fi) sau \u201emigranti\u201d, se dezr\u0103d\u0103cineaz\u0103 din Meridione (de la Roma \u00een jos), umpl\u00e2nd suburbiile marilor ora\u015fe din Settentrione, \u00een modalit\u0103\u0163i identice cu ceea ce fac azi anumi\u0163i \u201erom\u00e2ni\u201d (baraccopoli). Cert este c\u0103 acele 9 milioane, reprezentau aproape 50% din popula\u0163ia sudist\u0103 !!! Avantajul Nordului a fost enorm, deoarece \u201eterronii\u201d se mul\u0163umeau cu salarii mizerabile, \u201epreten\u0163iile\u201d lor fiind minore \u00een raport cu \u201eurma\u015fii cel\u0163ilor\u201d nordi\u015fti ! Treptat-treptat, ace\u015ftia s-au integrat c\u00e2t de c\u00e2t, mul\u0163i dintre ei devenind azi&#8230; rasi\u015fti \u015fi xenofobi (???). Bine\u00een\u0163eles c\u0103 odat\u0103 cu ei a sosit \u00een Nord \u015fi &#8230; MAFIA, care azi este chiar mai puternic\u0103 aici, unde \u201ecircul\u0103 banul\u201d.<br \/>\nAcum c\u00e2nd a izbucnit Criza, ce parte a Italiei crede\u0163i c\u0103 este &#8230; \u201ebastonat\u0103\u201d pentru c\u0103 reprezint\u0103 o&#8230; \u201efr\u00e2n\u0103\u201d ? &#8230;bine\u00een\u0163eles c\u0103 Meridione !<br \/>\nEste ceva ce ne duce cu g\u00eendul la zic\u0103toarea : \u201e\u015fi b\u0103tut, \u015fi cu banii lua\u0163i\u201d, deoarece Resursele Materiale \u015fi Umane ale Sudului \u201es-au scurs\u201d spre Nord, \u00eengro\u015f\u00e2nd \u201ebuzunarele padanilor\u201d, iar c\u00e2nd trebuie g\u0103sit un \u201e\u0163ap isp\u0103\u015fitor\u201d, ghici\u0163i unde este colocat !?<br \/>\nScuza MAFIEI este des evocat\u0103 de nordi\u015fti, de\u015fi \u201esediile acesteia\u201d sunt azi tocmai &#8230; la ei acas\u0103 !?<br \/>\nAduc la cuno\u015ftin\u0163\u0103 celor ce nu \u015ftiu, c\u0103 Mussolini dezr\u0103d\u0103cinase MAFIA, care s-a \u201eregenerat\u201d odat\u0103 cu&#8230; Democra\u0163ia adus\u0103 de americani. Deci &#8230; se poate ! Bine\u00een\u0163eles c\u0103 este nevoie de un STAT PREZENT \u00ceN TERITORIU, chiar dac\u0103 nu trebuie s\u0103 se cad\u0103 \u00een&#8230; excese !<br \/>\nPentru mul\u0163i ani, \u201esperietoarea\u201d folosit\u0103 de politicieni pentru a-\u015fi men\u0163ine fotoliile, au fost tocmai&#8230; \u201eterronii\u201d.<br \/>\nDup\u0103 1980, locul lor a fost luat pe r\u00e2nd de : marocani, tunisieni, albanezi, rom\u00e2ni, iar acum de&#8230; nord-africanii ce iau cu asalt Italia !<br \/>\nSe vede imediat c\u0103 provin to\u0163i din regiuni supuse&#8230; NEO-COLONIALISMULUI !!! Este exact concluzia intelectualului despre care aminteam la \u00eenceput !<br \/>\nSimilitudinea \u00eentre ceea ce s-a petrecut \u00een Sudul Italiei \u015fi ceea ce se petrece \u00eenc\u0103 \u00een Rom\u00e2nia, este evident\u0103 ! \u015ei Rom\u00e2nia este pe cale s\u0103-\u015fi piard\u0103 integral Resursele Naturale, \u015fi Rom\u00e2nia se depopuleaz\u0103 mai ales de COMPETEN\u0162E, \u015fi Rom\u00e2nia este \u201eoaia neagr\u0103\u201d a Europei !!! !<br \/>\nSau mai bine-zis era, deoarece acum Italia se confrunt\u0103 cu un \u201eexod biblic\u201d din nordul Africii, aten\u0163ia Opiniei Publice Europene, fiind astfel&#8230; deturnat\u0103.<br \/>\nCeea ce se \u00eent\u00e2mpl\u0103 acolo, este sigur un \u201esemnal\u201d c\u0103 Puterea Oligarhic\u0103 Occidental\u0103 \u201ea sc\u0103pat h\u0103\u0163urile\u201d, deoarece dictatorii ce sunt azi r\u0103sturna\u0163i unul dup\u0103 altul, erau \u201eoamenii de leg\u0103tur\u0103\u201d, giran\u0163i ai &#8230; NEO-COLONIALISMULUI. De asemenea, faptul c\u0103 Puterile Occidentale ac\u0163ioneaz\u0103 fiecare \u201epe cont propriu\u201d, ne face s\u0103 pricepem c\u0103 nu este o \u201eac\u0163iune concertat\u0103\u201d, deci nu suntem \u00een prezen\u0163a unei \u201emanipul\u0103ri con\u015ftiente\u201d. Extinderea acestei \u201eagita\u0163ii\u201d la nivel mondial, ar putea reprezenta \u201eMomentul Zero\u201d, momentul abolirii&#8230; NEO-COLONIALISMULUI, momentul de la care Lumea s\u0103 \u201eplece pe alt\u0103 strad\u0103\u201d ! Ar putea fi momentul \u00een care \u201eMi\u015fcarea DACIA\u201d, \u015fi-ar putea pune rapid \u201e\u00een practic\u0103\u201d Principiile \u015fi Obiectivele, f\u0103r\u0103 a mai trece prin \u201eperioada de preg\u0103tire a terenului \u00een condi\u0163iile oferite de actualul Sistem\u201d !!!<br \/>\n<strong>Medita\u0163i oameni buni \u015fi preg\u0103ti\u0163i-v\u0103 pentru orice eventualitate, deoarece Omenirea \u201ea luat-o razna\u201d \u015fi va fi vai \u015fi amar de cei ce \u201enu \u015ftiu pe ce Lume sunt\u201d !!!<\/strong><\/p>\n","protected":false},"excerpt":{"rendered":"<p>Am urm\u0103rit ieri-noapte (noaptea se difuzeaz\u0103 informa\u0163ii \u201eincomode\u201d !), interviul unui intelectual italian, ce prezenta situa\u0163ia din Sudul Italiei \u00een anii 1970-1980. \u00cen acea perioad\u0103 de av\u00e2nt industrial din Nordul Italiei, 9 milioane de \u201eterroni\u201d (\u0163\u0103rani din sudul Italiei), numi\u0163i a\u015fa (cu dispre\u0163) de \u201epadani\u201d (nordi\u015fti), av\u00e2nd de ales \u00eentre a fi \u201ebriganti\u201d(mafio\u015fi) sau \u201emigranti\u201d, [&hellip;]<\/p>\n","protected":false},"author":2,"featured_media":0,"comment_status":"open","ping_status":"open","sticky":false,"template":"","format":"standard","meta":{"footnotes":""},"categories":[73],"tags":[12,11,583,210,474,390,295,41],"jetpack_featured_media_url":"","_links":{"self":[{"href":"https:\/\/bassdu.mine.bz\/index.php?rest_route=\/wp\/v2\/posts\/1619"}],"collection":[{"href":"https:\/\/bassdu.mine.bz\/index.php?rest_route=\/wp\/v2\/posts"}],"about":[{"href":"https:\/\/bassdu.mine.bz\/index.php?rest_route=\/wp\/v2\/types\/post"}],"author":[{"embeddable":true,"href":"https:\/\/bassdu.mine.bz\/index.php?rest_route=\/wp\/v2\/users\/2"}],"replies":[{"embeddable":true,"href":"https:\/\/bassdu.mine.bz\/index.php?rest_route=%2Fwp%2Fv2%2Fcomments&post=1619"}],"version-history":[{"count":2,"href":"https:\/\/bassdu.mine.bz\/index.php?rest_route=\/wp\/v2\/posts\/1619\/revisions"}],"predecessor-version":[{"id":1621,"href":"https:\/\/bassdu.mine.bz\/index.php?rest_route=\/wp\/v2\/posts\/1619\/revisions\/1621"}],"wp:attachment":[{"href":"https:\/\/bassdu.mine.bz\/index.php?rest_route=%2Fwp%2Fv2%2Fmedia&parent=1619"}],"wp:term":[{"taxonomy":"category","embeddable":true,"href":"https:\/\/bassdu.mine.bz\/index.php?rest_route=%2Fwp%2Fv2%2Fcategories&post=1619"},{"taxonomy":"post_tag","embeddable":true,"href":"https:\/\/bassdu.mine.bz\/index.php?rest_route=%2Fwp%2Fv2%2Ftags&post=1619"}],"curies":[{"name":"wp","href":"https:\/\/api.w.org\/{rel}","templated":true}]}}