{"id":1631,"date":"2011-03-30T20:45:13","date_gmt":"2011-03-30T19:45:13","guid":{"rendered":"http:\/\/bassdu.mine.nu\/?p=1631"},"modified":"2013-01-01T20:05:50","modified_gmt":"2013-01-01T19:05:50","slug":"%e2%80%9eciutacii%e2%80%9d-si-diaspora","status":"publish","type":"post","link":"https:\/\/bassdu.mine.bz\/?p=1631","title":{"rendered":"\u201eCiutacii\u201d \u015fi&#8230; Diaspora"},"content":{"rendered":"<p>Am fost cu to\u0163ii martorii \u201ede\u015ftept\u0103ciunii\u201d \u015fefului <strong>Partidului Na\u0163ional Liberal<\/strong> din Rom\u00e2nia, d-l <strong>Crin Antonescu,<\/strong> care crede c\u0103 rom\u00e2nii din <strong>Diaspora<\/strong> ar trebui s\u0103 voteze numai \u00een m\u0103sura \u00een care, pl\u0103tesc impozite \u00een \u0163ar\u0103. Pe l\u00e2ng\u0103 faptul c\u0103 ar fi o <strong>\u201einep\u0163ie anti-constitu\u0163ional\u0103\u201d<\/strong>, aceast\u0103<strong> \u201eg\u0103selni\u0163\u0103\u201d<\/strong>, produce daune greu de recuperat propriului partid, ce risc\u0103 astfel s\u0103 o ia pe calea PN\u0162-CD-ului, dar \u015fi unei \u201eopozi\u0163ii originale\u201d, ce nici m\u0103car voturile din 2008 ale diasporenilor, nu le mai poate avea la urm\u0103toarele alegeri !<br \/>\n<strong>Esen\u0163a<\/strong> acestei <strong>\u201emanifest\u0103ri de nesuferin\u0163\u0103\u201d<\/strong>, este c\u0103 pe <strong>\u201eciutacul\u201d Antonescu<\/strong>, nu-l intereseaz\u0103 <strong>\u201econtribu\u0163ia electoral\u0103\u201d <\/strong>a Diasporei, sau <strong>Binele Na\u0163iei<\/strong>, ci &#8230; propriul <strong>interes de partid<\/strong> !<br \/>\nE<em>u o s\u0103 explic \u00een c\u00e2teva r\u00e2nduri, de ce Diaspora<strong> TREBUIE<\/strong> s\u0103 fie antrenat\u0103 \u00een via\u0163a politic\u0103 a \u0162\u0103rii :<\/em><br \/>\nO s\u0103 pornesc de la PREVIZIUNILE <strong>BABEI VANGA<\/strong> (<em>spre exasperarea unora<\/em>), ce desemneaz\u0103 ca <strong>SALVATOR AL ROM\u00c2NIEI<\/strong>, tocmai pe un reprezentant al Diasporei !<br \/>\nEi bine, eu nu sunt convins de capacit\u0103\u0163ile paranormale ale numitei, dar &#8230; tare \u00eemi place<strong> IDEEA DE SALVARE A ROM\u00c2NIEI<\/strong> \u015fi ca atare, nu pot s\u0103-mi reprim g\u00e2ndul c\u0103 &#8230;\u00a0<strong> ar fi posibil ! \u00a0<em> De ce ?<\/em><\/strong><br \/>\nPentru simplul motiv c\u0103 spre deosebire de \u201ecei de acas\u0103\u201d, cei din Diaspora <strong>\u201eau putut constata pe propria piele\u201d<\/strong> defec\u0163iunile <strong>Sistemului<\/strong> ce se vrea implementat \u00een <strong>Rom\u00e2nia<\/strong>. Cei ce c\u0103l\u0103toresc \u00een Occident, au de obicei \u201eposibilit\u0103\u0163i materiale peste medie\u201d \u015fi sunt deci \u201esuporteri \u00eenfoca\u0163i\u201d ai Sistemului,<strong> \u201er\u0103m\u00e2n\u00e2nd cu gura c\u0103scat\u0103\u201d<\/strong> la&#8230; Minuni. Noi, cei ce tr\u0103im \u015fi muncim aici, <strong>\u201ene lovim \u00een fiecare zi\u201d<\/strong> de &#8230; imperfec\u0163iunile Sistemului \u015fi ne imagin\u0103m <strong>SOLU\u0162II<\/strong>, ca acest lucru s\u0103 nu se \u00eent\u00e2mple \u015fi <strong>ACAS\u0102<\/strong>. Cu un pic de cuno\u015ftin\u0163e istorice, se pot explica \u015fi &#8230; Minunile, \u00een fa\u0163a c\u0103rora se r\u0103m\u00e2ne \u201ecu gura c\u0103scat\u0103\u201d, ce sunt \u201erodul\u201d sutelor de ani de FURTURI la adresa unora \u015fi-a altora. \u00centreba\u0163i-v\u0103 de ce sunt sute de STATUI DE DACI \u00een toat\u0103 Lumea Bun\u0103, iar la noi niciuna !?\u00a0 Chestia c\u0103 EI ar avea<strong> \u201eun neuron \u00een plus\u201d<\/strong>, este un basm de adormit copii, deoarece este doar un <strong>\u201emesaj promo\u0163ional\u201d<\/strong> ! Ba mai mult, noi avem o<strong> IDENTITATE NA\u0162IONAL\u0102 \u015eI O CONTINUITATE<\/strong>, pe care al\u0163ii NU LE AU, motiv pentru care se str\u0103duiesc din r\u0103sputeri &#8230; <strong>S\u0102 LE ASCUND\u0102 , SAU S\u0102 LE DEFORMEZE<\/strong> pe ale noastre ! Singura diferen\u0163\u0103 \u00eentre ei \u015fi noi, este c\u0103 ei au mai multe <strong>BUNURI MATERIALE<\/strong> (procurate dup\u0103 cum am spus), dar &#8230;<strong> SUNT S\u0102RACI SPIRITUAL ! <\/strong><br \/>\nDac\u0103 Rom\u00e2nia va deveni un Punct de Referin\u0163\u0103 al Omenirii, cum zice <strong>Baba Vanga<\/strong>, dar \u015fi al\u0163i profe\u0163i, nu o va face ca mare putere economic\u0103 sau militar\u0103, ci&#8230; <strong>SPIRITUAL\u0102 !<\/strong><br \/>\nPe de alt\u0103 parte, poporul nostru are mult mai multe experien\u0163e sociale, ceea ce reprezint\u0103 o bun\u0103 baz\u0103 de analiz\u0103 \u015fi premiza unei <strong>Concep\u0163ii Superioare pentru Viitor<\/strong>. Experien\u0163a comunist\u0103 a fost ambivalent\u0103 \u015fi ar fi absurd s\u0103 nu recunoa\u015ftem \u015fi ceea ce era bun \u015fi demn de preluat, a\u015fa cum sunt multe chestii de preluat din orice experien\u0163\u0103 trecut\u0103.<br \/>\nBaza pentru o bun\u0103<strong> CERCETARE<\/strong>, este&#8230;<strong> EXPERIEN\u0162A<\/strong>, domnule Antonescu !<br \/>\nAlte victime ale&#8230; \u201eciutacilor\u201d,\u00a0 sunt <strong>basarabenii<\/strong>, \u015fi tot pe motive&#8230; <strong>electorale<\/strong>. P\u0103i cine dintre rom\u00e2ni nu ar vrea<strong> Unirea<\/strong> ?\u00a0 P\u0103i cine ne poate explica mai bine cum trebuie ac\u0163ionat \u00een acest scop, dac\u0103 nu Ei ??? \u201eSp\u0103la\u0163i-v\u0103 pe gur\u0103\u201d domnilor, c\u00e2nd vorbi\u0163i despre basarabeni !!! Mai bine merge\u0163i \u00een <strong>Serbia, Bulgaria, Ucraina, Ungaria,<\/strong> etc. \u015fi \u00eenv\u0103\u0163a\u0163i cum \u00ee\u015fi ap\u0103r\u0103 <strong>IDENTITATEA NA\u0162IONAL\u0102<\/strong> fra\u0163ii no\u015ftri<strong> \u201eemigran\u0163i f\u0103r\u0103 voie\u201d<\/strong> !\u00a0 Ba chiar <strong>\u201eda\u0163i o m\u00e2n\u0103 de ajutor\u201d<\/strong>, c\u0103 tare mai este nevoie !<br \/>\nEste adev\u0103rat c\u0103 mul\u0163i cona\u0163ionali se dezintereseaz\u0103 de plaiurile natale, ba sunt \u015fi unii care<strong> \u201escuip\u0103 \u00een farfuria din care au m\u00e2ncat\u201d<\/strong>, dar ace\u015ftia d-le Antonescu&#8230;<strong> NU MERG LA VOT !!!<\/strong> Este adev\u0103rat c\u0103 \u00een Diaspora sunt mul\u0163i NETREBNICI, dar \u201eacas\u0103\u201d&#8230; SUNT \u015eI MAI MUL\u0162I ! &#8230; ba unii sunt chiar&#8230; <strong>POLITICIENI<\/strong> ! Nu uita\u0163i c\u0103 <strong>\u201eplecarea \u00een pribegie a rom\u00e2nilor\u201d<\/strong>, este urmarea <strong>\u201emanelismului\u201d clasei politice trecute \u015fi prezente !<\/strong><br \/>\n<span style=\"text-decoration: underline;\"><strong>Nu Diaspora este responsabil\u0103 de Haosul din \u0162ar\u0103 !<\/strong><\/span><br \/>\nA\u015fa c\u0103 nu-i dispre\u0163ui\u0163i pe cei din Diaspora, sau \u201edin afara grani\u0163elor\u201d, pentru c\u0103 cei ce voteaz\u0103, o fac cu g\u00e2ndul la&#8230; <strong>RE\u00ceNTOARCERE<\/strong>, iar cei ce <strong>nu<\/strong> o fac&#8230; <em>nu-i nicio pagub\u0103<\/em>&#8230; <strong>s\u0103 r\u0103m\u00e2n\u0103 acolo unde sunt, tot nu VALOREAZ\u0102 NIMIC<\/strong>, fiind probabil urma\u015fi ai unora prezen\u0163i &#8230; de mai pu\u0163in timp \u00een <strong>Spa\u0163iul Carpato-Dun\u0103reano-Pontic ! <\/strong>\u0162ine\u0163i cont domnilor, c\u0103 numai<strong> 5%<\/strong> dintre diasporeni au votat, <strong>DAR AU FOST OAMENII CARE CONTEAZ\u0102<\/strong> \u015fi care au str\u0103b\u0103tut de multe ori, sute de Km pentru a-\u015fi face <strong>DATORIA CONSTITU\u0162IONAL\u0102<\/strong>, f\u0103r\u0103 s\u0103 a\u015ftepte un Kg de zah\u0103r sau ulei ! To\u0163i ace\u015ftia, au \u00een mod sigur<strong> \u201eun cotlon Acas\u0103\u201d<\/strong>, a\u015fa c\u0103 v\u0103 satisface \u015fi acest imperativ stupid al impozit\u0103rii ! Ace\u015ftia POT FI SPERAN\u0162A ROM\u00c2NIEI, mai ales c\u0103 mul\u0163i \u201eaglomereaz\u0103\u201d <strong>Los Alamos, Silicon Valley, prestigioase Universit\u0103\u0163i \u015fi Centre de Cercetare ! ACE\u015eTIA TREBUIE S\u0102 VOTEZE ! UNUL DINTRE ACE\u015eTIA, POATE FI &#8230; SALVATORUL ROM\u00c2NIEI !&#8230; a\u015fa cum zicea Baba Vanga \u015fi cum tare mi-ar place s\u0103 se \u00eent\u00e2mple !<\/strong><br \/>\n<strong>\u201eMi\u015fcarea DACIA\u201d&#8230; \u00cel caut\u0103 !<\/strong><\/p>\n","protected":false},"excerpt":{"rendered":"<p>Am fost cu to\u0163ii martorii \u201ede\u015ftept\u0103ciunii\u201d \u015fefului Partidului Na\u0163ional Liberal din Rom\u00e2nia, d-l Crin Antonescu, care crede c\u0103 rom\u00e2nii din Diaspora ar trebui s\u0103 voteze numai \u00een m\u0103sura \u00een care, pl\u0103tesc impozite \u00een \u0163ar\u0103. Pe l\u00e2ng\u0103 faptul c\u0103 ar fi o \u201einep\u0163ie anti-constitu\u0163ional\u0103\u201d, aceast\u0103 \u201eg\u0103selni\u0163\u0103\u201d, produce daune greu de recuperat propriului partid, ce risc\u0103 astfel [&hellip;]<\/p>\n","protected":false},"author":2,"featured_media":0,"comment_status":"open","ping_status":"open","sticky":false,"template":"","format":"standard","meta":{"footnotes":""},"categories":[73],"tags":[619,333,179,152,620,1581,210,174,109],"jetpack_featured_media_url":"","_links":{"self":[{"href":"https:\/\/bassdu.mine.bz\/index.php?rest_route=\/wp\/v2\/posts\/1631"}],"collection":[{"href":"https:\/\/bassdu.mine.bz\/index.php?rest_route=\/wp\/v2\/posts"}],"about":[{"href":"https:\/\/bassdu.mine.bz\/index.php?rest_route=\/wp\/v2\/types\/post"}],"author":[{"embeddable":true,"href":"https:\/\/bassdu.mine.bz\/index.php?rest_route=\/wp\/v2\/users\/2"}],"replies":[{"embeddable":true,"href":"https:\/\/bassdu.mine.bz\/index.php?rest_route=%2Fwp%2Fv2%2Fcomments&post=1631"}],"version-history":[{"count":2,"href":"https:\/\/bassdu.mine.bz\/index.php?rest_route=\/wp\/v2\/posts\/1631\/revisions"}],"predecessor-version":[{"id":2643,"href":"https:\/\/bassdu.mine.bz\/index.php?rest_route=\/wp\/v2\/posts\/1631\/revisions\/2643"}],"wp:attachment":[{"href":"https:\/\/bassdu.mine.bz\/index.php?rest_route=%2Fwp%2Fv2%2Fmedia&parent=1631"}],"wp:term":[{"taxonomy":"category","embeddable":true,"href":"https:\/\/bassdu.mine.bz\/index.php?rest_route=%2Fwp%2Fv2%2Fcategories&post=1631"},{"taxonomy":"post_tag","embeddable":true,"href":"https:\/\/bassdu.mine.bz\/index.php?rest_route=%2Fwp%2Fv2%2Ftags&post=1631"}],"curies":[{"name":"wp","href":"https:\/\/api.w.org\/{rel}","templated":true}]}}