{"id":1643,"date":"2011-04-15T20:23:59","date_gmt":"2011-04-15T19:23:59","guid":{"rendered":"http:\/\/bassdu.mine.nu\/?p=1643"},"modified":"2011-04-15T20:23:59","modified_gmt":"2011-04-15T19:23:59","slug":"leadership-%e2%80%9emiscarea-dacia%e2%80%9d","status":"publish","type":"post","link":"https:\/\/bassdu.mine.bz\/?p=1643","title":{"rendered":"Leadership \u201eMi\u015fcarea DACIA\u201d"},"content":{"rendered":"<p>Intrarea \u00een Arena Politic\u0103 a mi\u015fc\u0103rii noastre, presupune stabilirea unui GRUP DE INI\u0162IATIV\u0102, format\u00a0 \u00een primul r\u00e2nd din COMPETEN\u0162ELE chemate s\u0103 definitiveze PRINCIPIILE, OBIECTIVELE precum \u015fi TACTICA \u015eI STRATEGIA DE GUVERNARE. Tot din acest grup, vor face parte REPREZENTAN\u0162II \u00ceN TERITORIU, chema\u0163i s\u0103 DIFUZEZE mesajul nostru \u015fi s\u0103 creeze BAZA DE MAS\u0102, necesar\u0103 \u00eenscrierii ca mi\u015fcare politic\u0103.<br \/>\nA\u015fa cum s-a mai precizat anterior, nimeni nu trebuie s\u0103 se a\u015ftepte la avantaje \u00een urma particip\u0103rii la acest GRUP, ci mai degrab\u0103 la stresul presupus de o activitate de pionierat, ca aceea ce avem \u00een fa\u0163\u0103 ! Dac\u0103 la nivel na\u0163ional Principiile \u015fi Obiectivele noastre urmeaz\u0103 a fi implementate treptat, pentru a nu avea \u201eefecte colaterale\u201d, la nivel de mi\u015fcare acestea vor avea caracter IMEDIAT \u015fi OBLIGATORIU. Noi propunem grile de salarizare, desp\u0103r\u0163irea net\u0103 a Politicii de Economic, structuri restr\u00e2nse de Cadre, noi Valori de cultivat, criterii de Competen\u0163\u0103 \u015fi Responsabilitate pentru desemnarea liderilor, etc. Rezult\u0103 de aici caracterul \u201erupt de realitatea contemporan\u0103\u201d al Cadrelor \u201eMi\u015fc\u0103rii DACIA\u201d. Ace\u015ftia vor fi tineri, deci f\u0103r\u0103 \u201espada lui Damocles\u201d a unui trecut compromi\u0163\u0103tor, f\u0103r\u0103 cazier juridic, de probitate moral\u0103 exemplar\u0103, competen\u0163i \u015fi gata de a-\u015fi asuma Responsabilitatea \u00een modalit\u0103\u0163ile contractuale prev\u0103zute de viitorul Statut. Tot prin Statut, \u00eenc\u0103lcarea Principiilor \u015fi Obiectivelor, p\u0103r\u0103sirea sau excluderea din Mi\u015fcare, implic\u0103 demisia automat\u0103 din orice func\u0163ie de reprezentare, la orice nivel. Paradoxal, noi suntem o mi\u015fcare politic\u0103 ce-\u015fi dore\u015fte pe termen lung, o Dacia &#8230; f\u0103r\u0103 partide, guvernat\u0103 de ADMINISTRATORI, desemna\u0163i pe criterii&#8230; administrative, deoarece Multipartidismul nu este altceva dec\u00e2t o \u201esurs\u0103 de z\u00e2zanie\u201d, produc\u0103toare de tensiuni \u015fi guvernat de interese ideologice \u201ede fa\u0163ad\u0103\u201d, dep\u0103\u015fite \u00een actualul context social, economic \u015fi cultural. De aceea, putem spune c\u0103 liderii \u201eMi\u015fc\u0103rii DACIA\u201d vor fi \u201edin alt aluat\u201d ! Noi nu vrem DEZBINARE, ci &#8230; UNITATE ! &#8230; \u201dUnde-i unu&#8217;, nu-i Putere&#8230; !\u201d<br \/>\nA\u015fa cum s-a specificat anterior, nimeni nu este exclus PENTRU NICIUN MOTIV de la apartenen\u0163a la mi\u015fcare, sau de la func\u0163ii de r\u0103spundere \u00een cadrul acesteia, singura condi\u0163ie reprezent\u00e2nd-o ACCEPTAREA PRINCIPIILOR \u015eI OBIECTIVELOR noastre ! Cum acestea sunt inedite, nefiind contemplate de alte for\u0163e politice, este evident c\u0103 apartenen\u0163a la \u201eMi\u015fcarea DACIA\u201d este incompatibil\u0103 cu prezen\u0163a \u015fi \u00een alte forma\u0163iuni. Undeva am specificat c\u0103 pentru \u201eMi\u015fcarea DACIA\u201d ar fi o mare victorie, dac\u0103 (de exemplu) Iliescu Ion ar intra \u00een r\u00e2ndurile noastre, ca semn al \u201ereevalu\u0103rii\u201d activit\u0103\u0163ii sale anterioare. De asemenea, ne-ar place s\u0103 populariz\u0103m miliardarii ce-\u015fi vor repatria capitalurile, pun\u00e2ndu-le la dispozi\u0163ia unei DEZVOLT\u0102RI SUSTENABILE \u015fi mul\u0163umindu-se cu un trai DECENT ! Nimeni nu este perfect, ci&#8230; perfectibil ! \u00cen noi to\u0163i s\u0103l\u0103\u015fluie\u015fte at\u00e2t BINELE, c\u00e2t \u015fi R\u0102UL \u015fi nimeni nu este SF\u00c2NT&#8230; dar poate deveni ! Ziua unui aderent al mi\u015fc\u0103rii trebuie s\u0103 \u00eenceap\u0103 cu o medita\u0163ie \u00een fa\u0163a propriei oglinzi, asupra ac\u0163iunilor ce urmeaz\u0103 a fi desf\u0103\u015furate. Dac\u0103 vom reu\u015fi s\u0103 delimit\u0103m Binele de R\u0103u \u015fi ne vom str\u0103dui s\u0103 cultiv\u0103m primul, vom da un impuls puternic \u201eMi\u015fc\u0103rii DACIA\u201d ! Noi nu plec\u0103m \u201ela drumul lung ce ne a\u015fteapt\u0103\u201d cu inten\u0163ii de r\u0103zbunare, ci cu un spirit nou de RECONCILIERE NA\u0162IONAL\u0102, dar \u015fi cu INTEN\u0162II FERME !<br \/>\nViitorii lideri vor trebui s\u0103 fie buni cunosc\u0103tori al actualului Sistem, pentru a-l putea combate ! Avem nevoie de COMPETEN\u0162E \u00een toate domeniile vie\u0163ii politice, economice, sociale \u015fi culturale, pentru a ajunge \u00een cel mai scurt timp cu putin\u0163\u0103, la punerea \u00een practic\u0103 a Principiilor \u015fi Obiectivelor noastre ! Dar avem nevoie \u015fi de oricine este dispus s\u0103-\u015fi dedice timpul liber pentru difuzarea mesajului nostru \u015fi pentru racolarea colegilor, cunoscu\u0163ilor, prietenilor \u015fi rudelor !<br \/>\nDeocamdat\u0103 \u201evorbesc singur\u201d, deoarece implementarea unui nou Sistem, nu este joac\u0103 de copii \u015fi mul\u0163i sunt \u00eenc\u0103&#8230; circumspec\u0163i !\u00a0 Mul\u0163i COMPETEN\u0162I sunt \u201eincreduli\u201d, sau \u201emul\u0163umi\u0163i cu ceea ce au\u201d, dar v\u0103 asigur c\u0103 aceast\u0103 Criz\u0103 va \u201edegenera\u201d pentru motivele expuse de-a lungul celor doi ani de existen\u0163\u0103 a mi\u015fc\u0103rii \u015fi avertizez c\u0103&#8230; NIMENI NU ESTE \u00ceN SIGURAN\u0162\u0102 !!! Noi reprezent\u0103m SOLU\u0162IA PA\u015eNIC\u0102 la Criza Ireversibil\u0103 a Sistemului \u015fi garan\u0163ia unei AFIRM\u0102RI la nivel NA\u0162IONAL \u015fi INTERNA\u0162IONAL !<br \/>\n\u00cen ceea ce m\u0103 prive\u015fte, reamintesc rolul meu de GARDIAN al Principiilor \u015fi Obiectivelor, precum \u015fi de promotor al unor M\u0103suri de guvernare \u00een linie cu acestea. Astfel, se poate spune c\u0103 sunt un LIDER DE OPINIE, ce se va retrage \u00eens\u0103 de pe aceast\u0103 pozi\u0163ie, \u00een momentul intr\u0103rii \u00een legalitate a mi\u015fc\u0103rii \u015fi al desemn\u0103rii COLECTIVULUI DE CONDUCERE al acesteia, ca dovad\u0103 a lipsei \u201einteresului personal\u201d \u00een promovarea acestui PROIECT. \u201eMi\u015fcarea DACIA\u201d trebuie s\u0103 fie condus\u0103 \u201edin interior\u201d \u015fi de oameni tineri ! Noi, cei cu p\u0103r alb, poate vom alc\u0103tui un Sfat al B\u0103tr\u00e2nilor, cu rol de consultan\u0163\u0103, ca depozitari ai unor experien\u0163e de-o via\u0163\u0103. P\u00e2n\u0103 la acel moment \u00eens\u0103, \u201evoi t\u0103ia \u00een carne vie\u201d, deoarece sunt mul\u0163i cei interesa\u0163i \u00een a ne deturna, denatura, sau &#8230; confisca ! Mul\u0163i se autoexclud, al\u0163ii sunt&#8230; ajuta\u0163i, deoarece la \u201eie\u015firea \u00een aren\u0103\u201d, va trebui s\u0103 fim&#8230; omogeni. \u015ei \u00een viitor vom avea du\u015fmani de temut, u\u015for de identificat, dar noi ne-am n\u0103scut \u00een SPA\u0162IUL NEMURITORILOR DACI\u00a0 \u015fi inten\u0163ion\u0103m s\u0103 o DEMONSTR\u0102M !<br \/>\n&#8230;&#8230;&#8230;&#8230;&#8230;&#8230;&#8230;&#8230;&#8230;&#8230;&#8230;&#8230;&#8230;&#8230;&#8230;&#8230;&#8230;&#8230;&#8230;&#8230;&#8230;&#8230;&#8230;&#8230;&#8230;&#8230;&#8230;&#8230;&#8230;&#8230;&#8230;&#8230;&#8230;&#8230;&#8230;&#8230;&#8230;&#8230;&#8230;&#8230;&#8230;&#8230;&#8230;&#8230;&#8230;&#8230;&#8230;&#8230;&#8230;&#8230;..<br \/>\nReamintesc tuturor Evenimentul programat de \u201eMi\u015fcarea DACIA\u201d \u015fi anume \u00ceNT\u00c2LNIREA DIN 19 AUGUST a.c.\u00a0 Din p\u0103cate, am observat accesul dificil la acest EVENIMENT de pe Peretele mi\u015fc\u0103rii, motiv pentru care am sesizat pe cei \u00een cauz\u0103, sper\u00e2nd \u00een \u00eembun\u0103t\u0103\u0163irea situa\u0163iei.<br \/>\nAceast\u0103 \u00ceNT\u00c2LNIRE, va coincide cu momentul IMPLIC\u0102RII EFECTIVE \u015fi a trecerii activit\u0103\u0163ilor mi\u015fc\u0103rii pe un Portal. Recomandarea mea este ca la aceast\u0103 \u00eent\u00e2lnire, participan\u0163ii s\u0103 se prezinte INFORMA\u0162I (vezi : \u201eInforma\u0163ii\u201d \u015fi \u201eVideo\u201d pe Perete, precum \u015fi Link-urile propuse), pentru a nu se irosi timp cu reluarea unor teme deja dezb\u0103tute.<br \/>\nMul\u0163umesc tuturor acelora care se implic\u0103 deja \u00een numele \u201eMi\u015fc\u0103rii DACIA\u201d \u015fi &#8230; \u00eei a\u015ftept \u015fi pe ceilal\u0163i !<\/p>\n","protected":false},"excerpt":{"rendered":"<p>Intrarea \u00een Arena Politic\u0103 a mi\u015fc\u0103rii noastre, presupune stabilirea unui GRUP DE INI\u0162IATIV\u0102, format\u00a0 \u00een primul r\u00e2nd din COMPETEN\u0162ELE chemate s\u0103 definitiveze PRINCIPIILE, OBIECTIVELE precum \u015fi TACTICA \u015eI STRATEGIA DE GUVERNARE. Tot din acest grup, vor face parte REPREZENTAN\u0162II \u00ceN TERITORIU, chema\u0163i s\u0103 DIFUZEZE mesajul nostru \u015fi s\u0103 creeze BAZA DE MAS\u0102, necesar\u0103 \u00eenscrierii ca [&hellip;]<\/p>\n","protected":false},"author":2,"featured_media":0,"comment_status":"open","ping_status":"open","sticky":false,"template":"","format":"standard","meta":{"footnotes":""},"categories":[73],"tags":[625,263,45,624,626,627,210,390,295,264,41],"jetpack_featured_media_url":"","_links":{"self":[{"href":"https:\/\/bassdu.mine.bz\/index.php?rest_route=\/wp\/v2\/posts\/1643"}],"collection":[{"href":"https:\/\/bassdu.mine.bz\/index.php?rest_route=\/wp\/v2\/posts"}],"about":[{"href":"https:\/\/bassdu.mine.bz\/index.php?rest_route=\/wp\/v2\/types\/post"}],"author":[{"embeddable":true,"href":"https:\/\/bassdu.mine.bz\/index.php?rest_route=\/wp\/v2\/users\/2"}],"replies":[{"embeddable":true,"href":"https:\/\/bassdu.mine.bz\/index.php?rest_route=%2Fwp%2Fv2%2Fcomments&post=1643"}],"version-history":[{"count":2,"href":"https:\/\/bassdu.mine.bz\/index.php?rest_route=\/wp\/v2\/posts\/1643\/revisions"}],"predecessor-version":[{"id":1645,"href":"https:\/\/bassdu.mine.bz\/index.php?rest_route=\/wp\/v2\/posts\/1643\/revisions\/1645"}],"wp:attachment":[{"href":"https:\/\/bassdu.mine.bz\/index.php?rest_route=%2Fwp%2Fv2%2Fmedia&parent=1643"}],"wp:term":[{"taxonomy":"category","embeddable":true,"href":"https:\/\/bassdu.mine.bz\/index.php?rest_route=%2Fwp%2Fv2%2Fcategories&post=1643"},{"taxonomy":"post_tag","embeddable":true,"href":"https:\/\/bassdu.mine.bz\/index.php?rest_route=%2Fwp%2Fv2%2Ftags&post=1643"}],"curies":[{"name":"wp","href":"https:\/\/api.w.org\/{rel}","templated":true}]}}