{"id":1659,"date":"2011-04-24T10:21:21","date_gmt":"2011-04-24T09:21:21","guid":{"rendered":"http:\/\/bassdu.mine.nu\/?p=1659"},"modified":"2011-04-24T11:01:02","modified_gmt":"2011-04-24T10:01:02","slug":"anunt-important","status":"publish","type":"post","link":"https:\/\/bassdu.mine.bz\/?p=1659","title":{"rendered":"ANUN\u0162 IMPORTANT"},"content":{"rendered":"<p>\u00cencep\u00e2nd de azi 24 Aprilie 2011, Ziua Sf\u00e2nt\u0103 de Pa\u015fti, voi \u00eencepe o  Campanie de realizare \u00een Diaspora, a unui partid etnic al emigran\u0163ilor  din Spa\u0163iul Carpato-Dun\u0103reano-Pontic, sub denumirea de \u201eMi\u015fcarea DACIA\u201d.  De\u00a0 fapt, aceast\u0103 idee am avut-o acum doi ani, dar atunci nu aveam cu  ce s\u0103 \u201ene prezent\u0103m\u201d, \u00een materie de Principii \u015fi Obiective. Azi, acestea  exist\u0103 \u00een linii mari \u015fi urmeaz\u0103 a fi definitivate \u00eempreun\u0103 cu cei ce  sunt interesa\u0163i de Proiect.<\/p>\n<p>\u00cen acest scop, o s\u0103 \u00eencep consultarea  tuturor formelor organizative ale comunit\u0103\u0163ii rom\u00e2ne\u015fti din Italia  (pentru \u00eenceput), pentru formarea unui GRUP DE INI\u0162IATIV\u0102. Fac  precizarea c\u0103 nu-mi rezerv niciun rol \u00een viitorul partid, \u00een afar\u0103 de  acela de promotor al Principiilor \u015fi Obiectivelor, urm\u00e2nd ca dup\u0103  lansarea acestuia, \u201es\u0103 m\u0103 retrag \u00een grota mea\u201d.<\/p>\n<p>\u00cencep\u00e2nd de azi, voi explica pe \u00eendelete motiva\u0163iile acestui Proiect.<\/p>\n<p>Rog  pe to\u0163i cei viza\u0163i s\u0103 acorde mare aten\u0163ie \u015fi s\u0103 fie con\u015ftien\u0163i de  faptul c\u0103 daco-romanii din Peninsul\u0103, al\u0103turi de cei din alte col\u0163uri  ale Lumii, pot deveni Factor de Mari Schimb\u0103ri, at\u00e2t \u00een locurile de  re\u015fedin\u0163\u0103, c\u00e2t \u015fi \u00een Patrie !<\/p>\n<p>\u00cen linii mari, acest nou subiect  politic va fi asem\u0103n\u0103tor UDMR-ului din \u0163ar\u0103. Nu se va ancora la nicio  Ideologie cunoscut\u0103, va face uz de mijloacele democratice puse la  dispozi\u0163ie de Sistem, va fi purt\u0103tor al unor PRINCIPII \u015fi OBIECTIVE de  AVANGARD\u0102 \u015fi nu va avea alt obiectiv, dec\u00e2t BINELE COMUNIT\u0102\u0162II NOASTRE  \u015eI A CELOR DIN PREAJM\u0102 !<\/p>\n<p>\u00cen continuare voi prezenta SITUA\u0162IA  ACTUAL\u0102 a organiz\u0103rii politice a Diasporei \u015fi JUSTIFICAREA ISTORIC\u0102 a  Proiectului nastru, urm\u00e2nd s\u0103 ating treptat toate aspectele \u015fi  consecin\u0163ele acestuia.<\/p>\n<p>&nbsp;<\/p>\n<p>SITUA\u0162IA ACTUAL\u0102<\/p>\n<p>&nbsp;<\/p>\n<p>\u00cen  momentul de fa\u0163\u0103 Diaspora este DIVIZAT\u0102 POLITIC, \u00een \u201epartide satelit\u201d  ale celor italiene\u015fti \u015fi rom\u00e2ne\u015fti, sau APARENT APOLITIC\u0102 \u00een cadrul  ASOCIA\u0162IILOR.<\/p>\n<p>Acestora din urm\u0103, le atrag aten\u0163ia c\u0103 POLITIC\u0102 FAC \u015eI CEI CE SUS\u0162IN CONTRARIUL !<\/p>\n<p>Ca  dovad\u0103 a acestei situa\u0163ii,precizez c\u0103 la viitoarele alegeri  administrative, candida\u0163ii rom\u00e2ni sunt \u201e\u00eempr\u0103\u015ftia\u0163i\u201d \u00een tot spectrul  politic italian, ceea ce \u201edilueaz\u0103\u201d for\u0163a politic\u0103 a Comunit\u0103\u0163ii.  Acela\u015fi fenomen se va repeta la alegerile din Patrie. S\u0103 nu vin\u0103 cineva  s\u0103-mi explice \u201ediferen\u0163ele ideologice\u201d, deoarece ast\u0103zi IDEOLOGIILE SUNT  MOARTE \u015fi singurul \u201emotor al ac\u0163iunii politice\u201d este &#8230; INTERESUL. Cum  noi avem INTERESELE NOASTRE, trebuie s\u0103 ne deta\u015f\u0103m de orice  \u201econstr\u00e2ngere\u201d \u015fi s\u0103 ne declar\u0103m&#8230; INDEPENDEN\u0162A.<\/p>\n<p>Practic,  realizarea noului subiect politic se poate face pe \u201escheletul\u201d PIR-ului,  care deja este LEGAL, urm\u00e2nd ca prin tratative cu celelalte forme  organizate, acesta s\u0103-\u015fi adapteze Programul \u015fi eventual s\u0103-\u015fi completeze  numele cu DACIA, sau DACO-ROMAN (nu daco-rom\u00e2n). Ponderea fiec\u0103rui  \u201ecurent\u201d \u00een parte, urmeaz\u0103 s\u0103 fie determinat\u0103 DEMOCRATIC, prin FACTORUL  NUMERIC, pe aceast\u0103 baz\u0103 stabilindu-se viitoare alian\u0163e at\u00e2t \u00een Italia,  c\u00e2t \u015fi \u00een Rom\u00e2nia.<\/p>\n<p>Noi nu ne propunem ca FOR\u0162\u0102\u00a0 ANTAGONIST\u0102, ci ca  participant activ la via\u0163a politic\u0103 italian\u0103 \u015fi rom\u00e2neasc\u0103, \u00een limitele  LEGALIT\u0102\u0162II \u015fi ale &#8230; BUNULUI-SIM\u0162 ! Suntem \u201eminoritatea cea mai  numeroas\u0103\u201d \u015fi suntem marginaliza\u0163i, ba chiar persecuta\u0163i ! Vrem ca  rom\u00e2nii din Italia, s\u0103 aib\u0103 DREPTURI pe care minorit\u0103\u0163ile din Patrie le  au deja, \u00eencep\u00e2nd cu&#8230; REPREZENTAREA POLITIC\u0102 AUTENTIC\u0102 !<\/p>\n<p>Propun  \u00een acest sens, o reuniune a tuturor reprezentan\u0163ilor politici\u00a0 \u015fi &#8230;  apolitici din Italia (pentru \u00eenceput), pentru g\u0103sirea C\u0102II DE MIJLOC !<\/p>\n<p>Noul subiect politic ce se va na\u015fte, va milita pentru prop\u0103\u015firea Italiei \u015fi Rom\u00e2niei, \u00een egal\u0103 m\u0103sur\u0103 !<\/p>\n<p>Vom creea bazele unui RESPECT RECIPROC FR\u0102\u0162ESC !<\/p>\n<p>Vom contribui la PROMOVAREA UNOR PRINCIPII \u015eI OBIECTIVE DE AVANGARD\u0102 !<\/p>\n<p>Vom deveni determinan\u0163i pentru VIA\u0162A POLITIC\u0102 \u00ceN PATRIE !<\/p>\n<p>Vom deveni determinan\u0163i pentru VIA\u0162A POLITIC\u0102 \u00ceN ITALIA !<\/p>\n<p>&nbsp;<\/p>\n<p>JUSTIFICARE ISTORIC\u0102<\/p>\n<p>&nbsp;<\/p>\n<p>Prezen\u0163a  locuitorilor Spa\u0163iului Carpato-Dun\u0103reano-Pontic \u00een Peninsul\u0103, nu este  atestat\u0103 numai \u00een zilele noastre, ci este una continu\u0103 pe parcursul a  mii de ani !\u00a0 Cine a citit c\u00e2te ceva la grupul Facebook \u201eMi\u015fcarea  DACIA\u201d, \u015ftie c\u0103 PELASGII, \u00eenainta\u015fii TRACO-GETO-DACILOR, cel mai numeros  popor european (HERODOT), au migrat de-a lungul mileniilor din BURICUL  P\u00c2M\u0102NTULUI &#8211; Bazinul Dun\u0103rean, c\u0103tre toate col\u0163urile Lumii. A\u015fa se  explic\u0103 de ce popula\u0163iile montane din Alpi (Italia, Elve\u0163ia, Spania,  Fran\u0163a, Austria) au mult \u00een comun cu noi \u00een domeniul lingvistic \u015fi al  obiceiurilor, ca \u015fi sarzii, corsicanii, bascii, etc. Roma \u00eens\u0103\u015fi, este  \u00eentemeiat\u0103 de TRACUL ENEEA \u015fi nu \u00eent\u00e2mpl\u0103tor are ca simbol&#8230; LUPUL !  Toat\u0103 Istoria Romei este impregnat\u0103 de influen\u0163a str\u0103bunilor no\u015ftri,  \u00eencep\u00e2nd cu LIMBA \u015fi continu\u00e2nd cu prezen\u0163a dacilor \u00een Legiunile romane  din toate col\u0163urile Imperiului. Pu\u0163ini sunt con\u015ftien\u0163i de faptul c\u0103  Minun\u0103\u0163iile Romei se datoreaz\u0103 \u00een mare parte AURULUI DACIC, Forumul  Imperial fiind martor cu Columna lui Traian-tracul \u015fi Arcul lui  Constantin-dacul. Pu\u0163ini \u015ftiu c\u0103 DACIA a dat Imperiului 8 \u00eemp\u0103ra\u0163i, iar  gotul (getul ?) Theodoric a plecat din DACIA la cucerirea Romei, purt\u00e2nd  DRACONUL DACIC \u015fi l\u0103s\u00e2nd urme evidente \u00een acest sens la Ravenna. Pu\u0163ini  \u015ftiu c\u0103 exist\u0103 \u00een Europa, dar mai ales \u00een Italia, 200 de statui de  maiesto\u015fi daci, ca dovad\u0103 a m\u0103re\u0163iei str\u0103bunilor no\u015ftri ! Pu\u0163ini \u015ftiu c\u0103  Burebista a intervenit \u00een luptele intestine ale Imperiului \u015fi dat o  \u201elec\u0163ie\u201d cel\u0163ilor Boi \u015fi Taurisci, \u00eemping\u00e2ndu-i afar\u0103 din DACIA ! Astfel  se poate explica resentimentul fa\u0163\u0103 de noi, al urma\u015filor acestora din  nordul Italiei.<\/p>\n<p>A venit vremea s\u0103 ne AP\u0102R\u0102M DEMNITATEA \u015fi s\u0103 NE SPUNEM CUV\u00c2NTUL \u00een Peninsul\u0103 \u015fi \u00een Patrie !<\/p>\n<p>&nbsp;<\/p>\n<p>Va continua&#8230;<\/p>\n","protected":false},"excerpt":{"rendered":"<p>\u00cencep\u00e2nd de azi 24 Aprilie 2011, Ziua Sf\u00e2nt\u0103 de Pa\u015fti, voi \u00eencepe o Campanie de realizare \u00een Diaspora, a unui partid etnic al emigran\u0163ilor din Spa\u0163iul Carpato-Dun\u0103reano-Pontic, sub denumirea de \u201eMi\u015fcarea DACIA\u201d. De\u00a0 fapt, aceast\u0103 idee am avut-o acum doi ani, dar atunci nu aveam cu ce s\u0103 \u201ene prezent\u0103m\u201d, \u00een materie de Principii \u015fi [&hellip;]<\/p>\n","protected":false},"author":2,"featured_media":0,"comment_status":"open","ping_status":"open","sticky":false,"template":"","format":"standard","meta":{"footnotes":""},"categories":[69,73],"tags":[1581,210,390,295],"jetpack_featured_media_url":"","_links":{"self":[{"href":"https:\/\/bassdu.mine.bz\/index.php?rest_route=\/wp\/v2\/posts\/1659"}],"collection":[{"href":"https:\/\/bassdu.mine.bz\/index.php?rest_route=\/wp\/v2\/posts"}],"about":[{"href":"https:\/\/bassdu.mine.bz\/index.php?rest_route=\/wp\/v2\/types\/post"}],"author":[{"embeddable":true,"href":"https:\/\/bassdu.mine.bz\/index.php?rest_route=\/wp\/v2\/users\/2"}],"replies":[{"embeddable":true,"href":"https:\/\/bassdu.mine.bz\/index.php?rest_route=%2Fwp%2Fv2%2Fcomments&post=1659"}],"version-history":[{"count":3,"href":"https:\/\/bassdu.mine.bz\/index.php?rest_route=\/wp\/v2\/posts\/1659\/revisions"}],"predecessor-version":[{"id":1662,"href":"https:\/\/bassdu.mine.bz\/index.php?rest_route=\/wp\/v2\/posts\/1659\/revisions\/1662"}],"wp:attachment":[{"href":"https:\/\/bassdu.mine.bz\/index.php?rest_route=%2Fwp%2Fv2%2Fmedia&parent=1659"}],"wp:term":[{"taxonomy":"category","embeddable":true,"href":"https:\/\/bassdu.mine.bz\/index.php?rest_route=%2Fwp%2Fv2%2Fcategories&post=1659"},{"taxonomy":"post_tag","embeddable":true,"href":"https:\/\/bassdu.mine.bz\/index.php?rest_route=%2Fwp%2Fv2%2Ftags&post=1659"}],"curies":[{"name":"wp","href":"https:\/\/api.w.org\/{rel}","templated":true}]}}