{"id":1663,"date":"2011-04-26T19:33:07","date_gmt":"2011-04-26T18:33:07","guid":{"rendered":"http:\/\/bassdu.mine.nu\/?p=1663"},"modified":"2011-04-26T19:35:33","modified_gmt":"2011-04-26T18:35:33","slug":"anunt-important-2","status":"publish","type":"post","link":"https:\/\/bassdu.mine.bz\/?p=1663","title":{"rendered":"ANUN\u0162 IMPORTANT (2)"},"content":{"rendered":"<p>CONSECIN\u0162ELE FORM\u0102RII PARTIDULUI UNIC AL ROM\u00c2NILOR DIN ITALIA.<\/p>\n<p>\u00cen mod paradoxal, fiind eu un na\u0163ionalist convins, recomand \u00een acest moment tuturor rom\u00e2nilor din Peninsul\u0103 ob\u0163inerea dublei cet\u0103\u0163enii, cu scopul de a se putea interveni eficient \u00een via\u0163a politic\u0103 a ambelor \u0163\u0103ri. Efectul imediat ar fi o \u201e\u00eenfr\u0103\u0163ire\u201d mai pronun\u0163at\u0103 a celor dou\u0103 popoare, ce deja au antecedente \u00een acest sens, dup\u0103 cum am explicat mai devreme.\u00a0 Sunt mul\u0163i cei ce sus\u0163in azi&#8230; INTEGRAREA rom\u00e2nilor din Italia, uit\u00e2nd c\u0103 \u00een acest fel se cere de fapt DEZNA\u0162IONALIZAREA propriului popor !? Noi suntem ortodoc\u015fi, avem C\u0103lu\u015farii, Nedeile, S\u00e2nzienele, Dragobetele, Miori\u0163a, Doina, Hora, etc. \u015fi mi se pare ridicol s\u0103 se cear\u0103 cona\u0163ionalilor s\u0103 trec\u0103 \u201edi colpo\u201d la Tarantella \u015fi&#8230; catolicism ! Noi suntem deja integra\u0163i \u00een&#8230; EUROPA \u015fi nu avem nevoie de alte &#8230; INTEGR\u0102RI !!!<br \/>\nS\u0102 NE IMAGIN\u0102M C\u0102 ACEST PARTID UNIC SE VA FORMA :<br \/>\n\u00ceN ITALIA ar apare partidul celei mai numeroase minorit\u0103\u0163i, independent de Bucure\u015fti pentru chestiunile politice italiene\u015fti \u015fi independent de Roma, pentru chestiunile politice rom\u00e2ne\u015fti.\u00a0 Desigur reprezentarea va fi expresie a ponderii numerice, dar poate deveni DECISIV\u0102 pentru guvernare, pe ambele \u201efronturi\u201d. Valoarea acestei forma\u0163iuni politice va fi cu at\u00e2t mai mare, cu c\u00e2t Principiile \u015fi Obiectivele adoptate vor fi mai ELEVATE. Aici fac precizarea c\u0103 propunerile noastre de la \u201eMi\u015fcarea DACIA\u201d, sunt obiective de perspectiv\u0103, ce vor necesita poate ani de zile, pentru a fi traduse \u00een realitate. Se poate pleca de la un program simplu \u015fi aplicabil imediat, care s\u0103 cuprind\u0103 de exemplu :<\/p>\n<p>1.\u00a0 Recunoa\u015fterea oficial\u0103 a Bisericii Ortodoxe \u015fi a dreptului la \u201eotto per mille\u201d (8 la mie din impozitele rom\u00e2nilor c\u0103tre statul Italian). Suntem religia cu cei mai mul\u0163i practican\u0163i dup\u0103 cea catolic\u0103 \u015fi totu\u015fi acest drept este &#8230; t\u0103r\u0103g\u0103nat ! Am participat la Slujba de \u00cenviere \u015fi am constatat c\u0103 \u00een Rimini suntem mii de credincio\u015fi ortodoc\u015fi, obliga\u0163i s\u0103 particip\u0103m la slujbe \u00een localuri neconsacrate, sau chiar \u00een &#8230; aer liber !? A\u015fa procesiuni cum am v\u0103zut ieri la Rimini, organizate de cele dou\u0103 Biserici Ortodoxe, nu am v\u0103zut la catolici \u00een 22 de ani ! Este u\u015for de imaginat amploarea manifest\u0103rilor din marile ora\u015fe italiene !<br \/>\n2.\u00a0 Alian\u0163e electorale cu partide italiene\u015fti, care r\u0103spund mai bine INTERESELOR COMUNIT\u0102\u0162II \u015fi ne ap\u0103r\u0103 DEMNITATEA NA\u0162IONAL\u0102. Astfel, partidele xenofobe, rasiste, etc., ar putea fi&#8230;\u00a0 \u201esanc\u0163ionate prompt\u201d !<br \/>\n3.\u00a0 Reprezentarea \u00een Parlament \u015fi Senat cu proprii candida\u0163i.<br \/>\n4.\u00a0 Combaterea Inechit\u0103\u0163ii \u00een redistribuirea resurselor.<br \/>\n5.\u00a0 Combaterea \u015eomajului pe baza principiului : \u201eMunc\u0103 mai pu\u0163in\u0103 \u015fi pentru to\u0163i\u201d<br \/>\n6.\u00a0 Sprijinirea Dezvolt\u0103rii Sustenabile.<br \/>\n7.\u00a0 Sprijinirea politicilor Ambientaliste.<br \/>\n8.\u00a0 Lupta pentru Pace.<br \/>\n9.\u00a0 Emisiuni radio-televizive \u00een limba rom\u00e2n\u0103 gestionate de etnici rom\u00e2ni.<br \/>\n10. Pres\u0103 \u00een limba rom\u00e2n\u0103 subven\u0163ionat\u0103 \u00een parte de stat.<br \/>\n11. Cultivarea prieteniei rom\u00e2no-italiene.<br \/>\n12. Promovarea culturii rom\u00e2ne\u015fti \u00een Italia.<br \/>\netc.<\/p>\n<p>Rom\u00e2nii din Italia trebuie s\u0103 aib\u0103 un singur partid, deoarece orice diviziune este D\u0102UN\u0102TOARE INTERESULUI NA\u0162IONAL ! Acest lucru trebuie s\u0103-l priceap\u0103 \u00een primul r\u00e2nd filialele partidelor din Rom\u00e2nia, care sunt responsabile de diviziunea actual\u0103. Acordurile PNL-FLI, PSD-PD \u015fi PD-L -PDL, fac numai jocul acestor partide \u015fi al c\u00e2torva \u201e\u015fefule\u0163i\u201d, neaduc\u00e2nd avantaje Comunit\u0103\u0163ii. Mai devreme sau mai t\u00e2rziu, vor da socoteal\u0103, nefiind capabili s\u0103 r\u0103spund\u0103 acestui Interes Na\u0163ional ! PIR-ul de asemenea, trebuie s\u0103 \u00eenceap\u0103 o campanie de \u201eneagresiune\u201d \u015fi de Dialog, pentru \u201ea le face loc\u201d \u015fi altora.<br \/>\nRom\u00e2nii trebuie s\u0103 \u015ftie c\u0103 au un singur partid, cu mai multe \u201einimi\u201d, dar cu o Platform\u0103 comun\u0103 \u015fi respectuos al principiului reprezent\u0103rii democratice !<br \/>\nImagina\u0163i-v\u0103 apari\u0163ia unui Partid, cu un Program de avangard\u0103, independent, care ar putea modifica echilibrul actual de pe scena politic\u0103 italian\u0103 ! Impactul ar fi benefic at\u00e2t pentru Diaspor\u0103, c\u00e2t \u015fi pentru Patrie, prin cre\u015fterea prestigiului rom\u00e2nilor \u015fi al Rom\u00e2niei !<br \/>\nCine se opune acestui Interes Na\u0163ional, va deveni \u201e\u0163ap isp\u0103\u015fitor\u201d pentru continuarea persecu\u0163iei \u015fi victimiz\u0103rii rom\u00e2nilor \u015fi Rom\u00e2niei !<br \/>\nPIR-ul (Partidul Identitatea Rom\u00e2neasc\u0103) trebuie s\u0103 invite la dialog pe ceilal\u0163i subiec\u0163i politici, pentru stabilirea unui Pact de Neagresiune \u015fi punerea bazelor unui Dialog constructiv.<br \/>\nAlegerile administrative din mai, vor demonstra c\u0103 diviza\u0163i, nu \u00eensemn\u0103m nimic pe scena politic\u0103 italian\u0103, de\u015fi reprezent\u0103m 3% din popula\u0163ie. Cu un partid rom\u00e2nesc votat de 3% din aleg\u0103tori \u015fi cu alian\u0163e juste, DACII VOR PUTEA INFLUEN\u0162A DIN NOU SOARTA ROMEI !<\/p>\n","protected":false},"excerpt":{"rendered":"<p>CONSECIN\u0162ELE FORM\u0102RII PARTIDULUI UNIC AL ROM\u00c2NILOR DIN ITALIA. \u00cen mod paradoxal, fiind eu un na\u0163ionalist convins, recomand \u00een acest moment tuturor rom\u00e2nilor din Peninsul\u0103 ob\u0163inerea dublei cet\u0103\u0163enii, cu scopul de a se putea interveni eficient \u00een via\u0163a politic\u0103 a ambelor \u0163\u0103ri. Efectul imediat ar fi o \u201e\u00eenfr\u0103\u0163ire\u201d mai pronun\u0163at\u0103 a celor dou\u0103 popoare, ce deja [&hellip;]<\/p>\n","protected":false},"author":2,"featured_media":0,"comment_status":"open","ping_status":"open","sticky":false,"template":"","format":"standard","meta":{"footnotes":""},"categories":[69,73],"tags":[128,45,1581,11,210,390,528,70,295,41],"jetpack_featured_media_url":"","_links":{"self":[{"href":"https:\/\/bassdu.mine.bz\/index.php?rest_route=\/wp\/v2\/posts\/1663"}],"collection":[{"href":"https:\/\/bassdu.mine.bz\/index.php?rest_route=\/wp\/v2\/posts"}],"about":[{"href":"https:\/\/bassdu.mine.bz\/index.php?rest_route=\/wp\/v2\/types\/post"}],"author":[{"embeddable":true,"href":"https:\/\/bassdu.mine.bz\/index.php?rest_route=\/wp\/v2\/users\/2"}],"replies":[{"embeddable":true,"href":"https:\/\/bassdu.mine.bz\/index.php?rest_route=%2Fwp%2Fv2%2Fcomments&post=1663"}],"version-history":[{"count":2,"href":"https:\/\/bassdu.mine.bz\/index.php?rest_route=\/wp\/v2\/posts\/1663\/revisions"}],"predecessor-version":[{"id":1665,"href":"https:\/\/bassdu.mine.bz\/index.php?rest_route=\/wp\/v2\/posts\/1663\/revisions\/1665"}],"wp:attachment":[{"href":"https:\/\/bassdu.mine.bz\/index.php?rest_route=%2Fwp%2Fv2%2Fmedia&parent=1663"}],"wp:term":[{"taxonomy":"category","embeddable":true,"href":"https:\/\/bassdu.mine.bz\/index.php?rest_route=%2Fwp%2Fv2%2Fcategories&post=1663"},{"taxonomy":"post_tag","embeddable":true,"href":"https:\/\/bassdu.mine.bz\/index.php?rest_route=%2Fwp%2Fv2%2Ftags&post=1663"}],"curies":[{"name":"wp","href":"https:\/\/api.w.org\/{rel}","templated":true}]}}