{"id":1718,"date":"2011-07-06T00:15:55","date_gmt":"2011-07-05T23:15:55","guid":{"rendered":"http:\/\/bassdu.mine.nu\/?p=1718"},"modified":"2011-07-06T00:15:55","modified_gmt":"2011-07-05T23:15:55","slug":"intelectuali-romani-va-ordon-treceti-prutul","status":"publish","type":"post","link":"https:\/\/bassdu.mine.bz\/?p=1718","title":{"rendered":"Intelectuali rom\u00e2ni, v\u0103 ordon, trece\u0163i Prutul !"},"content":{"rendered":"<p><em>\u201eMi\u015fcarea Dacia\u201d propune \u015fi \u00eemp\u0103rt\u0103\u015fe\u015fte un \u201estrig\u0103t\u201d de peste Prut :<\/em><\/p>\n<p>&nbsp;<\/p>\n<p>Reac\u0163ia intelectualilor de ras\u0103 de peste Prut, inclusiv a ziari\u015ftilor, la declara\u0163iile pre\u015fedintelui Traian B\u0103sescu a fost uimitor de univoc\u0103 \u015fi solidar\u0103: to\u0163i l-au acuzat cu pasiune patriotic\u0103. \u00cenvinuirile au curs g\u00e2rl\u0103, ca la comand\u0103, ele complet\u00e2nd \u00eentreaga \u201egril\u0103\u201d a deontologiei anti-B\u0103sescu &#8211; de la mu\u015fc\u0103turi intelectuale rafinate p\u00e2n\u0103 la afirma\u0163ii \u201ecurajoase\u201d despre aceea c\u0103 \u015feful statului rom\u00e2n este \u201eamicul lui Hitler\u201d ori sugestii mojice\u015fti deschise de a-l b\u0103ga pe B\u0103sescu la balamuc\u2026<\/p>\n<p>Eu sunt boier mare, ei sunt ni\u015fte pro\u015fti<\/p>\n<p>Constat acest lucru f\u0103r\u0103 inten\u0163ia de a intra \u00een polemic\u0103 cu ei sau de a le da note &#8211; nici nu are rost, deoarece, presupun, ace\u015ftia nu mai au timp ca s\u0103-i intereseze \u015fi punctul de vedere exprimat de un oarecare \u201erus\u201d din Basarabia. Subliniez din start c\u0103 ceea ce urmeaz\u0103 mai jos exprim\u0103 un punct de vedere personal, subiectiv, f\u0103r\u0103 preten\u0163ii de a fi adev\u0103rul \u00een ultim\u0103 instan\u0163\u0103, iar vorbind despre intelectualii rom\u00e2ni nu generalizez, ci m\u0103 refer doar la cazuri concrete, f\u0103r\u0103 a da numele autorilor. Cred c\u0103, \u00een leg\u0103tur\u0103 cu acest subiect, e perfect aplicabil\u0103 opinia lui Andrei Ple\u015fu, care scrie c\u0103 \u201enu se poate readuce \u00een scen\u0103 delictul de opinie. A fi pro-B\u0103sescu e la fel de \u00eeng\u0103duit ca \u015fi a fi anti-, cu condi\u0163ia s\u0103 nu ai alte motiva\u0163ii \u00een afara convingerilor personale\u201d. Subscriu acestei atitudini, dar cu o precizare: a fi \u201epro-B\u0103sescu\u201d \u00een RM este cu totul altceva dec\u00e2t a fi \u201epro-B\u0103sescu\u201d \u00een Rom\u00e2nia&#8230; La Bucure\u015fti e u\u015for (la mod\u0103) s\u0103 te \u201espeli pe m\u00e2ini\u201d \u015fi s\u0103 nu vezi aceast\u0103 diferen\u0163\u0103, afirm\u00e2nd, cum o face un fost ministru de Externe al lui B\u0103sescu, c\u0103 acesta, chipurile, prin declara\u0163ia sa \u201ea renun\u0163at f\u0103r\u0103 remu\u015fc\u0103ri la stima a zece intelectuali\u2026 \u00een schimbul voturilor a 1000 de creduli de ocazie, fie ei na\u0163ionali\u015fti, habarni\u015fti, frustra\u0163i, naivi sau lipsi\u0163i de educa\u0163ie\u201d\u2026 Ca s\u0103 vezi, zece intelectuali \u201ede ras\u0103\u201d conteaz\u0103 mai mult dec\u00e2t 1000 de pro\u015fti care voteaz\u0103!.. Mentalitate european\u0103\u2026 ca a vornicului Mo\u0163oc, cel care-i spunea domnitorului c\u0103 el e boier mare, iar cei mul\u0163i sunt ni\u015fte pro\u015fti \u015fi-l sf\u0103tuia s\u0103 dea cu tunul \u00een ei\u2026<\/p>\n<p><strong>O istorie \u00eendep\u0103rtat\u0103 sau \u201eo grav\u0103 problem\u0103 a prezentului\u201d?<\/strong><br \/>\n\u2026\u00cei amintesc fostului domn ministru c\u0103 numai \u00een RM num\u0103rul de voturi date lui B\u0103sescu a fost cu mult mai mare de 1000, iar a-i cataloga pe to\u0163i rom\u00e2nii de aici care au votat cu B\u0103sescu drept \u201ena\u0163ionali\u015fti, habarni\u015fti, frustra\u0163i, naivi sau lipsi\u0163i de educa\u0163ie\u201d este cel pu\u0163in mai mult dec\u00e2t lips\u0103 elementar\u0103 de\u2026 educa\u0163ie. Dac\u0103 marii intelectuali rom\u00e2ni de la Bucure\u015fti ar fi avut interesul s\u0103 \u015ftie ce reac\u0163ii au provocat declara\u0163iile lui B\u0103sescu la Chi\u015fin\u0103u, ar fi fost mai aten\u0163i \u00een formul\u0103ri \u015fi atitudini. Aici, la Chi\u015fin\u0103u, \u201ena\u0163ionali\u015ftii \u015fi habarni\u015ftii\u201d au reac\u0163ionat nu at\u00e2t la cele spuse de c\u0103tre B\u0103sescu despre regele Mihai, c\u00e2t la declara\u0163ia sa c\u0103, dac\u0103 ar fi fost \u00een locul mare\u015falului Antonescu, ar fi dat ordin osta\u015filor s\u0103 treac\u0103 Prutul. \u015ei e absolut firesc, deoarece pentru noi evenimentul evocat de B\u0103sescu nu este istorie \u00eendep\u0103rtat\u0103, ci o realitate \u00eenc\u0103 vie, \u201eo grav\u0103 problem\u0103 a prezentului\u201d. Asta n-o pot \u00een\u0163elege sau nu doresc s\u0103 o \u00een\u0163eleag\u0103 intelectualii de peste Prut. Am re\u0163inut o singur\u0103 voce \u00een presa de la Bucure\u015fti, care nu a sunat \u00een unison. Este vorba despre\u2026 care a \u00eencercat s\u0103 vad\u0103 \u015fi cealalt\u0103 parte a monedei \u00een \u201eafirma\u0163iile impardonabile ale lui B\u0103sescu\u201d. Referindu-se la indignarea Rusiei vizavi de aceste\u2026 impardonabile afirma\u0163ii (\u201eAsemenea bravade neru\u015finate, care justific\u0103 agresiunea fascist\u0103 \u015fi profaneaz\u0103 memoria milioanelor de victime ale nazismului, sunt inadmisibile\u201d), autorul constat\u0103, cu mult bun-sim\u0163\u2026 istoric: \u201eCa rom\u00e2n, oric\u00e2t de mult l-ai ur\u00ee pe B\u0103sescu &#8211; \u015fi exist\u0103 destui care l-ar trimite \u00een prima linie la Stalingrad! -, nu po\u0163i jubila \u00een fa\u0163a agresivit\u0103\u0163ii diploma\u0163iei ruse. Dac\u0103 ofensiva venea dinspre Fran\u0163a sau Madagascar, mai treac\u0103-mearg\u0103, dar rom\u00e2nii au sensibilit\u0103\u0163i istorice \u00een rela\u0163ia cu doi vecini: unul actual (Ungaria) \u015fi altul fost (URSS\/Rusia). Nu \u00eent\u00e2mpl\u0103tor, pe aceste direc\u0163ii se dezvolt\u0103, ciclic, \u015fi temele na\u0163ionaliste \u00een perioadele electorale\u201d.<\/p>\n<p>Mai citez o remarc\u0103, foarte important\u0103, \u00een contextual discutat: \u201eS\u0103 fim bine \u00een\u0163ele\u015fi: B\u0103sescu a gre\u015fit. Dar a gre\u015fit \u00een rela\u0163ia cu Regele Mihai \u015fi cu istoria noastr\u0103, nu cu Rusia \u015fi cu istoria imperiului de la r\u0103s\u0103rit! Moscova a s\u0103rit de fund \u00een sus c\u00e2nd B\u0103sescu a spus c\u0103, \u00een condi\u0163iile anului 1941, \u015fi el ar fi ordonat trupelor rom\u00e2ne s\u0103 treac\u0103 Prutul. Ce ar vrea Kremlinul, ca Bucure\u015ftiul s\u0103 spun\u0103 c\u0103 Basarabia e p\u0103m\u00e2nt rusesc? Dar asta ar fi o uria\u015f\u0103 minciun\u0103 istoric\u0103! De ce nu explic\u0103 diploma\u0163ii ru\u015fi ai anului 2011 ce c\u0103utau trupele sovietice \u00een Basarabia anului 1941? Poate-\u015fi amintesc, totu\u015fi, cum au ocupat, cu exact un an \u00eenainte, acest vechi teritoriu rom\u00e2nesc. Traian B\u0103sescu ar fi gre\u015fit dac\u0103 spunea c\u0103 ar fi ordonat trupelor rom\u00e2ne s\u0103 treac\u0103 Nistrul, nu Prutul! \u015ei apoi: de ce continu\u0103 Rusia s\u0103 se identifice cu URSS? Poate se uit\u0103 totu\u015fi pe hart\u0103 \u015fi vede c\u0103 \u00een prezent nu mai are grani\u0163\u0103 cu Rom\u00e2nia, deci nu mai exist\u0103 motive de disput\u0103 teritorial\u0103. Vecinul nostru de la r\u0103s\u0103rit \u015fi de la miaz\u0103noapte e Ucraina. Sau avem vederi diferite \u00een privin\u0163a Transnistriei, moneda de schimb dat\u0103 Republicii Moldova de Stalin pentru sudul Basarabiei? Dar ce caut\u0103 Rusia, cu armat\u0103 cu tot, pe teritoriul unei \u0163\u0103ri independente? Acestea-s problemele grave, cele ale prezentului, nu o declara\u0163ie formal\u0103 despre evenimente din urm\u0103 cu 70 de ani!<\/p>\n<p>Echivalen\u0163a Rusia = URSS am mai \u00eent\u00e2lnit-o \u015fi la Mihail Gorbaciov, anul trecut, c\u00e2nd s-a aflat \u00een vizit\u0103 la Bucure\u015fti. Ba, mai mult: \u015fi ideea propagandistic\u0103 a bravei Armate Ro\u015fii care a eliberat Rom\u00e2nia de sub sinistra ocupa\u0163ie nazist\u0103. \u015ei Gorbaciov, \u015fi actualii conduc\u0103tori ru\u015fi uit\u0103 s\u0103 spun\u0103 c\u0103 ne-au eliberat de nazi\u015fti ca s\u0103 ne ocupe ei! \u015ei c\u0103 Armata Ro\u015fie a f\u0103cut Rom\u00e2niei mai mult r\u0103u chiar \u015fi dec\u00e2t trupele naziste. C\u00e2nd Rusia, mo\u015ftenitoarea Uniunii Sovietice, va recunoa\u015fte faptul c\u0103 ne-a schimonosit istoria (inclusiv prin alungarea Regelui Mihai!), atunci, da, putem s\u0103 dezbatem \u015fi controverse de genul \u201etrebuia sau nu s\u0103 trecem Prutul\u201d.<\/p>\n<p><strong>\u00cenc\u0103 o dat\u0103 despre frontiere<\/strong><br \/>\nRepet, aceast\u0103 voce este singular\u0103, deoarece majoritatea e uluitor de solidar\u0103 \u00een a-l taxa pe B\u0103sescu, pornind de la convingerea c\u0103 ast\u0103zi \u00een Europa este imposibil s\u0103 g\u0103se\u015fti un lider ce ar afirma c\u0103, dac\u0103 ar fi tr\u0103it atunci, ar fi mers \u00een r\u0103zboi \u00een alian\u0163\u0103 cu Hitler. \u201eNu despre istorie este vorba aici\u2026, zice unul dintre jurnali\u015fti, ci despre prezent\u201d. Despre care prezent? ne \u00eentreb\u0103m noi, cei din RM. Despre un prezent din care, dac\u0103 punem astfel problema, noi nu mai facem parte \u015fi pentru care cele c\u00e2teva milioane de etnici rom\u00e2ni de aici nu mai conteaz\u0103? \u201eConstruc\u0163ia european\u0103 de dup\u0103 sf\u00e2r\u015fitul celui de-al Doilea R\u0103zboi Mondial \u015fi din care Rom\u00e2nia face ast\u0103zi parte &#8211; continu\u0103 filozofic \u015fi pov\u0103\u0163uitor autorul &#8211; a fost g\u00e2ndit\u0103 tocmai pentru a evita o nou\u0103 confruntare. Oric\u00e2t le-ar p\u0103rea unora de glorios, un r\u0103zboi pentru \u201erecuperarea de teritorii\u201d, vorba pre\u015fedintelui, este exclus. Frontierele sunt recunoscute de to\u0163i\u201d. E adev\u0103rat, preciz\u0103m noi, \u201efrontierele sunt recunoscute de to\u0163i\u201d, dar respectate sunt doar de unii. Germania nu a recunoscut aceste frontiere \u015fi s-a reunificat, Rusia le recunoa\u015fte formal, dar \u00een fapt le contest\u0103 \u00een permanen\u0163\u0103, mai p\u0103str\u00e2nd \u015fi trupe \u00een alte \u0163\u0103ri suverane, cum e RM, de exemplu. \u201eLiderii politici sunt foarte aten\u0163i c\u00e2nd vorbesc despre istorie, ne mai sf\u0103tuie\u015fte autorul, tocmai pentru a nu-i deranja pe ceilal\u0163i\u201d. \u00cendeosebi, pe ru\u015fi, mai preciz\u0103m noi. Fire\u015fte, adev\u0103rul despre istoria noastr\u0103 \u201ezg\u00e2rie urechi sensibile la Berlin, Ierusalim, Moscova \u015fi \u00een alte p\u0103r\u0163i\u201d, dar acest adev\u0103r trebuie spus fiindc\u0103 el nu vizeaz\u0103, cum crede autorul, \u201ec\u00e2teva voturi de la nostalgicii na\u0163ional-comunismului \u015fi de la creierele rase ale extremei drepte\u201d. Acest adev\u0103r este c\u0103 o parte a poporului rom\u00e2n a r\u0103mas \u00een afara frontierelor, \u201egra\u0163ie\u201d ru\u015filor pe care suntem sf\u0103tui\u0163i \u201es\u0103 nu-i deranj\u0103m\u201d. Dar de ce s\u0103 nu-i deranj\u0103m, dac\u0103 adev\u0103rul este de partea noastr\u0103?!<\/p>\n<p><strong>Ce zg\u00e2rie urechile unor intelectuali de la Bucure\u015fti ???<\/strong><br \/>\nPentru a nu zg\u00e2ria urechile unor intelectuali de la Bucure\u015fti nu voi mai \u00eentreba dac\u0103 mai este Basarabia p\u0103m\u00e2nt rom\u00e2nesc sau nu. \u00cei \u00eentreb altceva: a existat raptul sovietic din 28 iunie 1940? Dac\u0103 intelectualii rom\u00e2ni care-l atac\u0103 pe B\u0103sescu nu cunosc adev\u0103rul despre 28 iunie 1940, \u00eemi permit s\u0103 parafrazez ordinul mare\u015falului: Intelectuali rom\u00e2ni, v\u0103 implor, trece\u0163i Prutul! Acela\u015fi autor continu\u0103: \u201eAst\u0103zi \u015ftim ce au \u00eensemnat na\u0163ional-socialismul \u015fi lag\u0103rele de exterminare. Cunoa\u015ftem efectele devastatoare pe care r\u0103zboiul declan\u015fat de nazism le-au avut asupra Europei. Ne este cunoscut dezastrul suferit de armata rom\u00e2n\u0103 la Cotul Donului \u015fi pe alte teatre de lupt\u0103 de pe frontul de r\u0103s\u0103rit. \u015etim \u015fi deznod\u0103m\u00e2ntul. Po\u0163i s\u0103 spui azi, cu toate informa\u0163iile la \u00eendem\u00e2n\u0103, c\u0103 \u0163i-ai fi aruncat \u0163ara \u00eentr-o asemenea nebunie?\u201d.<br \/>\nFoarte bine c\u0103 \u015fti\u0163i aceste lucruri, dar e grav, e dureros c\u0103 nu \u015fti\u0163i ce \u00eenseamn\u0103 drama a c\u00e2teva milioane de rom\u00e2ni care continu\u0103 s\u0103 se afle sub cnutul aceleia\u015fi Moscove \u015fi care sunt \u201eefectele devastatoare\u201d asupra acestora. Pre\u015fedintele B\u0103sescu a \u00eendr\u0103znit s\u0103 sparg\u0103 t\u0103cerea \u015fi a spus ceea ce s-au temut s\u0103 spun\u0103 to\u0163i pre\u015fedin\u0163ii Rom\u00e2niei de la c\u0103derea comunismului \u00eencoace. \u015ei pentru acest lucru trebuie trimis la balamuc? A\u015fa cum f\u0103ceau ru\u015fii pe timpul URSS, c\u00e2nd basarabenii riscau s\u0103 recunoasc\u0103 c\u0103 sunt rom\u00e2ni?<\/p>\n<p>Nu \u00eendemn la \u201eun r\u0103zboi glorios\u201d<br \/>\nCu toate c\u0103 nu \u00eendemn la un r\u0103zboi glorios pentru recuperarea de teritorii, cum ironizeaz\u0103 cu totul nepotrivit autorul, nu pot s\u0103 nu amintesc despre exemplul cecenilor \u015fi al s\u00e2rbilor. Pentru un teritoriu pierdut trebuie s\u0103 te ba\u0163i, fiindc\u0103 un teritoriu e cu adev\u0103rat pierdut doar atunci c\u00e2nd renun\u0163i la el. \u015etiu care va fi reac\u0163ia la acest articol aici, la Chi\u015fin\u0103u, cunosc tot inventarul de \u201eargumente\u201d \u015fi acuza\u0163ii &#8211; de la \u201ena\u0163ionalism jegos\u201d p\u00e2n\u0103 la \u201e\u00eencremenirea \u00eentr-un proiect pa\u015foptist\u201d. Consider \u00eens\u0103 c\u0103 e mai nobil s\u0103 \u00eencremene\u015fti, ca rom\u00e2n, \u00eentr-un proiect na\u0163ionalist, dec\u00e2t s\u0103 ie\u015fi din el jigodie f\u0103r\u0103 identitate sau cu identitate&#8230; cosmic\u0103. \u00cen\u0163eleg, Rom\u00e2nia are ast\u0103zi o agend\u0103 \u00eenc\u0103rcat\u0103, \u00eenainte de toate, economic\u0103. Orice popor \u00eens\u0103, orice \u0163ar\u0103 trebuie s\u0103 aib\u0103 \u015fi o agend\u0103 moral\u0103. Pun punct aici ca s\u0103 nu devin patetic \u015fi moralist. Mai exist\u0103 un aspect al acestei probleme &#8211; lipsa de reac\u0163ie a Chi\u015fin\u0103ului la acuza\u0163iile aduse lui B\u0103sescu de c\u0103tre Rusia -, dar subiectul este pentru un alt num\u0103r\u2026<\/p>\n<p>Un articol de: <strong>Constantin T\u0103nase<\/strong><\/p>\n","protected":false},"excerpt":{"rendered":"<p>\u201eMi\u015fcarea Dacia\u201d propune \u015fi \u00eemp\u0103rt\u0103\u015fe\u015fte un \u201estrig\u0103t\u201d de peste Prut : &nbsp; Reac\u0163ia intelectualilor de ras\u0103 de peste Prut, inclusiv a ziari\u015ftilor, la declara\u0163iile pre\u015fedintelui Traian B\u0103sescu a fost uimitor de univoc\u0103 \u015fi solidar\u0103: to\u0163i l-au acuzat cu pasiune patriotic\u0103. \u00cenvinuirile au curs g\u00e2rl\u0103, ca la comand\u0103, ele complet\u00e2nd \u00eentreaga \u201egril\u0103\u201d a deontologiei anti-B\u0103sescu &#8211; [&hellip;]<\/p>\n","protected":false},"author":2,"featured_media":0,"comment_status":"open","ping_status":"open","sticky":false,"template":"","format":"standard","meta":{"footnotes":""},"categories":[73],"tags":[179,460,163,210,669,670],"jetpack_featured_media_url":"","_links":{"self":[{"href":"https:\/\/bassdu.mine.bz\/index.php?rest_route=\/wp\/v2\/posts\/1718"}],"collection":[{"href":"https:\/\/bassdu.mine.bz\/index.php?rest_route=\/wp\/v2\/posts"}],"about":[{"href":"https:\/\/bassdu.mine.bz\/index.php?rest_route=\/wp\/v2\/types\/post"}],"author":[{"embeddable":true,"href":"https:\/\/bassdu.mine.bz\/index.php?rest_route=\/wp\/v2\/users\/2"}],"replies":[{"embeddable":true,"href":"https:\/\/bassdu.mine.bz\/index.php?rest_route=%2Fwp%2Fv2%2Fcomments&post=1718"}],"version-history":[{"count":2,"href":"https:\/\/bassdu.mine.bz\/index.php?rest_route=\/wp\/v2\/posts\/1718\/revisions"}],"predecessor-version":[{"id":1720,"href":"https:\/\/bassdu.mine.bz\/index.php?rest_route=\/wp\/v2\/posts\/1718\/revisions\/1720"}],"wp:attachment":[{"href":"https:\/\/bassdu.mine.bz\/index.php?rest_route=%2Fwp%2Fv2%2Fmedia&parent=1718"}],"wp:term":[{"taxonomy":"category","embeddable":true,"href":"https:\/\/bassdu.mine.bz\/index.php?rest_route=%2Fwp%2Fv2%2Fcategories&post=1718"},{"taxonomy":"post_tag","embeddable":true,"href":"https:\/\/bassdu.mine.bz\/index.php?rest_route=%2Fwp%2Fv2%2Ftags&post=1718"}],"curies":[{"name":"wp","href":"https:\/\/api.w.org\/{rel}","templated":true}]}}