{"id":174,"date":"2009-05-17T09:52:24","date_gmt":"2009-05-17T08:52:24","guid":{"rendered":"http:\/\/bassdu.mine.nu\/?p=174"},"modified":"2009-05-18T18:16:28","modified_gmt":"2009-05-18T17:16:28","slug":"forum-di-milano","status":"publish","type":"post","link":"https:\/\/bassdu.mine.bz\/?p=174","title":{"rendered":"Forum di Milano"},"content":{"rendered":"<p class=\"MsoNormal\" style=\"margin: 0cm 0cm 10pt; text-align: center;\" align=\"center\"><strong style=\"mso-bidi-font-weight: normal;\"><span style=\"font-size: 18pt; line-height: 115%;\"><span style=\"font-family: Calibri;\">Forum di Milano<span style=\"mso-spacerun: yes;\"> <\/span>23-24.05.2009<\/span><\/span><\/strong><\/p>\n<p class=\"MsoNormal\" style=\"margin: 0cm 0cm 10pt;\"><span style=\"font-size: 18pt; line-height: 115%;\"><span style=\"font-family: Calibri;\"> <\/span><\/span><\/p>\n<p class=\"MsoNormal\" style=\"margin: 0cm 0cm 10pt;\"><span style=\"font-size: 12pt; line-height: 115%;\"><span style=\"font-family: Calibri;\"><span style=\"mso-spacerun: yes;\"> <\/span>Sabato prossimo si incontreranno a Milano rappresentanti delle Associazioni romeno &#8211; italiane per stabilire le misure da attuare, in vista di una migliore rappresentativit\u00e0.<\/span><\/span><\/p>\n<p class=\"MsoNormal\" style=\"margin: 0cm 0cm 10pt;\"><span style=\"font-size: 12pt; line-height: 115%;\"><span style=\"font-family: Calibri;\"><span style=\"mso-spacerun: yes;\"> <\/span>Perci\u00f2, chi ha delle proposte da fare e non sar\u00e0 presente, le pu\u00f2 fare anche sul mio Blog.<\/span><\/span><\/p>\n<p class=\"MsoNormal\" style=\"margin: 0cm 0cm 10pt;\"><span style=\"font-size: 12pt; line-height: 115%;\"><span style=\"font-family: Calibri;\"><span style=\"mso-spacerun: yes;\"> <\/span>Io intendo presentare delle proposte per migliorare l\u2019attivit\u00e0 delle Associazioni, che poi faranno delle richieste pertinenti alle Autorit\u00e0 romene, italiane ed ecclesiastiche.<\/span><\/span><\/p>\n<p class=\"MsoNormal\" style=\"margin: 0cm 0cm 10pt;\"><span style=\"font-size: 12pt; line-height: 115%;\"><span style=\"font-family: Calibri;\"><span style=\"mso-spacerun: yes;\"> <\/span>Siccome nel futuro prossimo si avvieranno contatti con la Diaspora negli altri paesi di forte migrazione, aspettiamo<span style=\"mso-spacerun: yes;\"> <\/span>iniziative analoghe e proposte.<\/span><\/span><\/p>\n<p class=\"MsoNormal\" style=\"margin: 0cm 0cm 10pt;\"><span style=\"font-size: 12pt; line-height: 115%;\"><span style=\"font-family: Calibri;\"><span style=\"mso-spacerun: yes;\"> <\/span>Ecco le mie proposte in attesa del dibattito e delle controproposte:<\/span><\/span><\/p>\n<p class=\"MsoNormal\" style=\"margin: 0cm 0cm 10pt;\"><span style=\"font-size: 12pt; line-height: 115%;\"><span style=\"font-family: Calibri;\"> <\/span><\/span><\/p>\n<p class=\"MsoNormal\" style=\"margin: 0cm 0cm 10pt;\"><strong style=\"mso-bidi-font-weight: normal;\"><em style=\"mso-bidi-font-style: normal;\"><span style=\"text-decoration: underline;\"><span style=\"font-size: 12pt; line-height: 115%;\"><span style=\"font-family: Calibri;\">Per le Associazioni:<\/span><\/span><\/span><\/em><\/strong><\/p>\n<p class=\"MsoNormal\" style=\"margin: 0cm 0cm 10pt;\"><span style=\"font-size: 12pt; line-height: 115%;\"><span style=\"font-family: Calibri;\">-Far prevalere l\u2019interesse della Comunit\u00e0 su quello privato o di partito.<\/span><\/span><\/p>\n<p class=\"MsoNormal\" style=\"margin: 0cm 0cm 10pt;\"><span style=\"font-size: 12pt; line-height: 115%;\"><span style=\"font-family: Calibri;\">-Creazione della base di massa con: evidenza, contributo finanziario, riunioni, dibattito, ecc.<\/span><\/span><\/p>\n<p class=\"MsoNormal\" style=\"margin: 0cm 0cm 10pt;\"><span style=\"font-size: 12pt; line-height: 115%;\"><span style=\"font-family: Calibri;\">-Mantenere vivi i rapporti con i partiti del cuore, se ci sono.<\/span><\/span><\/p>\n<p class=\"MsoNormal\" style=\"margin: 0cm 0cm 10pt;\"><span style=\"font-size: 12pt; line-height: 115%;\"><span style=\"font-family: Calibri;\">-Nominare uno <strong style=\"mso-bidi-font-weight: normal;\"><em style=\"mso-bidi-font-style: normal;\"><span style=\"text-decoration: underline;\">Sfat al Diasporei<\/span><\/em><\/strong> in Italia che faccia delle proposte e stabilisca le tattiche e le strategie da perseguire.<\/span><\/span><\/p>\n<p class=\"MsoNormal\" style=\"margin: 0cm 0cm 10pt;\"><span style=\"font-size: 12pt; line-height: 115%;\"><span style=\"font-family: Calibri;\">-Imporre il rispetto della Lingua Romena nelle discussioni, Forum, articoli giornalistici, ecc.<\/span><\/span><\/p>\n<p class=\"MsoNormal\" style=\"margin: 0cm 0cm 10pt;\"><span style=\"font-size: 12pt; line-height: 115%;\"><span style=\"font-family: Calibri;\">-Far conoscere le Leggi italiane e romene, ed applicarsi per rispettarle ( denunciare atti illegali \u00e8 un obbligo )<\/span><\/span><\/p>\n<p class=\"MsoNormal\" style=\"margin: 0cm 0cm 10pt;\"><span style=\"font-size: 12pt; line-height: 115%;\"><span style=\"font-family: Calibri;\">-Creazione di un Forum on-line per dibattito.<\/span><\/span><\/p>\n<p class=\"MsoNormal\" style=\"margin: 0cm 0cm 10pt;\"><span style=\"font-size: 12pt; line-height: 115%;\"><span style=\"font-family: Calibri;\">-Creazione di strutture di sostegno per connazionali ( Pagine Gialle, Studio avvocatura, commerciale, ecc.)<\/span><\/span><\/p>\n<p class=\"MsoNormal\" style=\"margin: 0cm 0cm 10pt;\"><span style=\"font-size: 12pt; line-height: 115%;\"><span style=\"font-family: Calibri;\">-Creazione di strutture di aggregazione sociale.<\/span><\/span><\/p>\n<p class=\"MsoNormal\" style=\"margin: 0cm 0cm 10pt;\"><span style=\"font-size: 12pt; line-height: 115%;\"><span style=\"font-family: Calibri;\">-Diffondere al estero questi principi, per poter dare forza alla Lobby romena, in vista di una completa rappresentanza.<\/span><\/span><\/p>\n<p class=\"MsoNormal\" style=\"margin: 0cm 0cm 10pt;\"><span style=\"font-size: 12pt; line-height: 115%;\"><span style=\"font-family: Calibri;\"> <\/span><\/span><\/p>\n<p class=\"MsoNormal\" style=\"margin: 0cm 0cm 10pt;\"><strong style=\"mso-bidi-font-weight: normal;\"><em style=\"mso-bidi-font-style: normal;\"><span style=\"text-decoration: underline;\"><span style=\"font-size: 12pt; line-height: 115%;\"><span style=\"font-family: Calibri;\">Per le autorit\u00e0 romene:<\/span><\/span><\/span><\/em><\/strong><\/p>\n<p class=\"MsoNormal\" style=\"margin: 0cm 0cm 10pt;\"><span style=\"font-size: 12pt; line-height: 115%;\"><span style=\"font-family: Calibri;\">-Voto per corrispondenza<\/span><\/span><\/p>\n<p class=\"MsoNormal\" style=\"margin: 0cm 0cm 10pt;\"><span style=\"font-size: 12pt; line-height: 115%;\"><span style=\"font-family: Calibri;\">-Ministro per la Diaspora.<\/span><\/span><\/p>\n<p class=\"MsoNormal\" style=\"margin: 0cm 0cm 10pt;\"><span style=\"font-size: 12pt; line-height: 115%;\"><span style=\"font-family: Calibri;\">-Rappresentanza proporzionale in Parlamento.<\/span><\/span><\/p>\n<p class=\"MsoNormal\" style=\"margin: 0cm 0cm 10pt;\"><span style=\"font-size: 12pt; line-height: 115%;\"><span style=\"font-family: Calibri;\">-Leggi che introducano l\u2019aggravante per i reati commessi all&#8217;estero.<\/span><\/span><\/p>\n<p class=\"MsoNormal\" style=\"margin: 0cm 0cm 10pt;\"><span style=\"font-size: 12pt; line-height: 115%;\"><span style=\"font-family: Calibri;\">-Autogestione carceri romene.<\/span><\/span><\/p>\n<p class=\"MsoNormal\" style=\"margin: 0cm 0cm 10pt;\"><span style=\"font-size: 12pt; line-height: 115%;\"><span style=\"font-family: Calibri;\">-Volantinaggio alle frontiere di stato, per far capire ai turisti romeni ed ai migranti, che stanno per diventare rappresentanti di un popolo ed un paese,\u00a0con le conseguenze di una tale situazione (vedi sopra). Questi volantini devono riportare gli indirizzi utili nei paesi di destinazione, comprese le Associazioni.<\/span><\/span><\/p>\n<p class=\"MsoNormal\" style=\"margin: 0cm 0cm 10pt;\"><span style=\"font-size: 12pt; line-height: 115%;\"><span style=\"font-family: Calibri;\">-Carta d\u2019identit\u00e0 valida al espatrio (come in Italia).<\/span><\/span><\/p>\n<p class=\"MsoNormal\" style=\"margin: 0cm 0cm 10pt;\"><span style=\"font-size: 12pt; line-height: 115%;\"><span style=\"font-family: Calibri;\">-Contributo dallo stato romeno per le Associazioni, gestito dallo <strong style=\"mso-bidi-font-weight: normal;\">Sfat al Diasporei<\/strong> . <\/span><\/span><\/p>\n<p class=\"MsoNormal\" style=\"margin: 0cm 0cm 10pt;\"><span style=\"font-size: 12pt; line-height: 115%;\"><span style=\"font-family: Calibri;\">-Indire un referendum per l\u2019adozione <span style=\"mso-spacerun: yes;\"> <\/span>del nome <strong style=\"mso-bidi-font-weight: normal;\">DACIA<\/strong>, per il territorio nazionale. <\/span><\/span><\/p>\n<p class=\"MsoNormal\" style=\"margin: 0cm 0cm 10pt;\"><span style=\"font-size: 12pt; line-height: 115%;\"><span style=\"font-family: Calibri;\"> <\/span><\/span><\/p>\n<p class=\"MsoNormal\" style=\"margin: 0cm 0cm 10pt;\"><strong style=\"mso-bidi-font-weight: normal;\"><em style=\"mso-bidi-font-style: normal;\"><span style=\"text-decoration: underline;\"><span style=\"font-size: 12pt; line-height: 115%;\"><span style=\"font-family: Calibri;\">Per le autorit\u00e0 italiane:<\/span><\/span><\/span><\/em><\/strong><\/p>\n<p class=\"MsoNormal\" style=\"margin: 0cm 0cm 10pt;\"><span style=\"font-size: 12pt; line-height: 115%;\"><span style=\"font-family: Calibri;\">-Riconoscimento della chiesa ortodossa come ufficiale ( per l\u20198 per mille).<\/span><\/span><\/p>\n<p class=\"MsoNormal\" style=\"margin: 0cm 0cm 10pt;\"><span style=\"font-size: 12pt; line-height: 115%;\"><span style=\"font-family: Calibri;\">-Rappresentanza in Parlamento e sul territorio.<\/span><\/span><\/p>\n<p class=\"MsoNormal\" style=\"margin: 0cm 0cm 10pt;\"><span style=\"font-size: 12pt; line-height: 115%;\"><span style=\"font-family: Calibri;\">&#8211;<strong style=\"mso-bidi-font-weight: normal;\">2<\/strong> ore di trasmissioni in romeno sulle reti Rai, gestite dalla Comunit\u00e0 con l\u2019appoggio della Televisione Romena.<\/span><\/span><\/p>\n<p class=\"MsoNormal\" style=\"margin: 0cm 0cm 10pt;\"><span style=\"font-size: 12pt; line-height: 115%;\"><span style=\"font-family: Calibri;\">-Campagna di riparazione per l\u2019immagine della Romania e dei romeni.<\/span><\/span><\/p>\n<p class=\"MsoNormal\" style=\"margin: 0cm 0cm 10pt;\"><span style=\"font-size: 12pt; line-height: 115%;\"><span style=\"font-family: Calibri;\"> <\/span><\/span><\/p>\n<p class=\"MsoNormal\" style=\"margin: 0cm 0cm 10pt;\"><strong style=\"mso-bidi-font-weight: normal;\"><em style=\"mso-bidi-font-style: normal;\"><span style=\"text-decoration: underline;\"><span style=\"font-size: 12pt; line-height: 115%;\"><span style=\"font-family: Calibri;\">Per la chiesa di qualsiasi rito:<\/span><\/span><\/span><\/em><\/strong><\/p>\n<p class=\"MsoNormal\" style=\"margin: 0cm 0cm 10pt;\"><span style=\"font-size: 12pt; line-height: 115%;\"><span style=\"font-family: Calibri;\">-Contribuire di pi\u00f9 all\u2019aggregazione della Diaspora.<\/span><\/span><\/p>\n<p class=\"MsoNormal\" style=\"margin: 0cm 0cm 10pt;\"><span style=\"font-size: 12pt; line-height: 115%;\"><span style=\"font-family: Calibri;\">-Insistere sull\u2019Educazione civica degli credenti.<\/span><\/span><\/p>\n<p class=\"MsoNormal\" style=\"margin: 0cm 0cm 10pt;\"><span style=\"font-size: 12pt; line-height: 115%;\"><span style=\"font-family: Calibri;\">-Non interferire direttamente nella politica della Comunit\u00e0. <\/span><\/span><\/p>\n<p class=\"MsoNormal\" style=\"margin: 0cm 0cm 10pt;\"><span style=\"font-size: 12pt; line-height: 115%;\"><span style=\"font-family: Calibri;\"> <\/span><\/span><\/p>\n<p class=\"MsoNormal\" style=\"margin: 0cm 0cm 10pt;\"><span style=\"font-size: 12pt; line-height: 115%;\"><span style=\"font-family: Calibri;\">Aspetto i vostri contributi !<\/span><\/span><\/p>\n<p class=\"MsoNormal\" style=\"margin: 0cm 0cm 10pt;\">\n<p class=\"MsoNormal\" style=\"margin: 0cm 0cm 10pt;\"><span style=\"font-size: 12pt; line-height: 115%;\"><span style=\"font-family: Calibri;\">P.S. Chi volesse intervenire , pu\u00f2 usare anche il mio <strong><em><a title=\"FORUM ROMENO IN ITALIA\" href=\"http:\/\/bassdu.mine.nu\/smf\/\" target=\"_self\"><span style=\"text-decoration: underline;\">Forum<\/span><\/a><\/em><\/strong> da\u00a0 poco avviato.<\/span><\/span><\/p>\n<p class=\"MsoNormal\" style=\"margin: 0cm 0cm 10pt;\">\n","protected":false},"excerpt":{"rendered":"<p>Forum di Milano 23-24.05.2009 Sabato prossimo si incontreranno a Milano rappresentanti delle Associazioni romeno &#8211; italiane per stabilire le misure da attuare, in vista di una migliore rappresentativit\u00e0. Perci\u00f2, chi ha delle proposte da fare e non sar\u00e0 presente, le pu\u00f2 fare anche sul mio Blog. Io intendo presentare delle proposte per migliorare l\u2019attivit\u00e0 delle [&hellip;]<\/p>\n","protected":false},"author":2,"featured_media":0,"comment_status":"open","ping_status":"open","sticky":false,"template":"","format":"standard","meta":{"footnotes":""},"categories":[53],"tags":[1580,45,11,70,41],"jetpack_featured_media_url":"","_links":{"self":[{"href":"https:\/\/bassdu.mine.bz\/index.php?rest_route=\/wp\/v2\/posts\/174"}],"collection":[{"href":"https:\/\/bassdu.mine.bz\/index.php?rest_route=\/wp\/v2\/posts"}],"about":[{"href":"https:\/\/bassdu.mine.bz\/index.php?rest_route=\/wp\/v2\/types\/post"}],"author":[{"embeddable":true,"href":"https:\/\/bassdu.mine.bz\/index.php?rest_route=\/wp\/v2\/users\/2"}],"replies":[{"embeddable":true,"href":"https:\/\/bassdu.mine.bz\/index.php?rest_route=%2Fwp%2Fv2%2Fcomments&post=174"}],"version-history":[{"count":6,"href":"https:\/\/bassdu.mine.bz\/index.php?rest_route=\/wp\/v2\/posts\/174\/revisions"}],"predecessor-version":[{"id":180,"href":"https:\/\/bassdu.mine.bz\/index.php?rest_route=\/wp\/v2\/posts\/174\/revisions\/180"}],"wp:attachment":[{"href":"https:\/\/bassdu.mine.bz\/index.php?rest_route=%2Fwp%2Fv2%2Fmedia&parent=174"}],"wp:term":[{"taxonomy":"category","embeddable":true,"href":"https:\/\/bassdu.mine.bz\/index.php?rest_route=%2Fwp%2Fv2%2Fcategories&post=174"},{"taxonomy":"post_tag","embeddable":true,"href":"https:\/\/bassdu.mine.bz\/index.php?rest_route=%2Fwp%2Fv2%2Ftags&post=174"}],"curies":[{"name":"wp","href":"https:\/\/api.w.org\/{rel}","templated":true}]}}