{"id":1741,"date":"2011-08-06T21:55:25","date_gmt":"2011-08-06T20:55:25","guid":{"rendered":"http:\/\/bassdu.mine.nu\/?p=1741"},"modified":"2011-08-06T21:55:25","modified_gmt":"2011-08-06T20:55:25","slug":"tabla-butii-6-august-2011","status":"publish","type":"post","link":"https:\/\/bassdu.mine.bz\/?p=1741","title":{"rendered":"Tabla Bu\u0163ii &#8211; 6 August 2011"},"content":{"rendered":"<p>De\u015fi Cimitirul Eroilor Primului R\u0103zboi Mondial se afl\u0103 \u201e\u00een creierii mun\u0163ilor\u201d, la peste 20 de Km de localit\u0103\u0163ile submontane de pe Valea Teleajenului, afluen\u0163a de vizitatori a fost masiv\u0103. Aceast\u0103 afluen\u0163\u0103 a fost posibil\u0103 datorit\u0103\u00a0 vredniciei autorit\u0103\u0163ilor comunei Cera\u015fu, dar \u015fi a celorlalte comune submontane din zon\u0103, care au reparat drumul forestier. Dup\u0103 Slujba de Pomenire \u015fi interven\u0163ia autorit\u0103\u0163ilor locale, a avut loc o frumoas\u0103 manifestare folcloric\u0103, cu protagoni\u015fti din satele \u00eenvecinate.<\/p>\n<div class=\"mceTemp\">\n<dl id=\"attachment_1742\" class=\"wp-caption alignleft\" style=\"width: 1034px;\">\n<dt class=\"wp-caption-dt\"><a href=\"http:\/\/bassdu.mine.nu\/images\/2011\/08\/SNC007171.jpg\"><img loading=\"lazy\" decoding=\"async\" class=\"alignleft size-medium wp-image-1744\" title=\"SNC00717\" src=\"http:\/\/bassdu.mine.nu\/images\/2011\/08\/SNC007171-300x225.jpg\" alt=\"\" width=\"300\" height=\"225\" srcset=\"https:\/\/bassdu.mine.bz\/images\/2011\/08\/SNC007171-300x225.jpg 300w, https:\/\/bassdu.mine.bz\/images\/2011\/08\/SNC007171-1024x768.jpg 1024w\" sizes=\"(max-width: 300px) 100vw, 300px\" \/><\/a> <a href=\"http:\/\/bassdu.mine.nu\/images\/2011\/08\/SNC00743.jpg\"><img loading=\"lazy\" decoding=\"async\" class=\"aligncenter size-medium wp-image-1745\" title=\"SNC00743\" src=\"http:\/\/bassdu.mine.nu\/images\/2011\/08\/SNC00743-300x225.jpg\" alt=\"\" width=\"300\" height=\"225\" srcset=\"https:\/\/bassdu.mine.bz\/images\/2011\/08\/SNC00743-300x225.jpg 300w, https:\/\/bassdu.mine.bz\/images\/2011\/08\/SNC00743-1024x768.jpg 1024w\" sizes=\"(max-width: 300px) 100vw, 300px\" \/><\/a><a href=\"http:\/\/bassdu.mine.nu\/images\/2011\/08\/SNC00714.jpg\"><br \/>\n<\/a>\n<\/dt>\n<\/dl>\n<\/div>\n<p>&nbsp;<\/p>\n<p>&nbsp;<\/p>\n","protected":false},"excerpt":{"rendered":"<p>De\u015fi Cimitirul Eroilor Primului R\u0103zboi Mondial se afl\u0103 \u201e\u00een creierii mun\u0163ilor\u201d, la peste 20 de Km de localit\u0103\u0163ile submontane de pe Valea Teleajenului, afluen\u0163a de vizitatori a fost masiv\u0103. Aceast\u0103 afluen\u0163\u0103 a fost posibil\u0103 datorit\u0103\u00a0 vredniciei autorit\u0103\u0163ilor comunei Cera\u015fu, dar \u015fi a celorlalte comune submontane din zon\u0103, care au reparat drumul forestier. Dup\u0103 Slujba de [&hellip;]<\/p>\n","protected":false},"author":2,"featured_media":0,"comment_status":"open","ping_status":"open","sticky":false,"template":"","format":"standard","meta":{"footnotes":""},"categories":[3],"tags":[678,675,378,676,679,674,677],"jetpack_featured_media_url":"","_links":{"self":[{"href":"https:\/\/bassdu.mine.bz\/index.php?rest_route=\/wp\/v2\/posts\/1741"}],"collection":[{"href":"https:\/\/bassdu.mine.bz\/index.php?rest_route=\/wp\/v2\/posts"}],"about":[{"href":"https:\/\/bassdu.mine.bz\/index.php?rest_route=\/wp\/v2\/types\/post"}],"author":[{"embeddable":true,"href":"https:\/\/bassdu.mine.bz\/index.php?rest_route=\/wp\/v2\/users\/2"}],"replies":[{"embeddable":true,"href":"https:\/\/bassdu.mine.bz\/index.php?rest_route=%2Fwp%2Fv2%2Fcomments&post=1741"}],"version-history":[{"count":4,"href":"https:\/\/bassdu.mine.bz\/index.php?rest_route=\/wp\/v2\/posts\/1741\/revisions"}],"predecessor-version":[{"id":1750,"href":"https:\/\/bassdu.mine.bz\/index.php?rest_route=\/wp\/v2\/posts\/1741\/revisions\/1750"}],"wp:attachment":[{"href":"https:\/\/bassdu.mine.bz\/index.php?rest_route=%2Fwp%2Fv2%2Fmedia&parent=1741"}],"wp:term":[{"taxonomy":"category","embeddable":true,"href":"https:\/\/bassdu.mine.bz\/index.php?rest_route=%2Fwp%2Fv2%2Fcategories&post=1741"},{"taxonomy":"post_tag","embeddable":true,"href":"https:\/\/bassdu.mine.bz\/index.php?rest_route=%2Fwp%2Fv2%2Ftags&post=1741"}],"curies":[{"name":"wp","href":"https:\/\/api.w.org\/{rel}","templated":true}]}}