{"id":1773,"date":"2011-08-13T22:22:01","date_gmt":"2011-08-13T21:22:01","guid":{"rendered":"http:\/\/bassdu.mine.nu\/?p=1773"},"modified":"2011-08-14T12:28:15","modified_gmt":"2011-08-14T11:28:15","slug":"congresul-de-dacologie-%e2%80%9etablitele-de-la-sinaia%e2%80%9d-bucuresti","status":"publish","type":"post","link":"https:\/\/bassdu.mine.bz\/?p=1773","title":{"rendered":"Congresul de Dacologie &#8211; \u201eT\u0103bli\u0163ele de la Sinaia\u201d &#8211; Bucure\u015fti"},"content":{"rendered":"<p>\u00cen anonimatul mediatic oficial (ca de obicei), s-a desf\u0103\u015furat la Teatrul Odeon din Bucure\u015fti, cel de-al XII-lea Congres de Dacologie, sub obl\u0103duirea aceluia\u015fi domn S\u0103vescu. Participarea a fost impresionant\u0103, de\u015fi s-a putut remarca lipsa tinerilor, care se vede c\u0103 sunt DACI numai \u00een fa\u0163a tastierei !?<br \/>\nLa Lucr\u0103ri au participat nume ilustre ale DACISMULUI, printre care remarc pe domnii Virgil Cue\u015fdean \u015fi Octavian S\u0103rb\u0103toare, aderen\u0163i \u015fi la \u201eMi\u015fcarea Dacia\u201d.<br \/>\n <iframe loading=\"lazy\" width=\"425\" height=\"349\" src=\"http:\/\/www.youtube.com\/embed\/JsclCHKBazk\" frameborder=\"0\" allowfullscreen><\/iframe><br \/>\nIat\u0103 \u015fi c\u00e2teva fotografii realizate cu acest prilej :<br \/>\n<div id=\"attachment_1775\" style=\"width: 310px\" class=\"wp-caption alignleft\"><a href=\"http:\/\/bassdu.mine.nu\/images\/2011\/08\/SNC00755.jpg\"><img loading=\"lazy\" decoding=\"async\" aria-describedby=\"caption-attachment-1775\" src=\"http:\/\/bassdu.mine.nu\/images\/2011\/08\/SNC00755-300x225.jpg\" alt=\"\" title=\"SNC00755\" width=\"300\" height=\"225\" class=\"size-medium wp-image-1775\" srcset=\"https:\/\/bassdu.mine.bz\/images\/2011\/08\/SNC00755-300x225.jpg 300w, https:\/\/bassdu.mine.bz\/images\/2011\/08\/SNC00755-1024x768.jpg 1024w\" sizes=\"(max-width: 300px) 100vw, 300px\" \/><\/a><p id=\"caption-attachment-1775\" class=\"wp-caption-text\">Public numeros, peste capacitatea Teatrului Odeon !<\/p><\/div><br \/>\n<div id=\"attachment_1777\" style=\"width: 310px\" class=\"wp-caption alignleft\"><a href=\"http:\/\/bassdu.mine.nu\/images\/2011\/08\/SNC00771.jpg\"><img loading=\"lazy\" decoding=\"async\" aria-describedby=\"caption-attachment-1777\" src=\"http:\/\/bassdu.mine.nu\/images\/2011\/08\/SNC00771-300x225.jpg\" alt=\"\" title=\"SNC00771\" width=\"300\" height=\"225\" class=\"size-medium wp-image-1777\" srcset=\"https:\/\/bassdu.mine.bz\/images\/2011\/08\/SNC00771-300x225.jpg 300w, https:\/\/bassdu.mine.bz\/images\/2011\/08\/SNC00771-1024x768.jpg 1024w\" sizes=\"(max-width: 300px) 100vw, 300px\" \/><\/a><p id=\"caption-attachment-1777\" class=\"wp-caption-text\"> Media Oficial\u0103 se ocup\u0103 de ... altceva !?<\/p><\/div><br \/>\n<div id=\"attachment_1779\" style=\"width: 310px\" class=\"wp-caption alignleft\"><a href=\"http:\/\/bassdu.mine.nu\/images\/2011\/08\/SNC00774.jpg\"><img loading=\"lazy\" decoding=\"async\" aria-describedby=\"caption-attachment-1779\" src=\"http:\/\/bassdu.mine.nu\/images\/2011\/08\/SNC00774-300x225.jpg\" alt=\"\" title=\"SNC00774\" width=\"300\" height=\"225\" class=\"size-medium wp-image-1779\" srcset=\"https:\/\/bassdu.mine.bz\/images\/2011\/08\/SNC00774-300x225.jpg 300w, https:\/\/bassdu.mine.bz\/images\/2011\/08\/SNC00774-1024x768.jpg 1024w\" sizes=\"(max-width: 300px) 100vw, 300px\" \/><\/a><p id=\"caption-attachment-1779\" class=\"wp-caption-text\">Al\u0103turi de d-l dr. Virgil Cue\u015fdean<\/p><\/div><br \/>\n<div id=\"attachment_1781\" style=\"width: 310px\" class=\"wp-caption alignleft\"><a href=\"http:\/\/bassdu.mine.nu\/images\/2011\/08\/SNC00778.jpg\"><img loading=\"lazy\" decoding=\"async\" aria-describedby=\"caption-attachment-1781\" src=\"http:\/\/bassdu.mine.nu\/images\/2011\/08\/SNC00778-300x225.jpg\" alt=\"\" title=\"SNC00778\" width=\"300\" height=\"225\" class=\"size-medium wp-image-1781\" srcset=\"https:\/\/bassdu.mine.bz\/images\/2011\/08\/SNC00778-300x225.jpg 300w, https:\/\/bassdu.mine.bz\/images\/2011\/08\/SNC00778-1024x768.jpg 1024w\" sizes=\"(max-width: 300px) 100vw, 300px\" \/><\/a><p id=\"caption-attachment-1781\" class=\"wp-caption-text\"> D-l Octavian S\u0103rb\u0103toare,cercet\u0103tor al Religiilor \u015fi... zamolxianist<\/p><\/div><\/p>\n","protected":false},"excerpt":{"rendered":"<p>\u00cen anonimatul mediatic oficial (ca de obicei), s-a desf\u0103\u015furat la Teatrul Odeon din Bucure\u015fti, cel de-al XII-lea Congres de Dacologie, sub obl\u0103duirea aceluia\u015fi domn S\u0103vescu. Participarea a fost impresionant\u0103, de\u015fi s-a putut remarca lipsa tinerilor, care se vede c\u0103 sunt DACI numai \u00een fa\u0163a tastierei !? La Lucr\u0103ri au participat nume ilustre ale DACISMULUI, printre [&hellip;]<\/p>\n","protected":false},"author":2,"featured_media":0,"comment_status":"open","ping_status":"open","sticky":false,"template":"","format":"standard","meta":{"footnotes":""},"categories":[3],"tags":[683,685,680,682,128,45,671,210,684,393,681],"jetpack_featured_media_url":"","_links":{"self":[{"href":"https:\/\/bassdu.mine.bz\/index.php?rest_route=\/wp\/v2\/posts\/1773"}],"collection":[{"href":"https:\/\/bassdu.mine.bz\/index.php?rest_route=\/wp\/v2\/posts"}],"about":[{"href":"https:\/\/bassdu.mine.bz\/index.php?rest_route=\/wp\/v2\/types\/post"}],"author":[{"embeddable":true,"href":"https:\/\/bassdu.mine.bz\/index.php?rest_route=\/wp\/v2\/users\/2"}],"replies":[{"embeddable":true,"href":"https:\/\/bassdu.mine.bz\/index.php?rest_route=%2Fwp%2Fv2%2Fcomments&post=1773"}],"version-history":[{"count":7,"href":"https:\/\/bassdu.mine.bz\/index.php?rest_route=\/wp\/v2\/posts\/1773\/revisions"}],"predecessor-version":[{"id":1784,"href":"https:\/\/bassdu.mine.bz\/index.php?rest_route=\/wp\/v2\/posts\/1773\/revisions\/1784"}],"wp:attachment":[{"href":"https:\/\/bassdu.mine.bz\/index.php?rest_route=%2Fwp%2Fv2%2Fmedia&parent=1773"}],"wp:term":[{"taxonomy":"category","embeddable":true,"href":"https:\/\/bassdu.mine.bz\/index.php?rest_route=%2Fwp%2Fv2%2Fcategories&post=1773"},{"taxonomy":"post_tag","embeddable":true,"href":"https:\/\/bassdu.mine.bz\/index.php?rest_route=%2Fwp%2Fv2%2Ftags&post=1773"}],"curies":[{"name":"wp","href":"https:\/\/api.w.org\/{rel}","templated":true}]}}