{"id":1786,"date":"2011-08-16T22:39:20","date_gmt":"2011-08-16T21:39:20","guid":{"rendered":"http:\/\/bassdu.mine.nu\/?p=1786"},"modified":"2011-08-16T22:47:54","modified_gmt":"2011-08-16T21:47:54","slug":"ieri-am-trecut-prutul-si-am-ajuns-pana-la-nistru","status":"publish","type":"post","link":"https:\/\/bassdu.mine.bz\/?p=1786","title":{"rendered":"&#8230; Ieri am trecut Prutul \u015fi am ajuns p\u00e2n\u0103 la Nistru !"},"content":{"rendered":"<p>De mult timp \u00eemi propun s\u0103 vizitez Basarabia, dar timpul prea scurt \u015fi programul \u00eenc\u0103rcat al concediilor mele \u00een Dacia, m-au \u00eempiedicat s\u0103-mi satisfac aceast\u0103 dorin\u0163\u0103, p\u00e2n\u0103 zilele astea. Primul loc \u00een care m-am oprit, a fost Statuia lui \u015etefan ce Mare \u015fi Sf\u00e2nt, aflat\u0103 la loc de cinste \u00een inima Chi\u015fin\u0103ului. O s\u0103 public ceva fotografii ale monumentului \u015fi ale pl\u0103cilor comemorative ce dezv\u0103luie soarta statuii marelui Domnitor.<br \/>\n<div id=\"attachment_1790\" style=\"width: 310px\" class=\"wp-caption alignleft\"><a href=\"http:\/\/bassdu.mine.nu\/images\/2011\/08\/SNC007862.jpg\"><img loading=\"lazy\" decoding=\"async\" aria-describedby=\"caption-attachment-1790\" src=\"http:\/\/bassdu.mine.nu\/images\/2011\/08\/SNC007862-300x225.jpg\" alt=\"\" title=\"SNC00786\" width=\"300\" height=\"225\" class=\"size-medium wp-image-1790\" srcset=\"https:\/\/bassdu.mine.bz\/images\/2011\/08\/SNC007862-300x225.jpg 300w, https:\/\/bassdu.mine.bz\/images\/2011\/08\/SNC007862-1024x768.jpg 1024w\" sizes=\"(max-width: 300px) 100vw, 300px\" \/><\/a><p id=\"caption-attachment-1790\" class=\"wp-caption-text\"><em><strong>\u015etefan cel Mare \u015fi Sf\u00e2nt str\u0103juie\u015fte inima Chi\u015fin\u0103ului \u015fi sufletul basarabenilor<\/strong><\/em><\/p><\/div><br \/>\nPe cele dou\u0103 pl\u0103ci de bronz de la intrarea \u00een Parcul din spatele Statuii, sunt descrise peripe\u0163iile acesteia de-a lungul anilor, p\u00e2n\u0103 \u00een zilele noastre c\u00e2nd \u015fi-a rec\u0103p\u0103tat prestigiul \u015fi semnifica\u0163ia.<br \/>\n<div id=\"attachment_1794\" style=\"width: 235px\" class=\"wp-caption alignleft\"><a href=\"http:\/\/bassdu.mine.nu\/images\/2011\/08\/SNC008041.jpg\"><img loading=\"lazy\" decoding=\"async\" aria-describedby=\"caption-attachment-1794\" src=\"http:\/\/bassdu.mine.nu\/images\/2011\/08\/SNC008041-e1313528300950-225x300.jpg\" alt=\"\" title=\"SNC00804\" width=\"225\" height=\"300\" class=\"size-medium wp-image-1794\" srcset=\"https:\/\/bassdu.mine.bz\/images\/2011\/08\/SNC008041-e1313528300950-225x300.jpg 225w, https:\/\/bassdu.mine.bz\/images\/2011\/08\/SNC008041-e1313528300950-768x1024.jpg 768w, https:\/\/bassdu.mine.bz\/images\/2011\/08\/SNC008041-e1313528300950.jpg 1920w\" sizes=\"(max-width: 225px) 100vw, 225px\" \/><\/a><p id=\"caption-attachment-1794\" class=\"wp-caption-text\"><strong>Hronicul Monumentului (I)<\/strong><\/p><\/div><br \/>\n<div id=\"attachment_1796\" style=\"width: 235px\" class=\"wp-caption alignleft\"><a href=\"http:\/\/bassdu.mine.nu\/images\/2011\/08\/SNC00803.jpg\"><img loading=\"lazy\" decoding=\"async\" aria-describedby=\"caption-attachment-1796\" src=\"http:\/\/bassdu.mine.nu\/images\/2011\/08\/SNC00803-e1313528521823-225x300.jpg\" alt=\"\" title=\"SNC00803\" width=\"225\" height=\"300\" class=\"size-medium wp-image-1796\" srcset=\"https:\/\/bassdu.mine.bz\/images\/2011\/08\/SNC00803-e1313528521823-225x300.jpg 225w, https:\/\/bassdu.mine.bz\/images\/2011\/08\/SNC00803-e1313528521823-768x1024.jpg 768w, https:\/\/bassdu.mine.bz\/images\/2011\/08\/SNC00803-e1313528521823.jpg 1920w\" sizes=\"(max-width: 225px) 100vw, 225px\" \/><\/a><p id=\"caption-attachment-1796\" class=\"wp-caption-text\"><strong>Hronicul Monumentului (2)<\/strong><\/p><\/div><br \/>\nNu \u00eent\u00e2mpl\u0103tor, Statuia se afl\u0103 \u00een apropierea cl\u0103dirii Guvernului, \u00een fa\u0163a c\u0103ruia troneaz\u0103 un monument de comemorare a victimelor comunismului, ceea ce la Bucure\u015fti nu se g\u0103se\u015fte \u00eenc\u0103&#8230; probabil deoarece mai sunt comuni\u015fti prin preajm\u0103 !?<br \/>\n<div id=\"attachment_1797\" style=\"width: 310px\" class=\"wp-caption alignleft\"><a href=\"http:\/\/bassdu.mine.nu\/images\/2011\/08\/SNC00787.jpg\"><img loading=\"lazy\" decoding=\"async\" aria-describedby=\"caption-attachment-1797\" src=\"http:\/\/bassdu.mine.nu\/images\/2011\/08\/SNC00787-300x225.jpg\" alt=\"\" title=\"SNC00787\" width=\"300\" height=\"225\" class=\"size-medium wp-image-1797\" srcset=\"https:\/\/bassdu.mine.bz\/images\/2011\/08\/SNC00787-300x225.jpg 300w, https:\/\/bassdu.mine.bz\/images\/2011\/08\/SNC00787-1024x768.jpg 1024w\" sizes=\"(max-width: 300px) 100vw, 300px\" \/><\/a><p id=\"caption-attachment-1797\" class=\"wp-caption-text\"><strong>... exist\u0103 rom\u00e2ni care s-au deta\u015fat net de... comunism !<\/strong><\/p><\/div><br \/>\nTot \u00een preajma Domnitorului, \u00een Parcul din spatele Monumentului, se g\u0103sesc busturile tuturor oamenilor de cultur\u0103 ai lor&#8230; care sunt \u015fi ai no\u015ftri. M-a impresionat profund prezen\u0163a unor buchete de flori la bustul Eminescului !!! Marele Alecsandri str\u0103juie\u015fte falnic \u00een fa\u0163a Bibliotecii Na\u0163ionale, iar Vieru este onorat \u015fi el al\u0103turi de marii clasici.<br \/>\n<div id=\"attachment_1799\" style=\"width: 235px\" class=\"wp-caption alignleft\"><a href=\"http:\/\/bassdu.mine.nu\/images\/2011\/08\/SNC00801.jpg\"><img loading=\"lazy\" decoding=\"async\" aria-describedby=\"caption-attachment-1799\" src=\"http:\/\/bassdu.mine.nu\/images\/2011\/08\/SNC00801-e1313529641588-225x300.jpg\" alt=\"\" title=\"SNC00801\" width=\"225\" height=\"300\" class=\"size-medium wp-image-1799\" srcset=\"https:\/\/bassdu.mine.bz\/images\/2011\/08\/SNC00801-e1313529641588-225x300.jpg 225w, https:\/\/bassdu.mine.bz\/images\/2011\/08\/SNC00801-e1313529641588-768x1024.jpg 768w, https:\/\/bassdu.mine.bz\/images\/2011\/08\/SNC00801-e1313529641588.jpg 1920w\" sizes=\"(max-width: 225px) 100vw, 225px\" \/><\/a><p id=\"caption-attachment-1799\" class=\"wp-caption-text\"><strong>Buchete proaspete la picioarele Marelui Eminescu<\/strong><\/p><\/div><br \/>\n<div id=\"attachment_1800\" style=\"width: 310px\" class=\"wp-caption alignleft\"><a href=\"http:\/\/bassdu.mine.nu\/images\/2011\/08\/SNC00791.jpg\"><img loading=\"lazy\" decoding=\"async\" aria-describedby=\"caption-attachment-1800\" src=\"http:\/\/bassdu.mine.nu\/images\/2011\/08\/SNC00791-300x225.jpg\" alt=\"\" title=\"SNC00791\" width=\"300\" height=\"225\" class=\"size-medium wp-image-1800\" srcset=\"https:\/\/bassdu.mine.bz\/images\/2011\/08\/SNC00791-300x225.jpg 300w, https:\/\/bassdu.mine.bz\/images\/2011\/08\/SNC00791-1024x768.jpg 1024w\" sizes=\"(max-width: 300px) 100vw, 300px\" \/><\/a><p id=\"caption-attachment-1800\" class=\"wp-caption-text\"><strong>Alecsandri str\u0103juie\u015fte Biblioteca Na\u0163ional\u0103... al\u0103turi de Tricolor !<\/strong><\/p><\/div><br \/>\n\u00cen fa\u0163a Muzeului Na\u0163ional de Istorie \u015fi Arheologie \u00ee\u015fi al\u0103pteaz\u0103 \u201epuii\u201d, cine alta, dac\u0103 nu&#8230; Lupoaica !?<br \/>\n<div id=\"attachment_1802\" style=\"width: 310px\" class=\"wp-caption alignleft\"><a href=\"http:\/\/bassdu.mine.nu\/images\/2011\/08\/SNC00794.jpg\"><img loading=\"lazy\" decoding=\"async\" aria-describedby=\"caption-attachment-1802\" src=\"http:\/\/bassdu.mine.nu\/images\/2011\/08\/SNC00794-300x225.jpg\" alt=\"\" title=\"SNC00794\" width=\"300\" height=\"225\" class=\"size-medium wp-image-1802\" srcset=\"https:\/\/bassdu.mine.bz\/images\/2011\/08\/SNC00794-300x225.jpg 300w, https:\/\/bassdu.mine.bz\/images\/2011\/08\/SNC00794-1024x768.jpg 1024w\" sizes=\"(max-width: 300px) 100vw, 300px\" \/><\/a><p id=\"caption-attachment-1802\" class=\"wp-caption-text\"><strong>Lupoaica troneaz\u0103 \u015fi la Chi\u015fin\u0103u... nu cumva e... dacic\u0103 ?<\/strong><\/p><\/div><br \/>\nVizita mea la Chi\u015fin\u0103u, ghidat\u0103 de prietenii din \u201eMi\u015fcarea Dacia\u201d cu care am avut pl\u0103cerea s\u0103 m\u0103 \u00eent\u00e2lnesc, nu se putea termina dec\u00e2t pe malurile &#8230; Nistrului.<br \/>\n<div id=\"attachment_1803\" style=\"width: 310px\" class=\"wp-caption alignleft\"><a href=\"http:\/\/bassdu.mine.nu\/images\/2011\/08\/SNC00807.jpg\"><img loading=\"lazy\" decoding=\"async\" aria-describedby=\"caption-attachment-1803\" src=\"http:\/\/bassdu.mine.nu\/images\/2011\/08\/SNC00807-300x225.jpg\" alt=\"\" title=\"SNC00807\" width=\"300\" height=\"225\" class=\"size-medium wp-image-1803\" srcset=\"https:\/\/bassdu.mine.bz\/images\/2011\/08\/SNC00807-300x225.jpg 300w, https:\/\/bassdu.mine.bz\/images\/2011\/08\/SNC00807-1024x768.jpg 1024w\" sizes=\"(max-width: 300px) 100vw, 300px\" \/><\/a><p id=\"caption-attachment-1803\" class=\"wp-caption-text\"><strong>Peisaj \u00eenc\u00e2nt\u0103tor, Nistrul \u00een spate, un prieten basarabean \u015fi o cas\u0103, adev\u0103rat muzeu \u0163\u0103r\u0103nesc (inclusiv acoperit\u0103 cu strat gros de trestie)<\/strong><\/p><\/div><br \/>\nNu \u015ftiu de ce, dar m-am \u00eentors acas\u0103 cu impresia c\u0103 dacii \u0103\u015ftia liberi&#8230; au ceva \u00een plus fa\u0163\u0103 de noi !?!?<\/p>\n","protected":false},"excerpt":{"rendered":"<p>De mult timp \u00eemi propun s\u0103 vizitez Basarabia, dar timpul prea scurt \u015fi programul \u00eenc\u0103rcat al concediilor mele \u00een Dacia, m-au \u00eempiedicat s\u0103-mi satisfac aceast\u0103 dorin\u0163\u0103, p\u00e2n\u0103 zilele astea. Primul loc \u00een care m-am oprit, a fost Statuia lui \u015etefan ce Mare \u015fi Sf\u00e2nt, aflat\u0103 la loc de cinste \u00een inima Chi\u015fin\u0103ului. O s\u0103 public [&hellip;]<\/p>\n","protected":false},"author":2,"featured_media":0,"comment_status":"open","ping_status":"open","sticky":false,"template":"","format":"standard","meta":{"footnotes":""},"categories":[3],"tags":[460,380,45,687,1582,210,673,669,686],"jetpack_featured_media_url":"","_links":{"self":[{"href":"https:\/\/bassdu.mine.bz\/index.php?rest_route=\/wp\/v2\/posts\/1786"}],"collection":[{"href":"https:\/\/bassdu.mine.bz\/index.php?rest_route=\/wp\/v2\/posts"}],"about":[{"href":"https:\/\/bassdu.mine.bz\/index.php?rest_route=\/wp\/v2\/types\/post"}],"author":[{"embeddable":true,"href":"https:\/\/bassdu.mine.bz\/index.php?rest_route=\/wp\/v2\/users\/2"}],"replies":[{"embeddable":true,"href":"https:\/\/bassdu.mine.bz\/index.php?rest_route=%2Fwp%2Fv2%2Fcomments&post=1786"}],"version-history":[{"count":9,"href":"https:\/\/bassdu.mine.bz\/index.php?rest_route=\/wp\/v2\/posts\/1786\/revisions"}],"predecessor-version":[{"id":1805,"href":"https:\/\/bassdu.mine.bz\/index.php?rest_route=\/wp\/v2\/posts\/1786\/revisions\/1805"}],"wp:attachment":[{"href":"https:\/\/bassdu.mine.bz\/index.php?rest_route=%2Fwp%2Fv2%2Fmedia&parent=1786"}],"wp:term":[{"taxonomy":"category","embeddable":true,"href":"https:\/\/bassdu.mine.bz\/index.php?rest_route=%2Fwp%2Fv2%2Fcategories&post=1786"},{"taxonomy":"post_tag","embeddable":true,"href":"https:\/\/bassdu.mine.bz\/index.php?rest_route=%2Fwp%2Fv2%2Ftags&post=1786"}],"curies":[{"name":"wp","href":"https:\/\/api.w.org\/{rel}","templated":true}]}}