{"id":181,"date":"2009-05-20T16:22:39","date_gmt":"2009-05-20T15:22:39","guid":{"rendered":"http:\/\/bassdu.mine.nu\/?p=181"},"modified":"2009-05-20T16:32:32","modified_gmt":"2009-05-20T15:32:32","slug":"forum-milano","status":"publish","type":"post","link":"https:\/\/bassdu.mine.bz\/?p=181","title":{"rendered":"Forum Milano"},"content":{"rendered":"<p class=\"MsoNormal\" style=\"margin: 0cm 0cm 10pt; text-align: center;\" align=\"center\"><strong style=\"mso-bidi-font-weight: normal;\"><span style=\"font-size: 18pt; line-height: 115%;\"><span style=\"font-family: Calibri;\">Forum di Milano<span style=\"mso-spacerun: yes;\">\u00a0 <\/span>23-24.05.2009<\/span><\/span><\/strong><\/p>\n<p class=\"MsoNormal\" style=\"margin: 0cm 0cm 10pt; text-align: center;\" align=\"center\"><strong style=\"mso-bidi-font-weight: normal;\"><span style=\"font-size: 14pt; line-height: 115%;\"><span style=\"font-family: Calibri;\">Cosa rappresento io in quel contesto?<\/span><\/span><\/strong><\/p>\n<p class=\"MsoNormal\" style=\"margin: 0cm 0cm 10pt;\"><span style=\"font-size: 14pt; line-height: 115%;\"><span style=\"font-family: Calibri;\">\u00a0<\/span><\/span><\/p>\n<p class=\"MsoNormal\" style=\"margin: 0cm 0cm 10pt;\"><span style=\"font-size: 12pt; line-height: 115%;\"><span style=\"font-family: Calibri;\"><span style=\"mso-spacerun: yes;\">\u00a0\u00a0\u00a0\u00a0\u00a0\u00a0S<\/span>ar\u00f2 presente a Milano, per rappresentare me stesso e i romeni per bene d\u2019Italia, con delle proposte per un Programma che ci porti all\u2019unit\u00e0 d&#8217;azione, in vista di un cambiamento radicale della nostra immagine, e nel ottenimento del riconoscimento che ci spetta come cittadini europei <em><strong>non<\/strong><\/em> di seconda classe.<\/span><\/span><\/p>\n<p class=\"MsoNormal\" style=\"margin: 0cm 0cm 10pt;\"><span style=\"font-size: 12pt; line-height: 115%;\"><span style=\"font-family: Calibri;\"><span style=\"mso-spacerun: yes;\">\u00a0\u00a0\u00a0\u00a0 <\/span><strong style=\"mso-bidi-font-weight: normal;\"><span style=\"mso-spacerun: yes;\">\u00a0<\/span>Io non ho mai avuto\u00a0alcuna tessera e non la avr\u00f2 mai; dico MAI!<\/strong><\/span><\/span><\/p>\n<p class=\"MsoNormal\" style=\"margin: 0cm 0cm 10pt;\"><span style=\"font-size: 12pt; line-height: 115%;\"><span style=\"font-family: Calibri;\"><span style=\"mso-spacerun: yes;\">\u00a0\u00a0\u00a0\u00a0\u00a0\u00a0<\/span>Affermo questo per \u201c<strong style=\"mso-bidi-font-weight: normal;\">tranquillizzare<\/strong>\u201d i sospettosi. Caso mai qualcuno avr\u00e0 bisogno di un mio consiglio, baster\u00e0 telefonarmi, oppure accedere al mio Blog. Se proprio sar\u00e0 una brava persona, andremo anche a bere una birra!<\/span><\/span><\/p>\n<p class=\"MsoNormal\" style=\"margin: 0cm 0cm 10pt;\"><span style=\"font-size: 12pt; line-height: 115%;\"><span style=\"font-family: Calibri;\"><span style=\"mso-spacerun: yes;\">\u00a0\u00a0\u00a0\u00a0\u00a0 <\/span>Questo non vuol dire che devo accontentarmi di \u201cvedere\u201d i miei connazionali lamentarsi come le massaie al Mercato, oppure buttandosi reciprocamente fango per reali o presunte mal condotte.<\/span><\/span><\/p>\n<p class=\"MsoNormal\" style=\"margin: 0cm 0cm 10pt;\"><span style=\"font-size: 12pt; line-height: 115%;\"><span style=\"font-family: Calibri;\"><span style=\"mso-spacerun: yes;\">\u00a0\u00a0\u00a0\u00a0\u00a0 <\/span>Chi ha soluzioni per migliorare quello che ci sta intorno, <strong style=\"mso-bidi-font-weight: normal;\">faccia un passo avanti<\/strong>, se no stia zitto e ascolti, per poter giudicare quello che altri hanno da proporre e alla fine esprimere i suoi giudizi.<\/span><\/span><\/p>\n<p class=\"MsoNormal\" style=\"margin: 0cm 0cm 10pt;\"><span style=\"font-size: 12pt; line-height: 115%;\"><span style=\"font-family: Calibri;\"><span style=\"mso-spacerun: yes;\">\u00a0\u00a0\u00a0\u00a0\u00a0 <\/span>Sto assistendo a un spettacolo indecente nei Forum, Giornali, ecc..\u00a0Ho l\u2019impressione che <em>il brand Romania<\/em>\u00a0sia capitato\u00a0in mani a dir poco inesperte, di <em>gentaccia<\/em> con certe velleit\u00e0 di protagonismo.<\/span><\/span><\/p>\n<p class=\"MsoNormal\" style=\"margin: 0cm 0cm 10pt;\"><span style=\"font-size: 12pt; line-height: 115%;\"><span style=\"font-family: Calibri;\"><span style=\"mso-spacerun: yes;\">\u00a0\u00a0\u00a0\u00a0\u00a0 <\/span>Faccio un appello alla gente normale; <em>fare un passo avanti per la difesa della nostra Dignit\u00e0<\/em>.<\/span><\/span><\/p>\n<p class=\"MsoNormal\" style=\"margin: 0cm 0cm 10pt;\"><span style=\"font-size: 12pt; line-height: 115%;\"><span style=\"font-family: Calibri;\"><span style=\"mso-spacerun: yes;\">\u00a0\u00a0\u00a0\u00a0\u00a0 <\/span>Io ce la metter\u00f2 tutta, senza aspettare nessuna contropartita !<\/span><\/span><\/p>\n<p class=\"MsoNormal\" style=\"margin: 0cm 0cm 10pt;\"><span style=\"font-size: 12pt; line-height: 115%;\"><span style=\"font-family: Calibri;\">\u00a0<\/span><\/span><\/p>\n<p class=\"MsoNormal\" style=\"margin: 0cm 0cm 10pt;\"><span style=\"font-size: 12pt; line-height: 115%;\"><span style=\"font-family: Calibri;\">Asa sa-mi ajute Dumnezeu ! (<em>Che Dio mi aiuti!<\/em>)<\/span><\/span><\/p>\n","protected":false},"excerpt":{"rendered":"<p>Forum di Milano\u00a0 23-24.05.2009 Cosa rappresento io in quel contesto? \u00a0 \u00a0\u00a0\u00a0\u00a0\u00a0\u00a0Sar\u00f2 presente a Milano, per rappresentare me stesso e i romeni per bene d\u2019Italia, con delle proposte per un Programma che ci porti all\u2019unit\u00e0 d&#8217;azione, in vista di un cambiamento radicale della nostra immagine, e nel ottenimento del riconoscimento che ci spetta come cittadini [&hellip;]<\/p>\n","protected":false},"author":2,"featured_media":0,"comment_status":"open","ping_status":"open","sticky":false,"template":"","format":"standard","meta":{"footnotes":""},"categories":[53],"tags":[79,11,41,10,17],"jetpack_featured_media_url":"","_links":{"self":[{"href":"https:\/\/bassdu.mine.bz\/index.php?rest_route=\/wp\/v2\/posts\/181"}],"collection":[{"href":"https:\/\/bassdu.mine.bz\/index.php?rest_route=\/wp\/v2\/posts"}],"about":[{"href":"https:\/\/bassdu.mine.bz\/index.php?rest_route=\/wp\/v2\/types\/post"}],"author":[{"embeddable":true,"href":"https:\/\/bassdu.mine.bz\/index.php?rest_route=\/wp\/v2\/users\/2"}],"replies":[{"embeddable":true,"href":"https:\/\/bassdu.mine.bz\/index.php?rest_route=%2Fwp%2Fv2%2Fcomments&post=181"}],"version-history":[{"count":5,"href":"https:\/\/bassdu.mine.bz\/index.php?rest_route=\/wp\/v2\/posts\/181\/revisions"}],"predecessor-version":[{"id":183,"href":"https:\/\/bassdu.mine.bz\/index.php?rest_route=\/wp\/v2\/posts\/181\/revisions\/183"}],"wp:attachment":[{"href":"https:\/\/bassdu.mine.bz\/index.php?rest_route=%2Fwp%2Fv2%2Fmedia&parent=181"}],"wp:term":[{"taxonomy":"category","embeddable":true,"href":"https:\/\/bassdu.mine.bz\/index.php?rest_route=%2Fwp%2Fv2%2Fcategories&post=181"},{"taxonomy":"post_tag","embeddable":true,"href":"https:\/\/bassdu.mine.bz\/index.php?rest_route=%2Fwp%2Fv2%2Ftags&post=181"}],"curies":[{"name":"wp","href":"https:\/\/api.w.org\/{rel}","templated":true}]}}