{"id":1836,"date":"2011-09-16T18:46:03","date_gmt":"2011-09-16T17:46:03","guid":{"rendered":"http:\/\/bassdu.mine.nu\/?p=1836"},"modified":"2011-09-16T20:08:28","modified_gmt":"2011-09-16T19:08:28","slug":"statul-estu-tu-iata-de-ce-este-nevoie-de-un-stat-puternic","status":"publish","type":"post","link":"https:\/\/bassdu.mine.bz\/?p=1836","title":{"rendered":"STATUL E\u015eTI TU !!! &#8230; iat\u0103 de ce este nevoie de un STAT PUTERNIC !"},"content":{"rendered":"<p><strong>&#8230; acesta este un PRINCIPIU DE BAZ\u0102 la \u201eMi\u015fcarea Dacia\u201d, ce constituie BAZA NOII PARADIGME pe care aceasta o propune.<\/strong><\/p>\n<p>Uit\u00e2ndu-m\u0103 eu \u201e\u00een st\u00e2nga \u015fi \u00een dreapta\u201d, nu v\u0103zui pe nimeni care s\u0103 proclame a\u015fa \u201echestie\u201d !?<\/p>\n<p>Ba chiar vocile majorit\u0103\u0163ii cer &#8230; contrariul, adic\u0103 un \u201estat mai pu\u0163in prezent\u201d, ca o garan\u0163ie a \u201eini\u0163iativei particulare\u201d. Pe de alt\u0103 parte, aceia\u015fi \u201eliberali\u201d, dar \u015fi \u201esocial-democra\u0163i\u201d, se pl\u00e2ng unul pe um\u0103rul celuilalt, c\u0103 \u201estatul nu face \u015fi nu drege\u201d !? &#8230; p\u0103i cum s\u0103 fac\u0103 domnilor dac\u0103 e&#8230; SLAB ? &#8230; at\u00e2t de \u201eslab\u201d, c\u0103 a v\u00e2ndut tot ce avea pe nimic (<strong>de\u015fi \u00een fruntea STATULUI erau unii care&#8230; \u201enu-\u015fi vindeau \u0163ara\u201d<\/strong>), ajung\u00e2nd s\u0103 \u201etr\u0103iasc\u0103 pe datorie\u201d&#8230; datorie la cre\u015fterea c\u0103reia, contribui\u0163i cu TO\u0162II domnilor ! FSN-ul \u201eoriginar\u201d s-a metamorfozat brusc \u00een MAJORITATE \u015fi OPOZI\u0162IE, ocup\u00e2nd \u201etot spectrul politic rom\u00e2nesc\u201d, ca s\u0103-\u015fi poat\u0103 face&#8230; \u201emendrele\u201d ! \u015ei uite a\u015fa, \u201edreapta\u201d, profit\u00e2nd de dezgustul popular fa\u0163\u0103 de \u201est\u00e2nga\u201d a \u00eenceput s\u0103 \u201eprivatizeze \u00een propriul interes\u201d, iar \u201est\u00e2nga\u201d a pus bazele \u201estatului social\u201d, adic\u0103 al&#8230; \u201emilogilor\u201d, dar f\u0103r\u0103 s\u0103 renun\u0163e la \u201eprincipiile pie\u0163ei libere\u201d, pun\u00e2nd m\u00e2na pe grosul AVU\u0162IEI NA\u0162IONALE, prin Legi de \u00eempropriet\u0103rire a celor ce nu aveau acest drept, prin recunoa\u015fterea statutului de \u201erevolu\u0163ionar\u201d tuturor &#8230; contrarevolu\u0163ionarilor, etc. ! <strong>\u015ei uite a\u015fa, Rom\u00e2nia, a ajuns \u00een situa\u0163ia de fa\u0163\u0103, adic\u0103 s\u0103r\u0103cit\u0103 de \u201emo\u015ftenirea de la regimul de trist\u0103 amintire\u201d, care a fost \u00eemp\u0103r\u0163it\u0103 fr\u0103\u0163e\u015fte \u00eentre \u201emafio\u0163ii de St\u00e2nga \u015fi de Dreapta\u201d, l\u0103s\u00e2nd 90% din popula\u0163ie&#8230; \u00een chilo\u0163i ! Ei nu domnilor !&#8230; a\u0163i avut la dispozi\u0163ie 22 de ani ca s\u0103 ne ar\u0103ta\u0163i \u201ece \u015fti\u0163i s\u0103 face\u0163i\u201d &#8230; \u015fi am priceput ! &#8230; \u201eam c\u0103zut din lac \u00een pu\u0163 !\u201d<\/strong><\/p>\n<p><strong>Statul de azi :<\/strong><\/p>\n<p><em>&#8211; este ap\u0103r\u0103torul MAFIEI politico-economice.<\/p>\n<p>&#8211; tolereaz\u0103 o JUSTI\u0162IE caracterizat\u0103 de AMBIGUITATE, PAR\u0162IALITATE \u015fi TIMPI PROCESUALI LUNGI.<\/p>\n<p>&#8211; are un APARAT SUPRADIMENSIONAT \u015fi INEFICIENT, mai ales datorit\u0103 lipsei criteriilor de COMPETEN\u0162\u0102 \u015fi RESPONSABILITATE \u00een selec\u0163ie.<\/p>\n<p>&#8211; ignor\u0103 elementul de baz\u0103 al societ\u0103\u0163ii, care este&#8230; FAMILIA.<\/p>\n<p>&#8211; este puternic orientat \u00een direc\u0163ia GLOBALIZ\u0102RII, deci a &#8230; DEZNA\u0162IONALIZ\u0102RII.<\/p>\n<p>&#8211; nu abordeaz\u0103 tema DEZVOLT\u0102RII SUSTENABILE, propun\u00e2nd ca solu\u0163ie de a ie\u015fi din CRIZ\u0102&#8230; CONSUMERISMUL.<\/p>\n<p>&#8211; a r\u0103mas f\u0103r\u0103 resursele naturale, pe care le-a \u201ed\u0103ruit\u201d str\u0103inilor, ajuta\u0163i de intermediari autohtoni, care \u015fi-au primit \u201efirimiturile\u201d de rigoare.<\/p>\n<p>&#8211; se depopuleaz\u0103 rapid, mai ales de for\u0163a de munc\u0103 cea mai calificat\u0103.<\/p>\n<p>&#8211; \u201ea pus pe butuci\u201d S\u0102N\u0102TATEA, favoriz\u00e2nd \u201eini\u0163iativa privat\u0103\u201d, de fapt&#8230; INTERESELE MULTINA\u0162IONALELOR FARMACEUTICE.<\/p>\n<p>&#8211; \u201ea pus pe butuci\u201d EDUCA\u0162IA, tot cu \u201escuza\u201d privatiz\u0103rii, n\u0103sc\u00e2ndu-se mon\u015ftrii precum&#8230; \u00ceNV\u0102\u0162\u0102M\u00c2NTUL LA DISTAN\u0162\u0102, o adev\u0103rat\u0103 \u201efabric\u0103 de Diplome\u201d cu care \u201es\u0103 te \u015ftergi la fund\u201d !<\/p>\n<p>&#8211; nu acord\u0103 aten\u0163ia cuvenit\u0103 ROM\u00c2NILOR DIN AFARA \u0162\u0102RII, mai ales a acelora \u201ecare nu au drept de vot\u201d \u015fi care sunt unde sunt, nicidecum dup\u0103 propria voin\u0163\u0103 \u015fi care nu au asigurate DREPTURI FUNDAMENTALE pe care minorit\u0103\u0163ile noastre le au din bel\u015fug ! Se t\u0103r\u0103g\u0103neaz\u0103 de 22 de ani UNIREA cu BASARABIA, \u201ede frica unora \u015fi a altora\u201d&#8230; fric\u0103 pe care germanii nu au avut-o ! &#8230; adic\u0103 de ce ei pot \u015fi noi nu ? &#8230; s-a adus \u201ela cuno\u015ftin\u0163a\u201d UE c\u0103 exist\u0103 DOU\u0102 STATE ROM\u00c2NE\u015eTI ? &#8230; CE FACE DIPLOMA\u0162IA ROM\u00c2NEASC\u0102 ???<\/p>\n<p>&#8211; \u201evinde Str\u0103in\u0103t\u0103\u0163ii sub diverse forme\u201d bog\u0103\u0163ia cea mai mare a Rom\u00e2niei : P\u0102M\u00c2NTURILE AGRICOLE \u015eI P\u0102DURILE, pentru \u201ea face loc\u201d culturilor de plante modificate genetic (\u00een special pentru bio-combustibil) \u015fi pentru a satisface necesarul de material lemnos  \u015fi \u201eaer curat\u201d al Occidentului.<\/p>\n<p>&#8211; a v\u00e2ndut \u201eca fier vechi\u201d Industria Na\u0163ional\u0103 \u015fi a \u201ecultivat b\u0103l\u0103rii\u201d \u00een Agricultur\u0103 (pentru profitul Imobiliari\u015ftilor&#8230; \u201emi\u015fca\u0163i\u201d tot \u201edin afar\u0103\u201d), astfel c\u0103 dintr-o \u0163ar\u0103 care avea nevoie numai de RETEHNOLOGIZARE pentru a-\u015fi men\u0163ine m\u0103car \u201ebruma\u201d de statut de PRODUC\u0102TOR, a devenit un CONSUMATOR al produselor &#8230; altora (\u015ftim noi cine !)&#8230; care \u201ene mai iau \u015fi la mi\u015fto\u201d !!!<\/em><\/p>\n<p><strong>P\u0103i domnilor fo\u015fti \u015fi actuali-guvernan\u0163i, dac\u0103 nu producem, cum vre\u0163i s\u0103 creasc\u0103 AVU\u0162IA NA\u0162IONAL\u0102 ?<\/strong> &#8230; din fotbal, telefonie, publicitate, \u201etembeliziune\u201d, comer\u0163 (cu produsele altora), fabric\u00e2nd diplome, stimul\u00e2nd \u201eciuperc\u0103ria de B\u0103nci\u201d jefuitoare pe fa\u0163\u0103 a poporului c\u0103ruia \u00eei apar\u0163ine\u0163i(?), construind autostr\u0103zi pentru ma\u015finile altora \u015fi pun\u00e2nd pe butuci c\u0103ile ferate, etc. ??? <strong>Nu domnilor&#8230; TREBUIE S\u0102 PRODUCEM&#8230; \u015eI TREBUIE S\u0102 PRODUCEM \u00een conformitate cu principiile DEZVOLT\u0102RII SUSTENABILE !<\/strong><\/p>\n<p><strong>\u201eMi\u015fcarea Dacia\u201d<\/strong> propune solu\u0163ii pentru fiecare aspect denun\u0163at \u015fi cine a urm\u0103rit materialele noastre, poate s\u0103 confirme !&#8230; cine nu&#8230; are posibilitatea s\u0103 se informeze pe Peretele grupului Facebook <strong>\u201eMi\u015fcarea Virtual\u0103 Dacia\u201d<\/strong> la : INFORMA\u0162II, VIDEO, NOTI\u0162E, sau pe canalele youtube \u015fi vimeo ale mi\u015fc\u0103rii accesabile de pe blogul meu : http:\/\/www.romenoinitalia.eu , sau de la Informa\u0163ii pe profilul meu. Aceast\u0103 \u201einvita\u0163ie\u201d nu are ca scop \u201epromovarea imaginii mele\u201d, ci acela de a STIMULA DEZBATEREA, deoarece \u015fi eu mai pot gre\u015fi !<\/p>\n<p><strong>\u201eMi\u015fcarea Dacia\u201d<\/strong> propune un STAT PUTERNIC, \u00een m\u0103sur\u0103 s\u0103 poat\u0103 r\u0103spunde tuturor necesit\u0103\u0163ilor actuale ale \u201eac\u0163ionarilor s\u0103i\u201d, care sunt&#8230; PROPRII CET\u0102\u0162ENI !<\/p>\n<p>Noi nu promitem c\u0103 acest <strong>STAT PUTERNIC<\/strong> va fi realizat \u201eb\u0103t\u00e2nd din palme\u201d, deoarece suntem convin\u015fi c\u0103 vor trebui s\u0103 treac\u0103 mul\u0163i ani, ca s\u0103 se \u201erepare\u201d toate \u201estric\u0103ciunile\u201d. Ace\u015fti \u201emul\u0163i ani\u201d \u00eens\u0103, pot fi \u015fi&#8230; pu\u0163ini, \u00eentr-o anumit\u0103 CONJUNCTUR\u0102 INTERN\u0102 \u015eI INTERNA\u0162IONAL\u0102 \u015fi de aceea <strong>\u201eMi\u015fcarea Dacia\u201d<\/strong> propune \u201epreg\u0103tirea terenului\u201d pentru aceast\u0103 <strong>NOU\u0102 PARADIGM\u0102<\/strong>. Noi nu excludem pe nimeni de la acest PROIECT \u015fi invit\u0103m toate FOR\u0162ELE RESPONSABILE s\u0103 se UNEASC\u0102 pentru a creea MASA CRITIC\u0102 necesar\u0103. Facem apel la TO\u0162I, f\u0103r\u0103 excep\u0163ii, s\u0103 \u201econ\u015ftientizeze\u201d gravitatea situa\u0163iei actuale \u015fi \u00eei invit\u0103m s\u0103 contribuie la definirea acestei &#8230; NOI PARADIGME ! Nu vom face \u201eprocese sumare\u201d, ci vom propune tuturor o adev\u0103rat\u0103 PORNIRE DE LA ZERO, deoarece MAREA SCHIMBARE trebuie s\u0103 fie opera con\u015ftient\u0103 a TUTUROR&#8230; prima condi\u0163ie de SUCCES ! \u00cen acest sens, suntem deschi\u015fi oric\u0103tor AGREG\u0102RI, cu cei ce sunt dispu\u015fi s\u0103 accepte necesitatea unei NOI PARADIGME, care s\u0103 aib\u0103 la baz\u0103 realizarea unui <strong>STAT PUTERNIC !<\/strong><\/p>\n<p><em>Noi suntem urma\u015fii geto-dacilor, care au fost at\u00e2t de pa\u015fnici, c\u0103 nu considerau necesar\u0103 UNITATEA pentru a invada teritoriile altora, dar au realizat-o sub Burebista, \u00een fa\u0163a amenin\u0163\u0103rii Imperiului Roman. <strong>Suntem din nou \u201esub atac\u201d \u015fi trebuie s\u0103 ne&#8230; UNIM !<\/strong><a href=\"http:\/\/bassdu.mine.nu\/images\/2011\/09\/DRACONES.jpeg\"><img loading=\"lazy\" decoding=\"async\" src=\"http:\/\/bassdu.mine.nu\/images\/2011\/09\/DRACONES.jpeg\" alt=\"\" title=\"DRACONES\" width=\"224\" height=\"224\" class=\"aligncenter size-full wp-image-1838\" srcset=\"https:\/\/bassdu.mine.bz\/images\/2011\/09\/DRACONES.jpeg 224w, https:\/\/bassdu.mine.bz\/images\/2011\/09\/DRACONES-150x150.jpg 150w\" sizes=\"(max-width: 224px) 100vw, 224px\" \/><\/a><\/em><\/p>\n","protected":false},"excerpt":{"rendered":"<p>&#8230; acesta este un PRINCIPIU DE BAZ\u0102 la \u201eMi\u015fcarea Dacia\u201d, ce constituie BAZA NOII PARADIGME pe care aceasta o propune. Uit\u00e2ndu-m\u0103 eu \u201e\u00een st\u00e2nga \u015fi \u00een dreapta\u201d, nu v\u0103zui pe nimeni care s\u0103 proclame a\u015fa \u201echestie\u201d !? Ba chiar vocile majorit\u0103\u0163ii cer &#8230; contrariul, adic\u0103 un \u201estat mai pu\u0163in prezent\u201d, ca o garan\u0163ie a \u201eini\u0163iativei [&hellip;]<\/p>\n","protected":false},"author":2,"featured_media":0,"comment_status":"open","ping_status":"open","sticky":false,"template":"","format":"standard","meta":{"footnotes":""},"categories":[73],"tags":[210,114,698,41,699],"jetpack_featured_media_url":"","_links":{"self":[{"href":"https:\/\/bassdu.mine.bz\/index.php?rest_route=\/wp\/v2\/posts\/1836"}],"collection":[{"href":"https:\/\/bassdu.mine.bz\/index.php?rest_route=\/wp\/v2\/posts"}],"about":[{"href":"https:\/\/bassdu.mine.bz\/index.php?rest_route=\/wp\/v2\/types\/post"}],"author":[{"embeddable":true,"href":"https:\/\/bassdu.mine.bz\/index.php?rest_route=\/wp\/v2\/users\/2"}],"replies":[{"embeddable":true,"href":"https:\/\/bassdu.mine.bz\/index.php?rest_route=%2Fwp%2Fv2%2Fcomments&post=1836"}],"version-history":[{"count":3,"href":"https:\/\/bassdu.mine.bz\/index.php?rest_route=\/wp\/v2\/posts\/1836\/revisions"}],"predecessor-version":[{"id":1841,"href":"https:\/\/bassdu.mine.bz\/index.php?rest_route=\/wp\/v2\/posts\/1836\/revisions\/1841"}],"wp:attachment":[{"href":"https:\/\/bassdu.mine.bz\/index.php?rest_route=%2Fwp%2Fv2%2Fmedia&parent=1836"}],"wp:term":[{"taxonomy":"category","embeddable":true,"href":"https:\/\/bassdu.mine.bz\/index.php?rest_route=%2Fwp%2Fv2%2Fcategories&post=1836"},{"taxonomy":"post_tag","embeddable":true,"href":"https:\/\/bassdu.mine.bz\/index.php?rest_route=%2Fwp%2Fv2%2Ftags&post=1836"}],"curies":[{"name":"wp","href":"https:\/\/api.w.org\/{rel}","templated":true}]}}