{"id":1856,"date":"2011-09-30T22:50:50","date_gmt":"2011-09-30T21:50:50","guid":{"rendered":"http:\/\/bassdu.mine.nu\/?p=1856"},"modified":"2011-09-30T22:50:50","modified_gmt":"2011-09-30T21:50:50","slug":"alta-%e2%80%9ealba-ca-zapada%e2%80%9d","status":"publish","type":"post","link":"https:\/\/bassdu.mine.bz\/?p=1856","title":{"rendered":"Alt\u0103&#8230; \u201eAlb\u0103 ca Z\u0103pada\u201d"},"content":{"rendered":"<p>&#8230; dup\u0103 ce L\u0103z\u0103roiu a fost \u201etrimis la plimbare\u201d pentru c\u0103 nu a reu\u015fit s\u0103 \u00eenfiripeze un \u201ebasm\u201d, iat\u0103-l pe Mihail Neam\u0163u \u201etrimis \u00een prima linie\u201d !<br \/>\n<iframe loading=\"lazy\" width=\"560\" height=\"315\" src=\"http:\/\/www.youtube.com\/embed\/5MUezlghJKQ\" frameborder=\"0\" allowfullscreen><\/iframe><br \/>\nSe vede treba c\u0103 \u201eschimbarea la FATA\u201d (a se citi FATA lui B\u0103selu)&#8230; a c\u0103zut din start cu tot cu \u00eenscrierea la OSIM !?!?&#8230; \u015fi atunci a fost trimis s\u0103 pun\u0103 pe picioare BASMU&#8217;, unul mai &#8230; luminat&#8230; mai dus prin biseric\u0103 ( nu degeaba se raporteaz\u0103 la Ortodoxie&#8230; c\u0103 doar a avut \u201etangen\u0163e\u201d cu Teologia) ! &#8230; \u015fi uite a\u015fa s-a creat \u201eNoua Republic\u0103\u201d&#8230; de dreapta, neocons \u015fi &#8230; bine\u00een\u0163eles&#8230; cre\u015ftin\u0103. \u015ei-a luat ca \u201eelement de noutate\u201d un consilier guvernamental (Dacian \u0162olea), a promis \u201es\u0103 nu calce ca L\u0103z\u0103roiu \u00een str\u0103chini\u201d \u015fi s-a repezit la B1 s\u0103 ne povesteasc\u0103 de cei 1000 de oameni care \u015fi-au manifestat simpatia \u00een c\u00e2teva ore !?!? Ulterior, am g\u0103sit un om care \u00eel cunoa\u015fte bine \u015fi care, \u00een plus, scrie mai bine ca mine, ceea ce eu am scris pe aici. Dar mai bine citi\u0163i :<a href='http:\/\/constiinte.ro\/polemica-neoconservatorul-sintetic' >polemica-neoconservatorul-sintetic<\/a><br \/>\n&#8230; c\u0103uta\u0163i domnilor&#8230; c\u0103uta\u0163i&#8230; a\u015fa poate \u201ese termin\u0103 op\u0163iunile\u201d \u015fi ajunge\u0163i cu to\u0163ii la&#8230; \u201eMi\u015fcarea Dacia\u201d !  \ud83d\ude42<\/p>\n","protected":false},"excerpt":{"rendered":"<p>&#8230; dup\u0103 ce L\u0103z\u0103roiu a fost \u201etrimis la plimbare\u201d pentru c\u0103 nu a reu\u015fit s\u0103 \u00eenfiripeze un \u201ebasm\u201d, iat\u0103-l pe Mihail Neam\u0163u \u201etrimis \u00een prima linie\u201d ! Se vede treba c\u0103 \u201eschimbarea la FATA\u201d (a se citi FATA lui B\u0103selu)&#8230; a c\u0103zut din start cu tot cu \u00eenscrierea la OSIM !?!?&#8230; \u015fi atunci a fost [&hellip;]<\/p>\n","protected":false},"author":2,"featured_media":0,"comment_status":"open","ping_status":"open","sticky":false,"template":"","format":"standard","meta":{"footnotes":""},"categories":[73],"tags":[407,707,210,706],"jetpack_featured_media_url":"","_links":{"self":[{"href":"https:\/\/bassdu.mine.bz\/index.php?rest_route=\/wp\/v2\/posts\/1856"}],"collection":[{"href":"https:\/\/bassdu.mine.bz\/index.php?rest_route=\/wp\/v2\/posts"}],"about":[{"href":"https:\/\/bassdu.mine.bz\/index.php?rest_route=\/wp\/v2\/types\/post"}],"author":[{"embeddable":true,"href":"https:\/\/bassdu.mine.bz\/index.php?rest_route=\/wp\/v2\/users\/2"}],"replies":[{"embeddable":true,"href":"https:\/\/bassdu.mine.bz\/index.php?rest_route=%2Fwp%2Fv2%2Fcomments&post=1856"}],"version-history":[{"count":3,"href":"https:\/\/bassdu.mine.bz\/index.php?rest_route=\/wp\/v2\/posts\/1856\/revisions"}],"predecessor-version":[{"id":1859,"href":"https:\/\/bassdu.mine.bz\/index.php?rest_route=\/wp\/v2\/posts\/1856\/revisions\/1859"}],"wp:attachment":[{"href":"https:\/\/bassdu.mine.bz\/index.php?rest_route=%2Fwp%2Fv2%2Fmedia&parent=1856"}],"wp:term":[{"taxonomy":"category","embeddable":true,"href":"https:\/\/bassdu.mine.bz\/index.php?rest_route=%2Fwp%2Fv2%2Fcategories&post=1856"},{"taxonomy":"post_tag","embeddable":true,"href":"https:\/\/bassdu.mine.bz\/index.php?rest_route=%2Fwp%2Fv2%2Ftags&post=1856"}],"curies":[{"name":"wp","href":"https:\/\/api.w.org\/{rel}","templated":true}]}}