{"id":1891,"date":"2011-10-17T23:27:49","date_gmt":"2011-10-17T22:27:49","guid":{"rendered":"http:\/\/bassdu.mine.nu\/?p=1891"},"modified":"2011-10-17T23:32:18","modified_gmt":"2011-10-17T22:32:18","slug":"centralele-nucleare-nu-%e2%80%9elucreaza%e2%80%9d-pentru-mine","status":"publish","type":"post","link":"https:\/\/bassdu.mine.bz\/?p=1891","title":{"rendered":"Centralele nucleare nu \u201elucreaz\u0103\u201d pentru mine !"},"content":{"rendered":"<p>\u00cen timp ce unii \u00ee\u015fi cump\u0103r\u0103 SUV-uri, eu am investit \u00een \u201eViitor\u201d !<br \/>\n\u00cen Italia am instalat o Central\u0103 Fotovoltaic\u0103 de 3KW<br \/>\n<a href=\"http:\/\/bassdu.mine.nu\/images\/2011\/10\/IMG_20111010_172503.jpg\"><img loading=\"lazy\" decoding=\"async\" src=\"http:\/\/bassdu.mine.nu\/images\/2011\/10\/IMG_20111010_172503-300x225.jpg\" alt=\"\" title=\"IMG_20111010_172503\" width=\"300\" height=\"225\" class=\"aligncenter size-medium wp-image-1893\" srcset=\"https:\/\/bassdu.mine.bz\/images\/2011\/10\/IMG_20111010_172503-300x225.jpg 300w, https:\/\/bassdu.mine.bz\/images\/2011\/10\/IMG_20111010_172503-1024x768.jpg 1024w\" sizes=\"(max-width: 300px) 100vw, 300px\" \/><\/a><br \/>\n\u00cen Rom\u00e2nia am instalat pentru \u00eenceput 1Kw, urm\u00e2nd s\u0103 m\u0103resc treptat puterea, cu ajutorul lui Dumnezeu \u015fi al &#8230; Statului rom\u00e2n, care \u00een anul de gra\u0163ie 2011, nu are \u00eenc\u0103 stabilite normele necesare \u201einstala\u0163iilor fotovoltaice ale cet\u0103\u0163enilor\u201d. Bine\u00een\u0163eles c\u0103 au primat interesele corporatiste, pentru care nu exist\u0103&#8230; piedici !!! Este revolt\u0103tor faptul c\u0103 \u00een timp ce \u00een \u201elumea civilizat\u0103\u201d se stimuleaz\u0103 instalarea centralelor fotovoltaice private, inclusiv prin ajutoare de stat, \u00een Rom\u00e2nia nu po\u0163i face nici m\u0103car \u201eun schimb pe loc\u201d, adic\u0103 la acela\u015fi pre\u0163 ! Men\u0163ionez c\u0103 \u00een Italia, curentul m\u0103 cost\u0103 19 Euro-cent per Kw, pe c\u00e2nd cel produs de central\u0103 \u00eemi este pl\u0103tit cu 34 Euro-cent. Aceasta deoarece investi\u0163ia este privat\u0103, nu comport\u0103 investi\u0163ii ENEL (cabluri, transformatoare, etc.), ba scurteaz\u0103 \u015fi traseul produc\u0103tor &#8211; consumator, acoperind mai eficient necesarul de consum, care aici este \u00een timpul zilei solare. R\u0103spunsul primit la cererea mea este de-a dreptul \u015eOCANT :<br \/>\n&#8230;&#8230;&#8230;&#8230;&#8230;&#8230;&#8230;&#8230;&#8230;&#8230;&#8230;&#8230;.<br \/>\n<strong>\u201eStimate Domn, <\/p>\n<p> Referitor la solicitarea d-voastra inregistrata la Agentia de Furnizare Energie Electrica Ploiesti, cu nr 999\/3.10.2011, avand ca subiect preluarea energiei electrice produsa din surse regenerabile, cu putere instalata de sub 1MW\/centrala, detinute de persoane fizice, la capitolul VI din legea 220\/2008, modificata de legea 139\/2010, se prevede ca ANRE sa elaboreze o serie de metodologii prin care sa se stabileasaca modul de comercializare al acestei energii.<br \/>\nAcesta este motivul pentru care va rugam sa aveti intelegerea de a va adresa Autoritatii Nationale de Reglementare in domeniul Energiei.\u201d<\/strong><br \/>\n&#8230;&#8230;&#8230;&#8230;&#8230;&#8230;&#8230;&#8230;&#8230;&#8230;&#8230;&#8230;.<\/p>\n<p>Adic\u0103 eu trebuie s\u0103 m\u0103 adresez ANRE, ca s\u0103 \u201e\u00eei gr\u0103besc\u201d s\u0103 emit\u0103 ni\u015fte Norme care trebuiau emise de&#8230; UN AN !?!?<br \/>\nMen\u0163ionez c\u0103 din punct de vedere tehnic am ob\u0163inut Avizul Tehnic de Racordare (componentele sunt conforme Normelor UE), am pl\u0103tit \u015fi contorul cu dubl\u0103 citire, dar nu-l pot instala, p\u00e2n\u0103 nu voi avea un Contract de Furnizare, ce nu se poate \u00eencheia &#8230; din lipsa normelor !&#8230; ABRACADABRANT !!!<\/p>\n<p>Aici avem un alt r\u0103spuns \u015fi mai complet de unde rezult\u0103 INDOLEN\u0162A Autorit\u0103\u0163ii Na\u0163ionale de Reglementare \u00een domeniul Energiei :<br \/>\n&#8230;&#8230;&#8230;&#8230;&#8230;&#8230;&#8230;&#8230;&#8230;&#8230;&#8230;&#8230;&#8230;&#8230;.. <\/p>\n<p><strong>\u201eBuna dimineata,<\/p>\n<p>&#8211; Legea nr. 220\/2008 pentru stabilirea sistemului de promovare a producerii energiei din surse regenerabile de energie si Legea 139\/2010 privind modificarea si completarea Legii nr. 220\/2008 sunt actele legislative care reglementeaza sistemul de producere a energiei electrice din surse regenerabile.<br \/>\n&#8211; Conform acestor legi, Autoritatea Nationala de Reglementare in domeniul Energiei (ANRE) trebuia sa elaboreze si sa aprobe in termen de 60 zile de la data intrarii in vigoare a Legii 139\/2010 (07.07.2010), metodologiile necesare pentru contractarea energiei electrice produse din surse regenerabila.<br \/>\n&#8211; Pana la aceasta data aceste metodologii nu au fost aprobate de ANRE.<br \/>\n&#8211; Sfatul meu este sa va adresati ANRE prin e-mail si sa solicitati informatii suplimentare referitoare la contractarea energiei electrice, in situatia in care dvs. la locul de consum existent aveti aprobata prin avizul tehnic de racordare instalarea unui sistem de producere din surse regenerabile.<br \/>\n&#8211; Pagina de internet a ANRE poate fi accesata la aceasta adresa: http:\/\/www.anre.ro\/ \u201d<\/strong><br \/>\n&#8230;&#8230;&#8230;&#8230;&#8230;&#8230;&#8230;&#8230;&#8230;&#8230;&#8230;&#8230;&#8230;&#8230;&#8230;..<\/p>\n<p>Am accesat acel link, am cerut l\u0103muriri, dar se vede c\u0103 nu au curent, de dat\u0103 ce \u00eenc\u0103 nu am primit niciun r\u0103spuns !?!?<br \/>\nPoate le pot fi de ajutor cu \u201ecentralina\u201d mea :<br \/>\n<a href=\"http:\/\/bassdu.mine.nu\/images\/2011\/10\/SNC00827.jpg\"><img loading=\"lazy\" decoding=\"async\" src=\"http:\/\/bassdu.mine.nu\/images\/2011\/10\/SNC00827-300x225.jpg\" alt=\"\" title=\"SNC00827\" width=\"300\" height=\"225\" class=\"aligncenter size-medium wp-image-1895\" srcset=\"https:\/\/bassdu.mine.bz\/images\/2011\/10\/SNC00827-300x225.jpg 300w, https:\/\/bassdu.mine.bz\/images\/2011\/10\/SNC00827-1024x768.jpg 1024w\" sizes=\"(max-width: 300px) 100vw, 300px\" \/><\/a><\/p>\n<p><strong>\u00cen Rom\u00e2nia de azi, este nevoie de unii care \u201es\u0103 vin\u0103 \u015fi pre mul\u0163i s\u0103&#8230; popeasc\u0103!\u201d<\/strong><\/p>\n","protected":false},"excerpt":{"rendered":"<p>\u00cen timp ce unii \u00ee\u015fi cump\u0103r\u0103 SUV-uri, eu am investit \u00een \u201eViitor\u201d ! \u00cen Italia am instalat o Central\u0103 Fotovoltaic\u0103 de 3KW \u00cen Rom\u00e2nia am instalat pentru \u00eenceput 1Kw, urm\u00e2nd s\u0103 m\u0103resc treptat puterea, cu ajutorul lui Dumnezeu \u015fi al &#8230; Statului rom\u00e2n, care \u00een anul de gra\u0163ie 2011, nu are \u00eenc\u0103 stabilite normele necesare [&hellip;]<\/p>\n","protected":false},"author":2,"featured_media":0,"comment_status":"open","ping_status":"open","sticky":false,"template":"","format":"standard","meta":{"footnotes":""},"categories":[3],"tags":[720,322,719,11,41],"jetpack_featured_media_url":"","_links":{"self":[{"href":"https:\/\/bassdu.mine.bz\/index.php?rest_route=\/wp\/v2\/posts\/1891"}],"collection":[{"href":"https:\/\/bassdu.mine.bz\/index.php?rest_route=\/wp\/v2\/posts"}],"about":[{"href":"https:\/\/bassdu.mine.bz\/index.php?rest_route=\/wp\/v2\/types\/post"}],"author":[{"embeddable":true,"href":"https:\/\/bassdu.mine.bz\/index.php?rest_route=\/wp\/v2\/users\/2"}],"replies":[{"embeddable":true,"href":"https:\/\/bassdu.mine.bz\/index.php?rest_route=%2Fwp%2Fv2%2Fcomments&post=1891"}],"version-history":[{"count":4,"href":"https:\/\/bassdu.mine.bz\/index.php?rest_route=\/wp\/v2\/posts\/1891\/revisions"}],"predecessor-version":[{"id":1898,"href":"https:\/\/bassdu.mine.bz\/index.php?rest_route=\/wp\/v2\/posts\/1891\/revisions\/1898"}],"wp:attachment":[{"href":"https:\/\/bassdu.mine.bz\/index.php?rest_route=%2Fwp%2Fv2%2Fmedia&parent=1891"}],"wp:term":[{"taxonomy":"category","embeddable":true,"href":"https:\/\/bassdu.mine.bz\/index.php?rest_route=%2Fwp%2Fv2%2Fcategories&post=1891"},{"taxonomy":"post_tag","embeddable":true,"href":"https:\/\/bassdu.mine.bz\/index.php?rest_route=%2Fwp%2Fv2%2Ftags&post=1891"}],"curies":[{"name":"wp","href":"https:\/\/api.w.org\/{rel}","templated":true}]}}