{"id":1905,"date":"2011-10-31T23:04:42","date_gmt":"2011-10-31T22:04:42","guid":{"rendered":"http:\/\/bassdu.mine.nu\/?p=1905"},"modified":"2011-10-31T23:04:42","modified_gmt":"2011-10-31T22:04:42","slug":"de-ce-dacia-8","status":"publish","type":"post","link":"https:\/\/bassdu.mine.bz\/?p=1905","title":{"rendered":"De ce&#8230; DACIA ?"},"content":{"rendered":"<p>Deoarece :<\/p>\n<p>&#8211; DACIA este ultima form\u0103 de organizare statal\u0103 din Spa\u0163iul Carpato-Dun\u0103reano-Pontic, RESPECTAT\u0102 \u015fi (de ce nu?) &#8230; TEMUT\u0102. Au fost vremuri c\u00e2nd Imperiul Roman pl\u0103tea tribut geto-dacilor, pentru a putea sta \u00een teritoriile lor str\u0103mo\u015fe\u015fti.<\/p>\n<p>&#8211; DACII erau \u201ecei mai cinsti\u0163i \u015fi viteji dintre to\u0163i TRACII, care traci, erau poporul cel mai numeros dup\u0103 inzi\u201d (Herodot)<\/p>\n<p>&#8211; DACIA a fost o form\u0103 de organizare \u201ede r\u0103spuns\u201d la agresivitatea Imperiului Roman, dar \u015fi a altor migratori.<\/p>\n<p>&#8211; DACII puneau SPIRITUL mai presus de MATERIAL&#8230; de aceea erau&#8230; NEMURITORI.<\/p>\n<p>&#8211; DACII nu aveau ca to\u0163i ceilal\u0163i&#8230; SCLAVI.<\/p>\n<p>&#8211; DACII tr\u0103iau \u00een ARMONIE CU NATURA, respect\u00e2nd-o pentru d\u0103rnicia sa.<\/p>\n<p>&#8211; DACII erau ni\u015fte \u201es\u0103lbatici\u201d care nu aveau un Colosseum, unde se servea \u201ep\u00e2ine \u015fi circ s\u00e2ngeros\u201d.<\/p>\n<p>&#8211; DACII aveau aur \u015fi-l prelucrau cu m\u0103iestrie, \u00een pofida celor ce \u201eignor\u0103\u201d Clo\u015fca cu Puii de Aur \u015fi Coiful de la Co\u0163ofene\u015fti.<\/p>\n<p>&#8211; DACII nu erau chiar a\u015fa de s\u0103lbatici,&#8230; cine a v\u0103zut sutele de statui ale dacilor \u00eempr\u0103\u015ftiate \u00een toate muzeele Lumii, mai pu\u0163in \u00een cele autohtone, a observat (poate) c\u0103 mantiile lor erau&#8230; brodate.<\/p>\n<p>&#8211; DACIA a fost \u015fi visul lui Mihai Viteazul, numit \u00een cancelariile occidentale&#8230; MALUS DACUS.<\/p>\n<p>&#8211; DACIA a fost \u015fi visul lui&#8230; EMINESCU.<\/p>\n<p>&#8211; DACIA deoarece Forul Roman aminte\u015fte la tot pasul de un brav popor.<\/p>\n<p>&#8211; DACIA deoarece aurul s\u0103u a \u00eembog\u0103\u0163it toate capitalele Imperiilor \u015fi tot nu i-am s\u0103turat&#8230; a\u015fa de boga\u0163i suntem.<\/p>\n<p>&#8211; DACIA este \u015fi dincolo de Prut, ba chiar \u015fi dincolo de Nistru.<\/p>\n<p>&#8211; DACIA deoarece numai a\u015fa vom pricepe de ce Rom\u00e2nia este \u00eenconjurat\u0103 de toate p\u0103r\u0163ile de&#8230; rom\u00e2ni.<\/p>\n<p>&#8211; DACIA \u201ea stat \u00een g\u00e2t\u201d tuturor IMPERIILOR R\u0102ULUI care s-au succedat de-a lungul Istoriei, care au f\u0103cut tot posibilul s\u0103 \u00eempiedice UNIREA urma\u015filor \u201ecelui mai numeros popor european\u201d, conform principiului lor de baz\u0103 : \u201eDEZBIN\u0102 \u015eI ST\u0102P\u00c2NE\u015eTE !\u201d<\/p>\n<p>&#8211; DACIA deoarece maghiarii sunt mai daci dec\u00e2t yazighi, huni sau al\u0163i fino-ugrici.<\/p>\n<p>&#8211; DACIA deoarece bulgarii sunt mai daci dec\u00e2t turcicii bulgari&#8230; o recunosc chiar ei !?!?<\/p>\n<p>&#8211; DACIA deoarece s\u00e2rbii nu devin to\u0163i s\u00e2rbi, odat\u0103 cu schimbarea numelui de vlas sau arom\u00e2n<\/p>\n<p>&#8211; DACIA o vrem \u00een primul r\u00e2nd, deoarece NU TO\u0162I DACII AU PIERIT, a\u015fa cum se str\u0103duie unii s\u0103 ne conving\u0103, ci continu\u0103 s\u0103 existe \u00een genele noastre. Eu \u00eendr\u0103znesc s\u0103 afirm, c\u0103 p\u00e2n\u0103 \u015fi cei de alte etnii ce conlocuiesc cu noi \u00een acest Spa\u0163iu, dup\u0103 numero\u015fii ani de c\u00e2nd \u201erespir\u0103 \u015fi se hr\u0103nesc din DACI\u201d&#8230; au devenit \u201esuficient\u201d de daci , ca s\u0103-i trat\u0103m fr\u0103\u0163e\u015fte !<\/p>\n<p>CONTINUITATEA ne-a fost garantat\u0103 de : P\u0102DURILE \u00ceNTUNECOASE, MUN\u0162II SEME\u0162I, MAREA CEA MARE, DUN\u0102REA CEA \u00ceNVOLBURAT\u0102, NISTRUL, TISA , OLTUL, MURE\u015eUL, PRUTUL,etc. adev\u0103rate fortifica\u0163ii greu de trecut, dar mai ales de&#8230; STATORNICIE !<\/p>\n<p>&#8211; DACIA, chiar dac\u0103 Neamurile sale se chemau :albocensi, appulli, biesi, buri, carpi, costoboci, harpi, ordissi, piage\u0163i, potulatensi, ratacensi, saci, sarge\u0163i, tirage\u0163i, \u015famd., iar azi se cheam\u0103 :vlasi, arom\u00e2ni, istrorom\u00e2ni, meglenorom\u00e2ni, b\u0103n\u0103\u0163eni, ardeleni, maramure\u015feni, moldoveni, olteni, bucovineni, valahi, volohi, olahi, dobrogeni, basarabeni, etc.<\/p>\n<p>Cine cite\u015fte cu aten\u0163ie Principiile \u015fi Obiectivele \u201eMi\u015fc\u0103rii Dacia\u201d \u015fi e&#8230; \u201eprevenit\u201d, pricepe imediat de ce ne chem\u0103m&#8230; DACIA !<\/p>\n<p><strong>Deoarece azi suntem din nou \u00een situa\u0163ia de a ne ap\u0103ra IDENTITATEA NA\u0162IONAL\u0102  \u015fi trebuie ca de data asta, s\u0103 \u201ene \u00eentoarcem\u201d la vechile VALORI ale \u00eenainta\u015filor no\u015ftri &#8230; azi r\u0103sturnate ! Aceste VALORI le reg\u0103sim cu u\u015furin\u0163\u0103 \u00een PRINCIPIILE \u015fi OBIECTIVELE \u201eMi\u015fc\u0103rii Dacia\u201d !<\/strong><\/p>\n","protected":false},"excerpt":{"rendered":"<p>Deoarece : &#8211; DACIA este ultima form\u0103 de organizare statal\u0103 din Spa\u0163iul Carpato-Dun\u0103reano-Pontic, RESPECTAT\u0102 \u015fi (de ce nu?) &#8230; TEMUT\u0102. Au fost vremuri c\u00e2nd Imperiul Roman pl\u0103tea tribut geto-dacilor, pentru a putea sta \u00een teritoriile lor str\u0103mo\u015fe\u015fti. &#8211; DACII erau \u201ecei mai cinsti\u0163i \u015fi viteji dintre to\u0163i TRACII, care traci, erau poporul cel mai numeros [&hellip;]<\/p>\n","protected":false},"author":2,"featured_media":0,"comment_status":"open","ping_status":"open","sticky":false,"template":"","format":"standard","meta":{"footnotes":""},"categories":[73],"tags":[182,728,620,725,727,210,292,726,724,41,469,204],"jetpack_featured_media_url":"","_links":{"self":[{"href":"https:\/\/bassdu.mine.bz\/index.php?rest_route=\/wp\/v2\/posts\/1905"}],"collection":[{"href":"https:\/\/bassdu.mine.bz\/index.php?rest_route=\/wp\/v2\/posts"}],"about":[{"href":"https:\/\/bassdu.mine.bz\/index.php?rest_route=\/wp\/v2\/types\/post"}],"author":[{"embeddable":true,"href":"https:\/\/bassdu.mine.bz\/index.php?rest_route=\/wp\/v2\/users\/2"}],"replies":[{"embeddable":true,"href":"https:\/\/bassdu.mine.bz\/index.php?rest_route=%2Fwp%2Fv2%2Fcomments&post=1905"}],"version-history":[{"count":1,"href":"https:\/\/bassdu.mine.bz\/index.php?rest_route=\/wp\/v2\/posts\/1905\/revisions"}],"predecessor-version":[{"id":1906,"href":"https:\/\/bassdu.mine.bz\/index.php?rest_route=\/wp\/v2\/posts\/1905\/revisions\/1906"}],"wp:attachment":[{"href":"https:\/\/bassdu.mine.bz\/index.php?rest_route=%2Fwp%2Fv2%2Fmedia&parent=1905"}],"wp:term":[{"taxonomy":"category","embeddable":true,"href":"https:\/\/bassdu.mine.bz\/index.php?rest_route=%2Fwp%2Fv2%2Fcategories&post=1905"},{"taxonomy":"post_tag","embeddable":true,"href":"https:\/\/bassdu.mine.bz\/index.php?rest_route=%2Fwp%2Fv2%2Ftags&post=1905"}],"curies":[{"name":"wp","href":"https:\/\/api.w.org\/{rel}","templated":true}]}}