{"id":1908,"date":"2011-11-02T19:42:15","date_gmt":"2011-11-02T18:42:15","guid":{"rendered":"http:\/\/bassdu.mine.nu\/?p=1908"},"modified":"2011-11-02T19:50:41","modified_gmt":"2011-11-02T18:50:41","slug":"tu-de-ce-parte-esti-in-batalia-internetului","status":"publish","type":"post","link":"https:\/\/bassdu.mine.bz\/?p=1908","title":{"rendered":"Tu de ce parte e\u015fti \u00een&#8230; B\u0103t\u0103lia Internetului ?"},"content":{"rendered":"<p><strong>B\u0103t\u0103lia Internetului<\/strong><\/p>\n<p>A\u0219 vrea s\u0103 aduc \u00een discu\u021bie un fenomen larg r\u0103sp\u00e2ndit \u00een ultima perioad\u0103 marcat\u0103 de evolu\u021bia spectaculoas\u0103 a mijloacelor de comunicare \u0219i informare, \u00een special a internetului. Este vorba de o adev\u0103rat\u0103 b\u0103t\u0103lie din umbr\u0103, prea pu\u021bin cunoscut\u0103, dar nu mai pu\u021bin important\u0103, care se desf\u0103\u0219oar\u0103 zi de zi, ceas de ceas, 24 de ore pe zi \u0219i \u0219apte zile pe s\u0103pt\u00e2m\u00e2n\u0103, chiar \u0219i \u00een acest moment este \u00een plin\u0103 desf\u0103\u0219urare. Principalul c\u00e2mp de lupt\u0103, dar nu singurul, este internetul, iar \u021binta luptei este mintea \u0219i creierul cet\u0103\u021benilor din lumea \u00eentreag\u0103.<\/p>\n<p>&#8230;&#8230;&#8230;&#8230;&#8230;&#8230;&#8230;&#8230;&#8230;&#8230;&#8230;&#8230;&#8230;&#8230;&#8230;&#8230;&#8230;&#8230;&#8230;&#8230;<\/p>\n<p>Chiar \u0219i acum c\u00e2nd citi\u021bi aceste r\u00e2nduri, o b\u0103t\u0103lie este \u00een toi \u0219i sunt rom\u00e2ni care lupt\u0103 \u00een primele linii. Singuri, uita\u021bi, nerecunoscu\u021bi, sunt eroii de ast\u0103zi care duc aceast\u0103 lupt\u0103 de cele mai multe ori inegal\u0103. M\u0103 refer la b\u0103t\u0103lia internetului, dup\u0103 mediul \u00een care se desf\u0103\u0219oar\u0103.<\/p>\n<p>&#8230;&#8230;&#8230;&#8230;&#8230;&#8230;&#8230;&#8230;&#8230;&#8230;&#8230;&#8230;&#8230;&#8230;&#8230;&#8230;&#8230;&#8230;&#8230;&#8230;<\/p>\n<p>Un exemplu la \u00eendem\u00e2n\u0103, \u00een general se \u0219tie c\u0103 Rom\u00e2nia are dreptul istoric asupra Bucovinei de Nord, dar nimeni nu va risca o for\u021bare cer\u00e2ndu-i Ucrainei acest teritoriu, de team\u0103 de a nu declan\u0219a un cutremur geopolitic ale c\u0103rui urm\u0103ri ar putea deveni imprevizibile. Dar asta nu \u00eenseamn\u0103 c\u0103 o lupt\u0103 subversiv\u0103, tenace \u0219i continu\u0103 nu se duce \u0219i pe acest front. Pe l\u00e2ng\u0103 ac\u021biunile fizice, de dezna\u021bionalizare a rom\u00e2nilor, ucrainenii duc o lupt\u0103 underground, de justificare a ocupa\u021biei lor asupra Basarabiei, \u00eencerc\u00e2nd prin toate mijloacele, mai ales prin intermediul internetului, s\u0103 submineze dreptul istoric al Rom\u00e2niei asupra Bucovinei de Nord.<\/p>\n<p>Un alt front este cel al Transilvaniei, ungurii care \u00eencearc\u0103 s\u0103 submineze dreptul istoric al Rom\u00e2niei asupra Transilvaniei. Forumuri de istorie, discu\u021bii pe marginea oric\u0103rui articol de ziar cu tente revizioniste, re\u0219aparea \u00eembun\u0103t\u0103\u021bit\u0103 a teoriilor discontinuit\u0103\u021bii rom\u00e2nilor \u00een Ardeal, contestarea dovezilor acestei continuit\u0103\u021bi \u0219i multe altele.<\/p>\n<p>Mai exist\u0103 \u0219i fronturile secundare, dar nu mai pu\u021bin importante, \u00een care s\u00e2rbii \u0219i bulgarii \u00eencearc\u0103 dezr\u0103d\u0103cinarea rom\u00e2nilor, minorit\u0103\u021bi \u00een \u021b\u0103rile lor. Dar frontul principal, datorit\u0103 evenimentelor politice, a ajuns cel basarabean. Teoria moldovenist\u0103 este la mare mod\u0103, sus\u021binut\u0103 \u0219i de c\u0103tre unii rom\u00e2ni moldoveni interesa\u021bi sau pur \u0219i simplu naivi. Aici b\u0103t\u0103lia este mai mult dec\u00e2t inegal\u0103, lupt\u0103torii rom\u00e2ni pe frontul internetului trebuind s\u0103 fac\u0103 fa\u021b\u0103 inclusiv puternicului aparat de propagand\u0103 rusesc care s-a aruncat pur \u0219i simplu \u00een aceast\u0103 b\u0103t\u0103lie disperat\u0103 pentru ei, fiindc\u0103 \u00eencep s\u0103 simt\u0103 c\u0103 s-ar putea s\u0103 piard\u0103. S\u0103 piard\u0103 ce, a\u021bi putea \u00eentreba. R\u0103spunsul e simplu, s\u0103 piard\u0103 controlul asupra Republicii Moldova, iar rezultatele vizibile de la fiecare rund\u0103 de alegeri arat\u0103 c\u0103 sunt \u00een defensiv\u0103, \u00een retragere. De aceea niciun efort nu este prea mic pentru b\u0103t\u0103lia pe con\u0219tiin\u021ba cet\u0103\u021benilor moldoveni.<\/p>\n<p>&#8230;&#8230;&#8230;&#8230;&#8230;&#8230;&#8230;&#8230;&#8230;&#8230;&#8230;&#8230;&#8230;&#8230;&#8230;&#8230;&#8230;&#8230;&#8230;&#8230;<\/p>\n<p>Ei sunt eroii anonimi ne\u0219tiu\u021bi ai acestul r\u0103zboi al internetului. Unii care ar merita s\u0103 fie decora\u0163i. La fel ca \u0219i to\u021bi cei care posteaz\u0103 zi \u0219i noapte adev\u0103rul, r\u0103spund provoc\u0103rilor \u0219i insinu\u0103rilor, realizeaz\u0103 filmule\u021be pe youtube despre istoria noastr\u0103 adev\u0103rat\u0103 \u0219i realiz\u0103rile rom\u00e2ne\u0219ti, ace\u0219ti eroi minuna\u021bi, numero\u0219i, discre\u021bi \u0219i anonimi, ne\u0219tiu\u021bi, merit\u0103 tot respectul \u0219i considera\u021bia noastr\u0103, deoarece ei sunt \u00een prima linie de ap\u0103rare a onoarei \u0219i integrit\u0103\u021bii Rom\u00e2niei, sunt prima linie \u00een b\u0103t\u0103lia pentru con\u0219tiin\u021ba opiniei publice interna\u021bionale.<\/p>\n<p><strong>\u00cen \u00eencheiere, tuturor acestor eroi ne\u0219tiu\u021bi eu le aduc un omagiu c\u0103lduros, mul\u021bumindu-le pentru tot ceea ce fac ei pentru Rom\u00e2nia, pentru noi to\u021bi.<\/strong><\/p>\n<p><a href=\"http:\/\/www.universulromanesc.com\/ginta\/showthread.php?t=1535\" target=\"_blank\"><strong>de Cristian Negrea<\/strong><\/a><\/p>\n<p>&nbsp;<\/p>\n<p><strong><br \/>\n<\/strong><\/p>\n<p><a href=\"http:\/\/cristiannegrea.blogspot.com\/2...e-fapt-si.html\"><\/a><\/p>\n","protected":false},"excerpt":{"rendered":"<p>B\u0103t\u0103lia Internetului A\u0219 vrea s\u0103 aduc \u00een discu\u021bie un fenomen larg r\u0103sp\u00e2ndit \u00een ultima perioad\u0103 marcat\u0103 de evolu\u021bia spectaculoas\u0103 a mijloacelor de comunicare \u0219i informare, \u00een special a internetului. Este vorba de o adev\u0103rat\u0103 b\u0103t\u0103lie din umbr\u0103, prea pu\u021bin cunoscut\u0103, dar nu mai pu\u021bin important\u0103, care se desf\u0103\u0219oar\u0103 zi de zi, ceas de ceas, 24 [&hellip;]<\/p>\n","protected":false},"author":2,"featured_media":0,"comment_status":"open","ping_status":"open","sticky":false,"template":"","format":"standard","meta":{"footnotes":""},"categories":[73],"tags":[460,461,452,637,670,206,729],"jetpack_featured_media_url":"","_links":{"self":[{"href":"https:\/\/bassdu.mine.bz\/index.php?rest_route=\/wp\/v2\/posts\/1908"}],"collection":[{"href":"https:\/\/bassdu.mine.bz\/index.php?rest_route=\/wp\/v2\/posts"}],"about":[{"href":"https:\/\/bassdu.mine.bz\/index.php?rest_route=\/wp\/v2\/types\/post"}],"author":[{"embeddable":true,"href":"https:\/\/bassdu.mine.bz\/index.php?rest_route=\/wp\/v2\/users\/2"}],"replies":[{"embeddable":true,"href":"https:\/\/bassdu.mine.bz\/index.php?rest_route=%2Fwp%2Fv2%2Fcomments&post=1908"}],"version-history":[{"count":5,"href":"https:\/\/bassdu.mine.bz\/index.php?rest_route=\/wp\/v2\/posts\/1908\/revisions"}],"predecessor-version":[{"id":1911,"href":"https:\/\/bassdu.mine.bz\/index.php?rest_route=\/wp\/v2\/posts\/1908\/revisions\/1911"}],"wp:attachment":[{"href":"https:\/\/bassdu.mine.bz\/index.php?rest_route=%2Fwp%2Fv2%2Fmedia&parent=1908"}],"wp:term":[{"taxonomy":"category","embeddable":true,"href":"https:\/\/bassdu.mine.bz\/index.php?rest_route=%2Fwp%2Fv2%2Fcategories&post=1908"},{"taxonomy":"post_tag","embeddable":true,"href":"https:\/\/bassdu.mine.bz\/index.php?rest_route=%2Fwp%2Fv2%2Ftags&post=1908"}],"curies":[{"name":"wp","href":"https:\/\/api.w.org\/{rel}","templated":true}]}}