{"id":1914,"date":"2011-11-04T10:25:38","date_gmt":"2011-11-04T09:25:38","guid":{"rendered":"http:\/\/bassdu.mine.nu\/?p=1914"},"modified":"2012-02-04T10:20:33","modified_gmt":"2012-02-04T09:20:33","slug":"n-ati-vazut-cumva-o-tara","status":"publish","type":"post","link":"https:\/\/bassdu.mine.bz\/?p=1914","title":{"rendered":"N-a\u0163i v\u0103zut cumva o \u0162ar\u0103 ?"},"content":{"rendered":"<p>&nbsp;<\/p>\n<p>&nbsp;<\/p>\n<p>de<strong> George de Podoleni<\/strong><\/p>\n<h6>Spune\u0163i-mi, n-a\u0163i v\u0103zut cumva o \u0163ar\u0103?<br \/>\nAm fost plecat vreo patru ani pe-afar\u0103;<br \/>\nAzi am venit \u015fi-o caut cu ardoare,<br \/>\nDar n-o g\u0103sesc \u015fi-n suflet r\u0103u m\u0103 doare.<\/h6>\n<h6><\/h6>\n<p>&#8230; O caut peste tot, am fost \u015fi-n sate,<br \/>\nOgoare pl\u00e2ng \u00een buruieni l\u0103sate,<br \/>\n\u00censpre p\u0103duri, potecile uitate<br \/>\nM-au r\u0103t\u0103cit \u00eentr-un pustiu de cioate.<\/p>\n<p>&nbsp;<\/p>\n<p>Acas\u0103 poarta nu e z\u0103vor\u00e2t\u0103,<br \/>\nC\u0103ci mama tot mai iese \u015fi se uit\u0103;<br \/>\nAt\u00e2ta dor i-a mai r\u0103mas pe lume,<br \/>\nFeciorii s\u0103-i mai strige iar pe nume.<\/p>\n<p>&nbsp;<\/p>\n<p>Mo\u015fneagul iese-n cale \u015fi-o \u00eentreab\u0103:<br \/>\n\u201eVine? La anul, cred! Acu-i la treab\u0103,<br \/>\nLa noi \u00een \u0163ar\u0103-i mult\u0103 s\u0103r\u0103cie\u2026<br \/>\n\u015etiu ei \u2013 c\u0103 de-or veni, la ce s\u0103 vie?!\u201d<\/p>\n<p>&nbsp;<\/p>\n<p>Spune\u0163i-mi, n-a\u0163i v\u0103zut cumva o \u0163ar\u0103<br \/>\nC\u00e2ntat\u0103 de poe\u0163i odinioar\u0103,<br \/>\nCu ochi de cer \u015fi plin\u0103 de verdea\u0163\u0103?<br \/>\nAm fost \u015fi-am c\u0103utat-o \u015fi la pia\u0163\u0103.<\/p>\n<p>&nbsp;<\/p>\n<p>Acolo nu era, de bun\u0103 seam\u0103,<br \/>\nC\u0103 prea o \u00eenjurau rom\u00e2ni de mam\u0103;<br \/>\nHarbuzul, p\u0103trunjelul, biata prun\u0103,<br \/>\nErau culese parc\u0103\u2026 de pe Lun\u0103!<\/p>\n<p>&nbsp;<\/p>\n<p>Chiar, voi nu a\u0163i v\u0103zut pe jos o \u0163ar\u0103,<br \/>\nC\u0103lcat\u0103 \u00een picioare \u015fi murdar\u0103?<br \/>\nCe-ave\u0163i cu ea? Nimica nu v\u0103 cere,<br \/>\nEu o declar singura mea avere!<\/p>\n","protected":false},"excerpt":{"rendered":"<p>&nbsp; &nbsp; de George de Podoleni Spune\u0163i-mi, n-a\u0163i v\u0103zut cumva o \u0163ar\u0103? Am fost plecat vreo patru ani pe-afar\u0103; Azi am venit \u015fi-o caut cu ardoare, Dar n-o g\u0103sesc \u015fi-n suflet r\u0103u m\u0103 doare. &#8230; O caut peste tot, am fost \u015fi-n sate, Ogoare pl\u00e2ng \u00een buruieni l\u0103sate, \u00censpre p\u0103duri, potecile uitate M-au r\u0103t\u0103cit \u00eentr-un [&hellip;]<\/p>\n","protected":false},"author":2,"featured_media":0,"comment_status":"open","ping_status":"open","sticky":false,"template":"","format":"standard","meta":{"footnotes":""},"categories":[88],"tags":[733,19,731],"jetpack_featured_media_url":"","_links":{"self":[{"href":"https:\/\/bassdu.mine.bz\/index.php?rest_route=\/wp\/v2\/posts\/1914"}],"collection":[{"href":"https:\/\/bassdu.mine.bz\/index.php?rest_route=\/wp\/v2\/posts"}],"about":[{"href":"https:\/\/bassdu.mine.bz\/index.php?rest_route=\/wp\/v2\/types\/post"}],"author":[{"embeddable":true,"href":"https:\/\/bassdu.mine.bz\/index.php?rest_route=\/wp\/v2\/users\/2"}],"replies":[{"embeddable":true,"href":"https:\/\/bassdu.mine.bz\/index.php?rest_route=%2Fwp%2Fv2%2Fcomments&post=1914"}],"version-history":[{"count":4,"href":"https:\/\/bassdu.mine.bz\/index.php?rest_route=\/wp\/v2\/posts\/1914\/revisions"}],"predecessor-version":[{"id":1916,"href":"https:\/\/bassdu.mine.bz\/index.php?rest_route=\/wp\/v2\/posts\/1914\/revisions\/1916"}],"wp:attachment":[{"href":"https:\/\/bassdu.mine.bz\/index.php?rest_route=%2Fwp%2Fv2%2Fmedia&parent=1914"}],"wp:term":[{"taxonomy":"category","embeddable":true,"href":"https:\/\/bassdu.mine.bz\/index.php?rest_route=%2Fwp%2Fv2%2Fcategories&post=1914"},{"taxonomy":"post_tag","embeddable":true,"href":"https:\/\/bassdu.mine.bz\/index.php?rest_route=%2Fwp%2Fv2%2Ftags&post=1914"}],"curies":[{"name":"wp","href":"https:\/\/api.w.org\/{rel}","templated":true}]}}