{"id":1918,"date":"2011-11-06T13:32:38","date_gmt":"2011-11-06T12:32:38","guid":{"rendered":"http:\/\/bassdu.mine.nu\/?p=1918"},"modified":"2011-11-06T13:32:38","modified_gmt":"2011-11-06T12:32:38","slug":"%e2%80%9emiscarea-dacia%e2%80%9d-si-familia","status":"publish","type":"post","link":"https:\/\/bassdu.mine.bz\/?p=1918","title":{"rendered":"\u201eMi\u015fcarea Dacia\u201d \u015fi &#8230; FAMILIA"},"content":{"rendered":"<div>\n<p>A\u015fa cum rezult\u0103 din Principii \u015fi Obiective, <strong>FAMILIA<\/strong> ca element de baz\u0103 al societ\u0103\u0163ii, trebuie pus\u0103 pe primul loc al preocup\u0103rilor noastre.<\/p>\n<p>Nu o s\u0103 rememorez toate aspectele negative ce sufoc\u0103 azi FAMILIA, ci o s\u0103 trec direct la schi\u0163area unei <strong>SOLU\u0162II CARDINALE<\/strong> pentru combaterea CAUZELOR acestei situa\u0163ii.<\/p>\n<p>&nbsp;<\/p>\n<p>Se trateaz\u0103 de elaborarea unei <strong>LEGI A FAMILIEI<\/strong>, care s\u0103 stipuleze <strong>Responsabilitatea P\u0103rinteasc\u0103<\/strong> \u00een cre\u015fterea , educarea \u015fi asigurarea s\u0103n\u0103t\u0103\u0163ii propriilor copii.<\/p>\n<p>Problema <strong>SUPRAPOPULA\u0162IEI<\/strong> nu trebuie minimizat\u0103, a\u015fa cum nu trebuie minimizat\u0103 problema<strong> EDUCA\u0162IEI, S\u0102N\u0102T\u0102\u0162II \u015fi MORALIT\u0102\u0162II \u201eViitorului Na\u0163iei\u201d<\/strong> !<\/p>\n<p>Legea trebuie s\u0103 stabileasc\u0103 <strong>OBLIGA\u0162II<\/strong> clare ale p\u0103rin\u0163ilor pe aceste teme, precum \u015fi \u201epedepse\u201d pentru cei ce ignor\u0103 acest <strong>Obiectiv de Interes Na\u0163ional.<\/strong><\/p>\n<p>Cre\u015fterea popula\u0163iei, nu poate fi l\u0103sat\u0103 la \u201evoia soartei\u201d, factorii  responsabili \u00een administrarea Na\u0163iei trebuind s\u0103 urm\u0103reasc\u0103 \u201easpectul  cantitativ\u201d, dar mai ales \u201ecalitativ\u201d al componen\u0163ei viitoare a  popula\u0163iei.<\/p>\n<p>Reamintesc ini\u0163iativele <strong>Chinei<\/strong> \u00een chestiunea  \u201ecantitativ\u0103\u201d \u015fi cred c\u0103 a sosit momentul \u201es\u0103 nu o mai dilu\u0103m\u201d \u00een  concepturi ipocrite, aflate azi pe buzele tuturor netrebnicilor  preocupa\u0163i doar de PREZENTUL lor, nicidecum de <strong>VIITORUL NA\u0162IEI <\/strong>!<\/p>\n<p>Copiii sunt \u201eDAR CERESC\u201d, iar aceste daruri trebuiesc f\u0103cute celor ce merit\u0103 !<em>&#8230;  prea mul\u0163i copii \u201e\u00een pu\u0163a goal\u0103\u201d pe uli\u0163ele noastre&#8230; prea mul\u0163i copii  abandona\u0163i de p\u0103rin\u0163ii pleca\u0163i \u201ela munc\u0103\u201d&#8230; prea mul\u0163i copii ce nu  urmeaz\u0103 cursurile \u015fcolare&#8230; prea mul\u0163i copii prad\u0103 diver\u015filor  \u201eexploatatori f\u0103r\u0103 scrupule\u201d&#8230; prea mul\u0163i copii crescu\u0163i \u00een ambienturi  IMORALE<\/em> \u015fi a\u015f putea s\u0103 continui cu citarea altor \u201edegrad\u0103ri periculoase\u201d ale statutului copiilor, mai ales \u00een ultimii 22 de ani.<\/p>\n<p>P\u0103rin\u0163ii care nu-\u015fi \u00eendeplinesc aceast\u0103<strong> \u201edatorie de onoare fa\u0163\u0103 de Patrie\u201d<\/strong>,  trebuiesc \u201edescuraja\u0163i\u201d s\u0103 dea na\u015ftere unor \u201evictime predestinate\u201d  !!!&#8230; se poate merge de la ridicarea \u201edreptului de a fi p\u0103rinte\u201d, p\u00e2n\u0103  la \u201eizolarea de societate\u201d. <strong>A creea o Familie<\/strong> \u015fi a da na\u015ftere la urma\u015fi, este un <strong>ACT de mare RESPONSABILITATE SOCIAL\u0102 !<\/strong>&#8230; a\u015fa fiind, societatea nu poate l\u0103sa la liberul arbitru al oric\u0103rui \u201edezechilibrat\u201d, <strong>Viitorul Na\u0163iei<\/strong> !<em> \u00cen ziua de azi exist\u0103 \u201ecomunit\u0103\u0163i\u201d ce se ocup\u0103 de reeducarea  toxico-dependen\u0163ilor&#8230; de ce nu ar putea exista \u015fi comunit\u0103\u0163i pentru  reeducarea &#8230; \u201ep\u0103rin\u0163ilor denatura\u0163i\u201d ?<\/em><\/p>\n<p><strong><em>\u201eLibertatea unora, se termin\u0103 acolo unde \u00eencepe Libertatea celorlal\u0163i !\u201d<\/em><\/strong><\/p>\n<p>Copiilor trebuie s\u0103 li se asigure<strong> \u201edreptul de a fi educa\u0163i, cura\u0163i \u015fi crescu\u0163i \u00een condi\u0163ii decente \u00eentr-un ambient cu solide baze MORALE\u201d<\/strong>, f\u0103r\u0103 niciun fel de discrimin\u0103ri ! &#8230; apoi vine libertatea adul\u0163ilor !<\/p>\n<p>Desigur,<strong> m\u0103surile<\/strong> concrete ce trebuiesc implementate, de o complexitate deosebit\u0103, trebuiesc \u201ebine g\u00e2ndite\u201d de un <strong>colectiv COMPETENT<\/strong> \u00een chestiuni <strong>sociologice, psihologice, medicale, constitu\u0163ionale, etc.<\/strong> Trebuie alc\u0103tuit un <strong>\u201esistem de stimulen\u0163i \u015fi inhibitori\u201d<\/strong> \u00een m\u0103sur\u0103 s\u0103 asigure \u201econvergen\u0163a\u201d pentru atingerea <strong>OBIECTIVULUI.<\/strong><\/p>\n<p>Desigur c\u0103 rezultatele acestei \u201ecampanii\u201d se vor ob\u0163ine dup\u0103 mul\u0163i ani \u015fi multe \u201erezisten\u0163e ini\u0163iale\u201d&#8230;<strong> dar este un buboi care trebuie neap\u0103rat &#8230; spart !<\/strong><\/p>\n<p>Desigur c\u0103 aceast\u0103 <strong>Lege a Familiei<\/strong> se coreleaz\u0103 perfect cu celelalte <strong>Principii \u015fi Obiective ale \u201eMi\u015fc\u0103rii Dacia\u201d<\/strong>, referitoare la necesitatea unui <em>STAT  PUTERNIC, a superviz\u0103rii EDUCA\u0162IEI \u015fi S\u0102N\u0102T\u0102\u0162II exclusiv de c\u0103tre Stat,  la m\u0103surile \u201eanti-corup\u0163ie\u201d, \u201eanti-imoralitate\u201d, etc.<\/em><\/p>\n<p><strong>Desigur c\u0103 aceast\u0103 Lege va fi expresia unei ADEV\u0102RATE schimb\u0103ri a PARADIGMEI actuale.<\/strong><\/p>\n<\/div>\n","protected":false},"excerpt":{"rendered":"<p>A\u015fa cum rezult\u0103 din Principii \u015fi Obiective, FAMILIA ca element de baz\u0103 al societ\u0103\u0163ii, trebuie pus\u0103 pe primul loc al preocup\u0103rilor noastre. Nu o s\u0103 rememorez toate aspectele negative ce sufoc\u0103 azi FAMILIA, ci o s\u0103 trec direct la schi\u0163area unei SOLU\u0162II CARDINALE pentru combaterea CAUZELOR acestei situa\u0163ii. &nbsp; Se trateaz\u0103 de elaborarea unei LEGI [&hellip;]<\/p>\n","protected":false},"author":2,"featured_media":0,"comment_status":"open","ping_status":"open","sticky":false,"template":"","format":"standard","meta":{"footnotes":""},"categories":[73],"tags":[268,210,570,698,390,295,41,699,734],"jetpack_featured_media_url":"","_links":{"self":[{"href":"https:\/\/bassdu.mine.bz\/index.php?rest_route=\/wp\/v2\/posts\/1918"}],"collection":[{"href":"https:\/\/bassdu.mine.bz\/index.php?rest_route=\/wp\/v2\/posts"}],"about":[{"href":"https:\/\/bassdu.mine.bz\/index.php?rest_route=\/wp\/v2\/types\/post"}],"author":[{"embeddable":true,"href":"https:\/\/bassdu.mine.bz\/index.php?rest_route=\/wp\/v2\/users\/2"}],"replies":[{"embeddable":true,"href":"https:\/\/bassdu.mine.bz\/index.php?rest_route=%2Fwp%2Fv2%2Fcomments&post=1918"}],"version-history":[{"count":2,"href":"https:\/\/bassdu.mine.bz\/index.php?rest_route=\/wp\/v2\/posts\/1918\/revisions"}],"predecessor-version":[{"id":1920,"href":"https:\/\/bassdu.mine.bz\/index.php?rest_route=\/wp\/v2\/posts\/1918\/revisions\/1920"}],"wp:attachment":[{"href":"https:\/\/bassdu.mine.bz\/index.php?rest_route=%2Fwp%2Fv2%2Fmedia&parent=1918"}],"wp:term":[{"taxonomy":"category","embeddable":true,"href":"https:\/\/bassdu.mine.bz\/index.php?rest_route=%2Fwp%2Fv2%2Fcategories&post=1918"},{"taxonomy":"post_tag","embeddable":true,"href":"https:\/\/bassdu.mine.bz\/index.php?rest_route=%2Fwp%2Fv2%2Ftags&post=1918"}],"curies":[{"name":"wp","href":"https:\/\/api.w.org\/{rel}","templated":true}]}}