{"id":1921,"date":"2011-11-06T22:55:03","date_gmt":"2011-11-06T21:55:03","guid":{"rendered":"http:\/\/bassdu.mine.nu\/?p=1921"},"modified":"2011-11-09T18:24:37","modified_gmt":"2011-11-09T17:24:37","slug":"1921","status":"publish","type":"post","link":"https:\/\/bassdu.mine.bz\/?p=1921","title":{"rendered":"\u201eMi\u015fcarea Dacia\u201d \u015fi&#8230; Ion Coja"},"content":{"rendered":"<p>Prin amabilitatea d-lui <strong>Dan Culcer<\/strong>, scriitor \u015fi ziarist rom\u00e2n rezident \u00een Fran\u0163a din 1987,<strong> Manifestul Mi\u015fc\u0103rii Dacia<\/strong> a fost publicat pe unul din<a href=\"http:\/\/asymetria-anticariat.blogspot.com\/2011\/10\/proiect-de-manifest-al-miscarii-dacia.html\"> blogurile<\/a> domniei sale. Spre surprinderea mea, d-l Ion Coja , aderent al grupului nostru a avut o reac\u0163ie&#8230; de prost gust \u015fi total nejustificat\u0103 :<\/p>\n<p>&nbsp;<\/p>\n<p><strong> <\/strong><\/p>\n<p><strong>\u201e Propunerea de a schimba numele \u021a\u0103rii, din Rom\u00e2nia \u00een Dacia, nu este o nebunie, a\u0219a cum pare la prima vedere. Ea are o ra\u021biune, o logic\u0103, anume aceea de a completa strategia celor care au lansat campania de \u00eenlocuire a cuv\u00eentului \u021bigan prin rom. Prin impunerea artificialului rom, cuv\u00eentul rom\u00e2n se compromite, ar urma s\u0103 ni se fac\u0103 sil\u0103 de el, iar unora, dispera\u021bi c\u0103 suntem confunda\u021bi cu \u021biganii, cu romii, s-ar putea s\u0103 le sur\u00eed\u0103 ideea de a-\u0219i spune daci.<\/strong><\/p>\n<p><strong>Cel care face o asemenea propunere, s\u0103 nu ne mai numim rom\u00e2ni, ci daci, este pl\u0103tit de \u021bigani sau este el \u00eensu\u0219i \u021bigan. Dac\u0103 nu e nici una, nici alta, \u00eenseamn\u0103 c\u0103 e sau nebun sau n\u0103t\u0103r\u0103u, cum nu se poate mai! \u201d<\/strong><br \/>\n<strong>Ion Coja <\/strong><br \/>\n<strong> 29 octombrie 2011, 23:40<\/strong><br \/>\n&#8230;&#8230;&#8230;&#8230;<br \/>\nJignirile grosolane sunt evidente !<\/p>\n<p>Iat\u0103 de ce am \u0163inut s\u0103-i aduc la cuno\u015ftin\u0163\u0103 d-lui Dan Culcer , c\u00e2teva detalii l\u0103muritoare :<\/p>\n<p>&#8230;&#8230;&#8230;&#8230;<\/p>\n<p><strong><em>Stimate domn Dan Culcer,<\/em><\/strong><\/p>\n<p><strong><em> \u00cen primul r\u00e2nd \u00eemi manifest uimirea c\u0103 d-l Ion Coja, pe care-l stimez pentru anumite pozi\u0163ii, nu a g\u0103sit timpul s\u0103 comenteze Manifestul Mi\u015fc\u0103rii Dacia la \u201esurs\u0103\u201d, fiind \u201eaderent istoric\u201d al mi\u015fc\u0103rii. Probabil c\u0103 \u201enu trece de mult pe acolo\u201d. Astfel se explic\u0103 \u015fi \u201econfuzia\u201d cu privire la r\u0103d\u0103cinile mele etnice, deoarece am publicat pe profilul personal fragmente din documentul (originalul era scris cu litere slavone) ce atest\u0103 c\u0103 am r\u0103d\u0103cini rom\u00e2ne\u015fti (cel pu\u0163in) mai vechi ca d\u00e2nsul.<\/em><\/strong><br \/>\n<strong><em><a href=\"http:\/\/bassdu.mine.nu\/images\/2011\/11\/215538_208272712525753_100000290765997_740636_2397485_n.jpg\"><img loading=\"lazy\" decoding=\"async\" class=\"aligncenter size-medium wp-image-1928\" title=\"215538_208272712525753_100000290765997_740636_2397485_n\" src=\"http:\/\/bassdu.mine.nu\/images\/2011\/11\/215538_208272712525753_100000290765997_740636_2397485_n-221x300.jpg\" alt=\"\" width=\"221\" height=\"300\" srcset=\"https:\/\/bassdu.mine.bz\/images\/2011\/11\/215538_208272712525753_100000290765997_740636_2397485_n-221x300.jpg 221w, https:\/\/bassdu.mine.bz\/images\/2011\/11\/215538_208272712525753_100000290765997_740636_2397485_n.jpg 531w\" sizes=\"(max-width: 221px) 100vw, 221px\" \/><\/a><\/em><\/strong><br \/>\n<strong><em> \u00cen al doilea r\u00e2nd, aten\u0163ionez c\u0103 nimeni nu vorbe\u015fte \u00een niciun document al mi\u015fc\u0103rii de&#8230; DACI, ci de &#8230; DACIA. \u015ei asta \u00een contextul RE\u00ceNTREGIRII STATULUI UNITAR ROM\u00c2N. \u00centr-un mesaj video, am specificat chiar propunerea de a se men\u0163ine numele de RUM\u00c2N. Chiar \u015fi c\u00e2nd am semnat cauza referitoare la ETNIA DAC\u0102, am atras aten\u0163ia c\u0103 s-ar putea<\/em><\/strong><strong><em> s\u0103 rezulte c\u0103 suntem o minoritate, ceea ce ar fi \u00een contradic\u0163ie cu REALITATEA, dar am semnat deoarece a se vorbi de DACIA &#8230; \u201eface bine\u201d !<\/em><\/strong><br \/>\n<strong><em> \u00cen al treilea r\u00e2nd, s-ar putea s\u0103 fiu un \u201en\u0103t\u0103r\u0103u\u201d, dar un n\u0103t\u0103r\u0103u care \u00ee\u015fi argumenteaz\u0103 ideile \u015fi afirma\u0163iile. S-ar putea s\u0103 fiu \u015fi pu\u0163in nebun, deoarece \u201em\u0103 expun\u201d, \u201epe timpul \u015fi banii mei\u201d, neglij\u00e2nd poate familia \u015fi alte preocup\u0103ri ce a\u015f putea avea, nefiind eu \u201eun mort de foame\u201d, ci o persoan\u0103 cu bun\u0103stare&#8230;. deci nu ac\u0163ionez \u00eempins de frust\u0103ri.<\/em><\/strong><br \/>\n<strong><em>Men\u0163in\u00a0 stima mea pentru ANUMITE POZI\u0162II ale d-lui profesor\u00a0<a href=\"http:\/\/ro.wikipedia.org\/wiki\/Ion_Coja\"> Ion Coja<\/a> (c\u0103 doar noi lu\u0103m ce-i bun de la to\u0163i !), de\u015fi fost secretar PCR al Universit\u0103\u0163ii Bucure\u015fti \u015fi fost senator post-decembrist \u015fi de\u015fi suntem cu to\u0163ii \u00een a\u015fteptarea unui DIC\u0162IONAR AL LIMBII ROM\u00c2NE din care s\u0103 nu mai rezulte ca azi, c\u0103 limba noastr\u0103 este un amestec de cuvinte de-ale vecinilor no\u015ftri (c\u0103 doar asta \u00eei e meseria !?)<br \/>\n<\/em><\/strong><\/p>\n<p><strong><em>S-ar p\u0103rea c\u0103 d-lui Coja \u00eei place mai mult compania celor ce au ca reper LEGIUNILE \u015fi care vor desfiin\u0163area UDMR, \u201eeliminarea minorit\u0103\u0163ilor\u201d \u015fi alte bazaconii \u015fi care sunt grupa\u0163i \u00een ALTE GRUPURI DE DACI (vezi Rom\u00e2nia-Dacia Casa Noastr\u0103, sau grupul fb Dacia). \u201eMi\u015fcarea Dacia\u201d este con\u015ftient\u0103 de PROBLEMA NA\u0162IONAL\u0102, dar solu\u0163iile g\u00e2ndite de noi sunt axate pe STABILIREA UNOR NOI REGULI GENERAL VALABILE, INDIFERENT DE ETNIE, care s\u0103 \u201elimpezeasc\u0103 apele\u201d&#8230; dar asta o pricep cei ce \u201evorbesc \u00een cuno\u015ftin\u0163\u0103 de cauz\u0103\u201d ! Cu un an \u00een urm\u0103 i-am solicitat o \u00eentrevedere, deoarece \u201eam v\u0103zut\u201d influen\u0163a pe care o are asupra \u201esc\u0103lm\u0103na\u0163ilor\u201d ce \u201edeclaseaz\u0103\u201d no\u0163iunea de DAC-DACIA, dar am fost ignorat. Eu o s\u0103 continui \u201eb\u0103t\u0103lia mea cu morile de v\u00e2nt\u201d, \u015ftiind c\u0103 \u201eMi\u015fcarea Dacia\u201d nu \u201eplace\u201d nim\u0103nui dintre aceia care sub o form\u0103 sau alta, sunt&#8230;<\/em><\/strong><strong><em> FUNDAMENTALI\u015eTI ai unor idei condamnate de REALITATEA COTIDIAN\u0102 , ba chiar \u015fi de&#8230; ISTORIE. Va veni \u015fi \u201evremea noastr\u0103\u201d, pentru c\u0103 dac\u0103 nu a\u015f fi convins&#8230; nu a\u015f mai fi pe aici !<\/em><\/strong><\/p>\n<p><strong><em>Cu stim\u0103, <\/em><\/strong><\/p>\n<p><strong><em>\u0162eav\u0103 Gheorghe<\/em><\/strong><\/p>\n<p>&#8230;&#8230;&#8230;&#8230;&#8230;&#8230;&#8230;&#8230;&#8230;&#8230;&#8230;&#8230;&#8230;&#8230;..<\/p>\n<p>Respectul pentru v\u00e2rsta d-lui<strong> Ion Coja<\/strong>, m\u0103 face s\u0103 \u201em\u0103 re\u0163in\u201d \u00een a-i r\u0103spunde direct cu aceia\u015fi moned\u0103, unuia care-\u015fi permite s\u0103 m\u0103 fac\u0103 \u201epl\u0103tit de \u0163igani\u201d, sau chiar \u201e\u0163igan\u201d, iar dac\u0103 nu, \u201en\u0103t\u0103r\u0103u\u201d sau \u201enebun\u201d&#8230;\u00a0 a demonstrat c\u0103 este nedemn de un r\u0103spuns direct ! &#8230; r\u0103m\u00e2ne nedumerirea mea \u00een leg\u0103tur\u0103 cu contradic\u0163ia dintre anumite atitudini actuale ale d\u00e2nsului \u015fi \u201ementorul\u201d care l-a propulsat p\u00e2n\u0103 la func\u0163ia de secretar PCR pe Universitate\u00a0 (evreul Alexandru Graur). Se vede c\u0103 d-l Coja a r\u0103mas \u201etraumatizat\u201d de ceva !?&#8230; sau se trateaz\u0103 de o manipulare cu scopul de a \u0163ine treaz un anumit interes?<\/p>\n<p>Oricum, aduc la cuno\u015ftin\u0163a d-lui (reciclat) Ion Coja, c\u0103 nu ne intereseaz\u0103 p\u0103rerile domniei sale \u00een leg\u0103tur\u0103 cu<strong> \u201eMi\u015fcarea Dacia\u201d<\/strong>, sau cu persoana mea.<\/p>\n","protected":false},"excerpt":{"rendered":"<p>Prin amabilitatea d-lui Dan Culcer, scriitor \u015fi ziarist rom\u00e2n rezident \u00een Fran\u0163a din 1987, Manifestul Mi\u015fc\u0103rii Dacia a fost publicat pe unul din blogurile domniei sale. Spre surprinderea mea, d-l Ion Coja , aderent al grupului nostru a avut o reac\u0163ie&#8230; de prost gust \u015fi total nejustificat\u0103 : &nbsp; \u201e Propunerea de a schimba numele [&hellip;]<\/p>\n","protected":false},"author":2,"featured_media":0,"comment_status":"open","ping_status":"open","sticky":false,"template":"","format":"standard","meta":{"footnotes":""},"categories":[73],"tags":[45,735,210,41],"jetpack_featured_media_url":"","_links":{"self":[{"href":"https:\/\/bassdu.mine.bz\/index.php?rest_route=\/wp\/v2\/posts\/1921"}],"collection":[{"href":"https:\/\/bassdu.mine.bz\/index.php?rest_route=\/wp\/v2\/posts"}],"about":[{"href":"https:\/\/bassdu.mine.bz\/index.php?rest_route=\/wp\/v2\/types\/post"}],"author":[{"embeddable":true,"href":"https:\/\/bassdu.mine.bz\/index.php?rest_route=\/wp\/v2\/users\/2"}],"replies":[{"embeddable":true,"href":"https:\/\/bassdu.mine.bz\/index.php?rest_route=%2Fwp%2Fv2%2Fcomments&post=1921"}],"version-history":[{"count":15,"href":"https:\/\/bassdu.mine.bz\/index.php?rest_route=\/wp\/v2\/posts\/1921\/revisions"}],"predecessor-version":[{"id":1926,"href":"https:\/\/bassdu.mine.bz\/index.php?rest_route=\/wp\/v2\/posts\/1921\/revisions\/1926"}],"wp:attachment":[{"href":"https:\/\/bassdu.mine.bz\/index.php?rest_route=%2Fwp%2Fv2%2Fmedia&parent=1921"}],"wp:term":[{"taxonomy":"category","embeddable":true,"href":"https:\/\/bassdu.mine.bz\/index.php?rest_route=%2Fwp%2Fv2%2Fcategories&post=1921"},{"taxonomy":"post_tag","embeddable":true,"href":"https:\/\/bassdu.mine.bz\/index.php?rest_route=%2Fwp%2Fv2%2Ftags&post=1921"}],"curies":[{"name":"wp","href":"https:\/\/api.w.org\/{rel}","templated":true}]}}