{"id":1938,"date":"2011-11-09T22:45:37","date_gmt":"2011-11-09T21:45:37","guid":{"rendered":"http:\/\/bassdu.mine.nu\/?p=1938"},"modified":"2011-11-10T22:52:49","modified_gmt":"2011-11-10T21:52:49","slug":"guvern-tehnic","status":"publish","type":"post","link":"https:\/\/bassdu.mine.bz\/?p=1938","title":{"rendered":"Guvern Tehnic ???"},"content":{"rendered":"<div>\n<p>Italia se confrunt\u0103 cu o  grav\u0103 criz\u0103 socio-economic\u0103 ce a devenit zilele acestea \u015fi&#8230; politic\u0103. Aceasta va avea printre urm\u0103ri, \u201edemisia  for\u0163at\u0103\u201d a Premierului Silvio Berlusconi. Bursei nu i-a fost suficient\u0103  azi \u201epromisiunea\u201d acestuia de a se demite, a\u015fa c\u0103 Pre\u015fedintele Italiei  Giorgio Napolitano, l-a f\u0103cut \u201e\u00een trap for\u0163at\u201d Senator pe Via\u0163\u0103, pe  Comisarul European Mario Monti, pentru a-l putea numi \u201ec\u00e2t mai repede\u201d  Premierul unui GUVERN TEHNIC, chemat s\u0103 rezolve situa\u0163ia \u201egravissima\u201d a  Cizmei !<\/p>\n<p>Mul\u0163i se vor \u00eentreba : \u201echi se ne frega dell&#8217;Italia ?\u201d sau altfel spus \u201ece ne pas\u0103 nou\u0103 de Italia ?\u201d<\/p>\n<p>Ei bine aceste \u201ejocuri de culise\u201d, demonstreaz\u0103 c\u0103 partidismul nu mai  garanteaz\u0103 IE\u015eIREA DIN CRIZ\u0102 \u015fi atunci sunt chema\u0163i&#8230; COMPETEN\u0162II !!!<\/p>\n<p>Acesta este (pentru cei ce citesc cu aten\u0163ie ce se scrie pe aici) un PRINCIPIU DE BAZ\u0102 al \u201eMi\u015fc\u0103rii Dacia\u201d !!!<\/p>\n<p>Deci : \u201ela groapa de gunoi a Istoriei\u201d cu partidismul \u015fi &#8230; FACE\u0162I LOC &#8230; COMPETEN\u0162EI &#8230; ADMINISTRATORILOR !<\/p>\n<p>P.S. &#8230; am aflat c\u0103 d-l Mario Monti este consultant la Goldman Sachs, deci avem de-a face cu &#8230; \u201eaceia\u015fi M\u0103rie, cu alt\u0103 p\u0103l\u0103rie\u201d !<\/p>\n<p>&#8230;\u00eenc\u0103 o \u00eencercare a SISTEMULUI de a \u201ecalma\u201d Pia\u0163a, f\u0103r\u0103 s\u0103 schimbe&#8230; PARADIGMA ! &#8230;dar o s\u0103 vin\u0103 \u015fi asta !<\/p>\n<p>&nbsp;<\/p>\n<p>09.11.2011<\/p>\n<\/div>\n","protected":false},"excerpt":{"rendered":"<p>Italia se confrunt\u0103 cu o grav\u0103 criz\u0103 socio-economic\u0103 ce a devenit zilele acestea \u015fi&#8230; politic\u0103. Aceasta va avea printre urm\u0103ri, \u201edemisia for\u0163at\u0103\u201d a Premierului Silvio Berlusconi. Bursei nu i-a fost suficient\u0103 azi \u201epromisiunea\u201d acestuia de a se demite, a\u015fa c\u0103 Pre\u015fedintele Italiei Giorgio Napolitano, l-a f\u0103cut \u201e\u00een trap for\u0163at\u201d Senator pe Via\u0163\u0103, pe Comisarul European [&hellip;]<\/p>\n","protected":false},"author":2,"featured_media":0,"comment_status":"open","ping_status":"open","sticky":false,"template":"","format":"standard","meta":{"footnotes":""},"categories":[3],"tags":[499,123,500,99,11,210,736],"jetpack_featured_media_url":"","_links":{"self":[{"href":"https:\/\/bassdu.mine.bz\/index.php?rest_route=\/wp\/v2\/posts\/1938"}],"collection":[{"href":"https:\/\/bassdu.mine.bz\/index.php?rest_route=\/wp\/v2\/posts"}],"about":[{"href":"https:\/\/bassdu.mine.bz\/index.php?rest_route=\/wp\/v2\/types\/post"}],"author":[{"embeddable":true,"href":"https:\/\/bassdu.mine.bz\/index.php?rest_route=\/wp\/v2\/users\/2"}],"replies":[{"embeddable":true,"href":"https:\/\/bassdu.mine.bz\/index.php?rest_route=%2Fwp%2Fv2%2Fcomments&post=1938"}],"version-history":[{"count":3,"href":"https:\/\/bassdu.mine.bz\/index.php?rest_route=\/wp\/v2\/posts\/1938\/revisions"}],"predecessor-version":[{"id":1940,"href":"https:\/\/bassdu.mine.bz\/index.php?rest_route=\/wp\/v2\/posts\/1938\/revisions\/1940"}],"wp:attachment":[{"href":"https:\/\/bassdu.mine.bz\/index.php?rest_route=%2Fwp%2Fv2%2Fmedia&parent=1938"}],"wp:term":[{"taxonomy":"category","embeddable":true,"href":"https:\/\/bassdu.mine.bz\/index.php?rest_route=%2Fwp%2Fv2%2Fcategories&post=1938"},{"taxonomy":"post_tag","embeddable":true,"href":"https:\/\/bassdu.mine.bz\/index.php?rest_route=%2Fwp%2Fv2%2Ftags&post=1938"}],"curies":[{"name":"wp","href":"https:\/\/api.w.org\/{rel}","templated":true}]}}