{"id":1943,"date":"2011-11-12T19:17:48","date_gmt":"2011-11-12T18:17:48","guid":{"rendered":"http:\/\/bassdu.mine.nu\/?p=1943"},"modified":"2011-11-12T23:54:46","modified_gmt":"2011-11-12T22:54:46","slug":"%e2%80%9emiscarea-dacia%e2%80%9d-despre-limba-romana-si-nu-numai","status":"publish","type":"post","link":"https:\/\/bassdu.mine.bz\/?p=1943","title":{"rendered":"\u201eMi\u015fcarea Dacia\u201d despre&#8230; Limba Rom\u00e2n\u0103&#8230; \u015fi nu numai"},"content":{"rendered":"<p>Fiind eu \u201eb\u0103gat \u00een Virtual p\u00e2n\u0103 la g\u00e2t\u201d de vreo doi ani, am avut ocazia s\u0103-mi formez urm\u0103toarea opinie:<br \/>\n<strong>1. Majoritatea \u201epostacilor\u201d nu folosesc diacriticele<\/strong>, de\u015fi f\u0103c\u00e2nd o \u201ec\u0103utare\u201d pe Google la INSTALARE DIACRITICE, chiar \u015fi unul mai pu\u0163in \u201edus cu IT-ul\u201d, nu ar avea probleme de instalare. Men\u0163ionez c\u0103 lipsa acestora \u201eproduce confuzii\u201d, cum ar fi cea ROMAN-ROM\u00c2N. A\u015fa se face c\u0103 eu am devenit TEAVA \u00een loc de \u0162eav\u0103, f\u0103r\u0103 \u201ea primi un miel\u201d pentru acest \u201eabuz\u201d, care face din numele meu de familie ceva lipsit de sens. \u015ei multe alte exemple se pot da (v\u0103 rog chiar s\u0103 \u201eface\u0163i s\u0103p\u0103turi\u201d \u015fi s\u0103 publica\u0163i \u201erezultatele\u201d !). Nu cred c\u0103 \u201edescop\u0103r apa cald\u0103\u201d, dac\u0103 afirm c\u0103 folosirea diacriticelor este UN ACT DE PATRIOTISM \u015fi o dovad\u0103 a LUPTEI \u00ceMPOTRIVA GLOBALIZ\u0102RII, ce ne vrea f\u0103r\u0103 &#8230; IDENTITATE NA\u0162IONAL\u0102 ! &#8230; a\u015fa c\u0103 mai u\u015furel cu \u201epozele patriotarde\u201d \u015fi mai mult cu&#8230; DIACRITICELE !<br \/>\n<strong>2. Foarte pu\u0163ini dintre \u201epostaci\u201d au cuno\u015ftin\u0163e elementare de Limba Rom\u00e2n\u0103 !?!?<\/strong><br \/>\nAici trebuie spus c\u0103 <em>mul\u0163i au fost \u00ceMPIEDICA\u0162I s\u0103 studieze Limba Str\u0103mo\u015feasc\u0103<\/em> \u015fi scriu \u201ecum se aude\u201d, sau \u201ecu caracteristici\u201d ale Limbii IMPUSE lor, deoarece se trateaz\u0103 de &#8230; <strong>ROM\u00c2NII DIN AFARA ROM\u00c2NIEI<\/strong> ! Deh&#8230; nu toate<strong> MINORIT\u0102\u0162ILE<\/strong> au \u015fansa de a tr\u0103i \u00een&#8230; <strong>DACIA<\/strong>, unde au asigurate condi\u0163ii, pe care politicienii no\u015ftri, din diverse motive de-a lungul Istoriei noastre zbuciumate, nu au catadicsit s\u0103 le CEAR\u0102 EXPRES \u015fi pentru&#8230; <strong>\u201eai no\u015ftri\u201d <\/strong>!? <strong>&#8230; o vom face noi &#8230; cu ajutorul lui Dumnezeu, dar mai ales cu ajutorul celor ce ne \u201ecitesc\u201d&#8230; \u015fi \u201ene urmeaz\u0103\u201d !!!<\/strong><br \/>\nMai greu de \u00een\u0163eles sunt cei ce se laud\u0103 \u015fi cu diverse \u201eLauree\u201d, mai ales &#8230; \u201ela distan\u0163\u0103\u201d, care mai emit \u015fi preten\u0163ii de <em>\u201erevolu\u0163ionari\u201d<\/em>,\u00a0 sau de &#8230;<em>\u201eSalvatori ai Na\u0163iei\u201d<\/em> !?!?<br \/>\n<em>\u015etiu c\u0103 nu e <strong>\u201epolitically correct\u201d<\/strong> s\u0103 exprim aceste g\u00e2nduri,<\/em> dar eu o s-o fac, deoarece pe astfel de oameni nu contez \u00een demersul nostru, dec\u00e2t \u00een rolul \u00een care m\u0103 ofer eu \u00eensumi \u015fi anume acela de&#8230;<strong> O\u015eTEAN<\/strong> !&#8230; pentru c\u0103 <strong>GENERALII<\/strong> trebuie s\u0103 fie cel pu\u0163in&#8230;<em> mai de\u015ftep\u0163i de at\u00e2t !<\/em> Eu \u00eemi cunosc foarte bine LIMITELE, deoarece numai a\u015fa se poate cere MAI MULT ALTORA !<strong> Eu v-am dus \u201ep\u00e2n\u0103 aici\u201d<\/strong>, iar de acum \u00eenainte, pentru ca<strong> \u201eMi\u015fcarea Dacia\u201d<\/strong> s\u0103 aib\u0103 succes, trebuie ca noi to\u0163i \u201es\u0103 ne vedem lungul nasului\u201d, deoarece <strong>GUVERNAREA<\/strong> nu este pentru oricine, reclam\u0103<strong> COMPETEN\u0162\u0102, RESPONSABILITATE \u015fi o mare cantitate de INPUT ANTERIOR !<\/strong><br \/>\n<em>Ceea ce eu am putut face&#8230; am f\u0103cut !<\/em> Am propus o <strong>NOU\u0102 PARADIGM\u0102<\/strong>, nu <em>\u201edin capul meu\u201d<\/em>, ci pun\u00e2nd laolalt\u0103 <strong>\u201erodul min\u0163ii\u201d unor mari economi\u015fti, sociologi, politologi, istorici, etc.<\/strong> E clar c\u0103 <em>\u201eviziunea\u201d<\/em> mea poate suferi modific\u0103ri importante \u015fi etapiz\u0103ri \u201efor\u0163ate\u201d de <strong>CONJUNCTURI INTERNE (\u015fi mai ales) INTERNA\u0162IONALE<\/strong> \u015fi de aceea am caracterizat<strong> Tactica \u015fi Strategia \u201eMi\u015fc\u0103rii Dacia\u201d<\/strong> ca &#8230; <strong>ELASTICE<\/strong>. De aceea fac constant <em>\u201eapel la contribu\u0163ii \u015fi dezbateri\u201d ! <\/em> <strong>NOUA PARADIGM\u0102<\/strong> nu poate fi <em>\u201erodul unei singure min\u0163i\u201d<\/em>, dar nici rodul&#8230; <em>\u201emin\u0163ii oricui\u201d<\/em> ! Dac\u0103 eu nu m\u0103 consider capabil de a fi <strong>LIDER<\/strong>, imagina\u0163i-v\u0103 cum trebuie s\u0103 fie <strong>viitorii lideri ai mi\u015fc\u0103rii<\/strong> !!!\u00a0\u00a0 Aici trebuie s\u0103 \u201em\u0103 prezint un pic\u201d. \u00cen perioada \u015fcolar\u0103 am avut cele mai mici medii la&#8230; <strong>Limba \u015fi Literatura Rom\u00e2n\u0103<\/strong> (<em>ooooh&#8230; am fost totu\u015fi premiant !<\/em>), deoarece eram atras de alte chestii care se numeau : Matematici, Chimie, Fizic\u0103, Istorie, Geografie, s.a&#8230;. deh&#8230; <strong>nimeni nu e perfect<\/strong>&#8230; deci nici eu ! La Facultate am fost \u201epicat\u201d doar de trei ori : <em>pentru plete<\/em> (la &#8230; Socialism \u015etiin\u0163ific), pentru c\u0103 asistenta nu i-a permis profului de matematic\u0103 s\u0103-\u015fi consume \u201e<em>doza zilnic\u0103 de whisky<\/em>\u201d \u015fi ne-a \u201epicat\u201d pe to\u0163i \u201ede la coada alfabetului\u201d, \u015fi pentru c\u0103 <em>a\u015f fi vrut s\u0103 repet ultimul an<\/em> , ca s\u0103 mai stau un pic prin Bucure\u015fti&#8230; c\u0103 tare bine mai era ! (<em>nu am avut noroc, deoarece proful de Metalurgie Fizic\u0103 a venit dup\u0103 mine \u00een C\u0103min \u015fi m-a luat \u201epe sus\u201d !<\/em>). Scriu toate astea ca s\u0103 \u201er\u0103spund diverselor semne de \u00eentrebare\u201d&#8230; c\u0103 dac\u0103 am intrat \u00een joc, trebuie s\u0103 \u201edansez\u201d p\u00e2n\u0103 la cap\u0103t !<br \/>\nConcluzia este c\u0103 fiecare dintre noi trebuie s\u0103-\u015fi evalueze just VALOAREA \u015fi CAPACIT\u0102\u0162ILE, pentru c\u0103 \u0163ara s-a s\u0103turat de cizmari, marinari, vangheli, ilievici \u015fi al\u0163i neispr\u0103vi\u0163i la <strong>C\u00c2RM\u0102 <\/strong>!<br \/>\nMai \u00eent\u00e2i s\u0103 ne str\u00e2ngem noi <strong>O\u015eTENII<\/strong>, care suntem baza <strong>O\u015eTIRII<\/strong>, iar apoi vom alege \u015fi&#8230;<strong> GENERALII<\/strong>, deoarece <em>o O\u015ftire f\u0103r\u0103 O\u015eTENI \u015fi GENERALI &#8230; nu exist\u0103<\/em>&#8230; \u015fi \u0103sta este \u015fi <strong>\u201eobiectivul\u201d neprietenilor no\u015ftri !!!<\/strong> Cert este, c\u0103 NIMENI nu trebuie s\u0103 cread\u0103 c\u0103 va avea \u201ebastonul de general\u201d f\u0103r\u0103 s\u0103 demonstreze c\u0103 este DEMN de a\u015fa ceva !<br \/>\n<strong>\u201eMi\u015fcarea Dacia\u201d<\/strong> nu d\u0103 doi bani pe principiul \u201ede pe buzele tuturor neispr\u0103vi\u0163ilor\u201d ce tr\u00e2mbi\u0163eaz\u0103 <strong>DEMOCRA\u0162IA REPREZENTATIV\u0102<\/strong>, ci propunem o<strong> ETIC\u0102 A REDISTRIBUIRII RESURSELOR<\/strong>, pus\u0103 \u00een practic\u0103 de<strong> REPREZENTAN\u0162I COMPETEN\u0162I \u015fi RESPONSABILIZA\u0162I<\/strong>, ale\u015fi STRICT dup\u0103 aceste canoane \u015fi&#8230; <strong>DE JOS \u00ceN SUS<\/strong>, ci nu dup\u0103 <strong>\u201ecriteriile fripturisto-politice\u201d de azi !!!<\/strong><\/p>\n<p><strong>\u00centr-o \u0163ar\u0103 cu 90% maneli\u015fti&#8230; AVEM deja DEMOCRA\u0162IA mult tr\u00e2mbi\u0163at\u0103 !!! &#8230; mie \u201emi-e grea\u0163\u0103\u201d de ACEAST\u0102 Democra\u0163ie !\u00a0 Vou\u0103 NU ???<\/strong><\/p>\n","protected":false},"excerpt":{"rendered":"<p>Fiind eu \u201eb\u0103gat \u00een Virtual p\u00e2n\u0103 la g\u00e2t\u201d de vreo doi ani, am avut ocazia s\u0103-mi formez urm\u0103toarea opinie: 1. Majoritatea \u201epostacilor\u201d nu folosesc diacriticele, de\u015fi f\u0103c\u00e2nd o \u201ec\u0103utare\u201d pe Google la INSTALARE DIACRITICE, chiar \u015fi unul mai pu\u0163in \u201edus cu IT-ul\u201d, nu ar avea probleme de instalare. Men\u0163ionez c\u0103 lipsa acestora \u201eproduce confuzii\u201d, cum [&hellip;]<\/p>\n","protected":false},"author":2,"featured_media":0,"comment_status":"open","ping_status":"open","sticky":false,"template":"","format":"standard","meta":{"footnotes":""},"categories":[73],"tags":[263,475,733,210,698,738,264,737,115],"jetpack_featured_media_url":"","_links":{"self":[{"href":"https:\/\/bassdu.mine.bz\/index.php?rest_route=\/wp\/v2\/posts\/1943"}],"collection":[{"href":"https:\/\/bassdu.mine.bz\/index.php?rest_route=\/wp\/v2\/posts"}],"about":[{"href":"https:\/\/bassdu.mine.bz\/index.php?rest_route=\/wp\/v2\/types\/post"}],"author":[{"embeddable":true,"href":"https:\/\/bassdu.mine.bz\/index.php?rest_route=\/wp\/v2\/users\/2"}],"replies":[{"embeddable":true,"href":"https:\/\/bassdu.mine.bz\/index.php?rest_route=%2Fwp%2Fv2%2Fcomments&post=1943"}],"version-history":[{"count":3,"href":"https:\/\/bassdu.mine.bz\/index.php?rest_route=\/wp\/v2\/posts\/1943\/revisions"}],"predecessor-version":[{"id":1945,"href":"https:\/\/bassdu.mine.bz\/index.php?rest_route=\/wp\/v2\/posts\/1943\/revisions\/1945"}],"wp:attachment":[{"href":"https:\/\/bassdu.mine.bz\/index.php?rest_route=%2Fwp%2Fv2%2Fmedia&parent=1943"}],"wp:term":[{"taxonomy":"category","embeddable":true,"href":"https:\/\/bassdu.mine.bz\/index.php?rest_route=%2Fwp%2Fv2%2Fcategories&post=1943"},{"taxonomy":"post_tag","embeddable":true,"href":"https:\/\/bassdu.mine.bz\/index.php?rest_route=%2Fwp%2Fv2%2Ftags&post=1943"}],"curies":[{"name":"wp","href":"https:\/\/api.w.org\/{rel}","templated":true}]}}