{"id":195,"date":"2009-05-21T18:26:30","date_gmt":"2009-05-21T17:26:30","guid":{"rendered":"http:\/\/bassdu.mine.nu\/?p=195"},"modified":"2009-05-22T02:15:32","modified_gmt":"2009-05-22T01:15:32","slug":"forum-di-milano-2","status":"publish","type":"post","link":"https:\/\/bassdu.mine.bz\/?p=195","title":{"rendered":"Forum di Milano"},"content":{"rendered":"<p class=\"MsoNormal\" style=\"margin: 0cm 0cm 10pt; text-align: center;\" align=\"center\"><strong style=\"mso-bidi-font-weight: normal;\"><span style=\"font-size: 18pt; line-height: 115%;\"><span style=\"font-family: Calibri;\">Forum di Milano<\/span><\/span><\/strong><\/p>\n<p class=\"MsoNormal\" style=\"margin: 0cm 0cm 10pt; text-align: center;\" align=\"center\"><strong style=\"mso-bidi-font-weight: normal;\"><span style=\"font-size: 14pt; line-height: 115%;\"><span style=\"font-family: Calibri;\">Stranezze<\/span><\/span><\/strong><\/p>\n<p class=\"MsoNormal\" style=\"margin: 0cm 0cm 10pt;\"><span style=\"font-size: 12pt; line-height: 115%;\"><span style=\"font-family: Calibri;\"> <\/span><\/span><\/p>\n<p class=\"MsoNormal\" style=\"margin: 0cm 0cm 10pt;\"><span style=\"font-size: 12pt; line-height: 115%;\"><span style=\"font-family: Calibri;\"><span style=\"mso-spacerun: yes;\"> <\/span>Nonostante l\u2019interesse manifestato da prestigiose cariche istituzionali italiane per il Forum di Milano, c\u2019\u00e8 chi rema contro e annuncia il forfait, etichettandolo come inutile !<\/span><\/span><\/p>\n<p class=\"MsoNormal\" style=\"margin: 0cm 0cm 10pt;\"><span style=\"font-size: 12pt; line-height: 115%;\"><span style=\"font-family: Calibri;\"><span style=\"mso-spacerun: yes;\"> <\/span>Guardate un po\u2019 chi ha annunciato la sua presenza: <\/span><\/span><\/p>\n<p class=\"MsoNormal\" style=\"margin: 0cm 0cm 10pt;\"><span style=\"font-size: 12pt; line-height: 115%;\"><span style=\"font-family: Calibri;\"> <\/span><\/span><\/p>\n<p><strong><em style=\"mso-bidi-font-style: normal;\"><span style=\"font-size: small; font-family: Times New Roman;\">Sen. Emma Bonino <\/span><\/em><\/strong><em style=\"mso-bidi-font-style: normal;\"><br \/>\n<span style=\"font-size: small;\"><span style=\"font-family: Times New Roman;\">Vicepresidente del Senato italiano<\/span><\/span><\/em><\/p>\n<p><strong><em style=\"mso-bidi-font-style: normal;\"><span style=\"font-size: small; font-family: Times New Roman;\">On. Rocco Buttiglione<\/span><\/em><\/strong><em style=\"mso-bidi-font-style: normal;\"><br \/>\n<span style=\"font-size: small;\"><span style=\"font-family: Times New Roman;\">Vicepresidente della Camera dei Deputati <\/span><\/span><\/em><\/p>\n<p><strong><em style=\"mso-bidi-font-style: normal;\"><span style=\"font-size: small; font-family: Times New Roman;\">On. Mario Walter Mauro<\/span><\/em><\/strong><em style=\"mso-bidi-font-style: normal;\"><br \/>\n<span style=\"font-size: small;\"><span style=\"font-family: Times New Roman;\">Vicepresidente del Parlamento Europeo <\/span><\/span><\/em><\/p>\n<p><strong><em style=\"mso-bidi-font-style: normal;\"><span style=\"font-size: small; font-family: Times New Roman;\">On. Cristiana Muscardini <\/span><\/em><\/strong><em style=\"mso-bidi-font-style: normal;\"><br \/>\n<span style=\"font-size: small;\"><span style=\"font-family: Times New Roman;\">Vicepresidente della Commissione per il commercio internazionale e membro della Commissione per i diritti della donna e l\u2019uguaglianza di genere del Parlamento Europeo;<\/span><\/span><\/em><\/p>\n<p><strong><em style=\"mso-bidi-font-style: normal;\"><span style=\"font-size: small; font-family: Times New Roman;\">On. Rita Bernardini<\/span><\/em><\/strong><em style=\"mso-bidi-font-style: normal;\"><br \/>\n<span style=\"font-size: small;\"><span style=\"font-family: Times New Roman;\">Membro della Commissione Giustizia della Camera dei Deputati italiana;<\/span><\/span><\/em><\/p>\n<p><strong><em style=\"mso-bidi-font-style: normal;\"><span style=\"font-size: small; font-family: Times New Roman;\">Sen. Marco Perduca<\/span><\/em><\/strong><em style=\"mso-bidi-font-style: normal;\"><br \/>\n<span style=\"font-size: small;\"><span style=\"font-family: Times New Roman;\">membro della III Commissione permanente su affari esteri ed emigrazione e segretario della Commissione straordinaria per la tutela e la promozione dei diritti umani del Senato italiano;<\/span><\/span><\/em><\/p>\n<p><em style=\"mso-bidi-font-style: normal;\"><span style=\"font-size: small;\"><span style=\"font-family: Times New Roman;\">Il Forum 2009 sar\u00e0 onorato della presenza della <strong>Famiglia Reale di Romania,<\/strong><\/span><\/span><strong><br \/>\n<strong><span style=\"font-size: small; font-family: Times New Roman;\">Sua Altezza Reale Principessa Margareta, Principessa Ereditaria di Romania e Custode della Corona Romena <\/span><\/strong><\/strong><br \/>\n<span style=\"font-size: small;\"><span style=\"font-family: Times New Roman;\">e <strong>Sua Altezza Reale<\/strong><\/span><\/span><strong><br \/>\n<strong><span style=\"font-size: small; font-family: Times New Roman;\">Principe Radu di Romania, Principe di Hohenzollern-Veringen<\/span><\/strong><\/strong><span style=\"font-size: small;\"><span style=\"font-family: Times New Roman;\">,<br \/>\ne ospiter\u00e0, inoltre, Autorit\u00e0 locali delle aree italiane in cui sono insediate le pi\u00f9 importanti comunit\u00e0, che attualmente sono costituite da oltre un milione di cittadini rumeni e da circa trentamila imprese gestite da imprenditori rumeni.<\/span><\/span><\/em><\/p>\n<p class=\"MsoNormal\" style=\"margin: 0cm 0cm 10pt;\"><span style=\"font-size: 12pt; line-height: 115%;\"><span style=\"font-family: Calibri;\"> <\/span><\/span><\/p>\n<p class=\"MsoNormal\" style=\"margin: 0cm 0cm 10pt;\"><span style=\"font-size: 12pt; line-height: 115%;\"><span style=\"font-family: Calibri;\"><span style=\"mso-spacerun: yes;\"> <\/span>Mi sembra strano che un Forum di questa portata sia snobbato da qualsiasi Associazione, tanto di pi\u00f9 da quelli che hanno come motto: \u201c Uniti suntem o forta !\u201d<\/span><\/span><\/p>\n<p class=\"MsoNormal\" style=\"margin: 0cm 0cm 10pt;\"><span style=\"font-size: 12pt; line-height: 115%;\"><span style=\"font-family: Calibri;\">Cito:<\/span><\/span><\/p>\n<p style=\"margin-left: 36pt;\"><em style=\"mso-bidi-font-style: normal;\"><span style=\"font-size: small; font-family: Times New Roman;\">\u201c<\/span><\/em><em style=\"mso-bidi-font-style: normal;\"><span style=\"mso-ansi-language: RO;\" lang=\"RO\"><span style=\"font-size: small;\"><span style=\"font-family: Times New Roman;\">Noi oggi abbiamo la conferenza stampa di presentazione dei candidati alle elezioni comunali.Sabato abbiamo all\u2019Accademia di Romania la presentazione del libro di Cingolani a cura di Miruna Cajavaneanu ed il pomeriggio l\u2019inaugurazione della prima libreria romena a Roma.<br \/>\nDomenica si inaugura l\u2019isola romena grazie alla piazza ottenuta da Alemanno e quindi da come si vede abbiamo altri impegni.<br \/>\nAuguri e buon lavoro a chi v\u00e0 a Milano anche se non abbiamo capito di cosa si parler\u00e0,il forum dell\u2019anno scorso \u00e8 stato un fallimento ,per noi 2 giorni spesati non valgano un altro viaggio nel nulla.\u201d<\/span><\/span><\/span><\/em><\/p>\n<p style=\"margin-left: 36pt;\"><span style=\"mso-ansi-language: RO;\" lang=\"RO\"><span style=\"font-size: small; font-family: Times New Roman;\"> <\/span><\/span><\/p>\n<p><span style=\"mso-ansi-language: RO;\" lang=\"RO\"><span style=\"font-size: small;\"><span style=\"font-family: Times New Roman;\"><span style=\"mso-spacerun: yes;\"> <\/span><strong>Ci sar\u00e0 qualche romeno interesato anche nel PIR? \u00a0saranno tutti gran lettori ed elettori !?<\/strong><\/span><\/span><\/span><\/p>\n<p><span style=\"mso-ansi-language: RO;\" lang=\"RO\"><span style=\"font-size: small;\"><span style=\"font-family: Times New Roman;\"><span style=\"mso-spacerun: yes;\"> <strong> <\/strong><\/span><strong>Guardate che usate un brand, <\/strong><\/span><\/span><\/span><span style=\"mso-ansi-language: RO;\" lang=\"RO\"><span style=\"font-size: small;\"><span style=\"font-family: Times New Roman;\"><strong><em><span style=\"text-decoration: underline;\">Romania<\/span><\/em><\/strong><\/span><\/span><\/span><span style=\"mso-ansi-language: RO;\" lang=\"RO\"><span style=\"font-size: small;\"><span style=\"font-family: Times New Roman;\"><strong>, e comincio a credere che sarebbe pi\u00f9 proficuo se lo lasciaste nelle NOSTRE <span style=\"mso-spacerun: yes;\"> <\/span>mani !<\/strong><\/span><\/span><\/span><\/p>\n<p class=\"MsoNormal\" style=\"margin: 0cm 0cm 10pt;\">\n<hr \/>\n<p class=\"MsoNormal\" style=\"margin: 0cm 0cm 10pt;\"><span style=\"font-size: 12pt; line-height: 115%;\"><span style=\"font-family: Calibri;\"><span style=\"mso-spacerun: yes;\"> <strong><em><span style=\"text-decoration: underline;\"> <\/span><\/em><\/strong><\/span><strong><em><span style=\"text-decoration: underline;\">Spero di aver capito male! <\/span><\/em><\/strong><\/span><\/span><\/p>\n<p class=\"MsoNormal\" style=\"margin: 0cm 0cm 10pt;\"><span style=\"font-size: 12pt; line-height: 115%;\"><span style=\"font-family: Calibri;\"><strong><em><\/em><\/strong><\/span><\/span><\/p>\n<p class=\"MsoNormal\" style=\"margin: 0cm 0cm 10pt;\">\n","protected":false},"excerpt":{"rendered":"<p>Forum di Milano Stranezze Nonostante l\u2019interesse manifestato da prestigiose cariche istituzionali italiane per il Forum di Milano, c\u2019\u00e8 chi rema contro e annuncia il forfait, etichettandolo come inutile ! Guardate un po\u2019 chi ha annunciato la sua presenza: Sen. Emma Bonino Vicepresidente del Senato italiano On. Rocco Buttiglione Vicepresidente della Camera dei Deputati On. Mario [&hellip;]<\/p>\n","protected":false},"author":2,"featured_media":0,"comment_status":"open","ping_status":"open","sticky":false,"template":"","format":"standard","meta":{"footnotes":""},"categories":[53],"tags":[79,80,14,17],"jetpack_featured_media_url":"","_links":{"self":[{"href":"https:\/\/bassdu.mine.bz\/index.php?rest_route=\/wp\/v2\/posts\/195"}],"collection":[{"href":"https:\/\/bassdu.mine.bz\/index.php?rest_route=\/wp\/v2\/posts"}],"about":[{"href":"https:\/\/bassdu.mine.bz\/index.php?rest_route=\/wp\/v2\/types\/post"}],"author":[{"embeddable":true,"href":"https:\/\/bassdu.mine.bz\/index.php?rest_route=\/wp\/v2\/users\/2"}],"replies":[{"embeddable":true,"href":"https:\/\/bassdu.mine.bz\/index.php?rest_route=%2Fwp%2Fv2%2Fcomments&post=195"}],"version-history":[{"count":6,"href":"https:\/\/bassdu.mine.bz\/index.php?rest_route=\/wp\/v2\/posts\/195\/revisions"}],"predecessor-version":[{"id":201,"href":"https:\/\/bassdu.mine.bz\/index.php?rest_route=\/wp\/v2\/posts\/195\/revisions\/201"}],"wp:attachment":[{"href":"https:\/\/bassdu.mine.bz\/index.php?rest_route=%2Fwp%2Fv2%2Fmedia&parent=195"}],"wp:term":[{"taxonomy":"category","embeddable":true,"href":"https:\/\/bassdu.mine.bz\/index.php?rest_route=%2Fwp%2Fv2%2Fcategories&post=195"},{"taxonomy":"post_tag","embeddable":true,"href":"https:\/\/bassdu.mine.bz\/index.php?rest_route=%2Fwp%2Fv2%2Ftags&post=195"}],"curies":[{"name":"wp","href":"https:\/\/api.w.org\/{rel}","templated":true}]}}