{"id":1958,"date":"2011-11-13T21:18:20","date_gmt":"2011-11-13T20:18:20","guid":{"rendered":"http:\/\/bassdu.mine.nu\/?p=1958"},"modified":"2011-11-13T21:18:20","modified_gmt":"2011-11-13T20:18:20","slug":"berlusconi-si-guvernul-tehnic","status":"publish","type":"post","link":"https:\/\/bassdu.mine.bz\/?p=1958","title":{"rendered":"Berlusconi \u015fi&#8230; Guvernul Tehnic"},"content":{"rendered":"<p>Prin prisma<strong> PRINCIPIILOR DEMOCRATICE<\/strong>, c\u0103derea guvernului Berlusconi, poate fi considerat\u0103 f\u0103r\u0103 doar \u015fi poate o &#8230; <strong>LOVITUR\u0102 DE STAT !<\/strong><\/p>\n<p>\u015ei asta deoarece acest guvern cade \u00een condi\u0163iile \u00een care are \u00eenc\u0103 o majoritate \u00een Parlament, cu toate \u201edefec\u0163iunile\u201d \u015fobolanilor ce caut\u0103 s\u0103 se salveze, abandon\u00e2nd nava ce se scufund\u0103 \u00eencet, dar sigur. Cu toate astea, Berlusconi a fost obligat la DEMISIE (zicese) de mersul catastrofal al <strong>Pie\u0163ei Financiare,<\/strong> unde titlurile de stat italiene\u015fti au devenit at\u00e2t de \u201eneapetisante\u201d, \u00eenc\u00e2t dob\u00e2nzile pe care <strong>Italia<\/strong> ar trebui s\u0103 le pl\u0103teasc\u0103 pentru <strong>Datoria Suveran\u0103<\/strong>, au devenit&#8230; <strong>NESUSTENABILE !<\/strong><\/p>\n<p>Ca urmare a acestei situa\u0163ii, <strong>clasa politic\u0103 \u015fi deci \u015fi cea managerial\u0103 exprimat\u0103 de aceasta<\/strong>, au f\u0103cut \u00een grab\u0103 un Senator pe Via\u0163\u0103 \u015fi au pus \u00een fruntea Executivului, un fost Comisar European, consultant al celebrului Goldman Sachs, deci \u201eexpert bancar\u201d.<\/p>\n<p>Eu unul sunt sceptic \u00een ceea ce prive\u015fte <strong>\u201eRe\u0163eta Monti\u201d<\/strong> (<em>specialistul \u00een cauz\u0103 se chiam\u0103 Mario Monti, Pre\u015fedinte al Universit\u0103\u0163ii Bocconi din Milano<\/em>), deoarece nu cred c\u0103 se mai poate salva&#8230; <strong>nesalvabilul !<\/strong><\/p>\n<p><strong>Mario Monti<\/strong> a declarat c\u0103 va ac\u0163iona pentru a stimula&#8230; <strong>CRE\u015eTEREA ECONOMIC\u0102 !?<\/strong><\/p>\n<p><em><strong>Asta demonstreaz\u0103 c\u0103 guvernul s\u0103u nu va fi altceva, dec\u00e2t o alt\u0103 \u00eencercare disperat\u0103 a SISTEMULUI de a-\u015fi asigura&#8230; SUPRAVIE\u0162UIREA !<\/strong><\/em><\/p>\n<p>Declara\u0163ia este LOGIC\u0102 din partea unui <strong>OM AL SISTEMULUI<\/strong>, care \u015ftie c\u0103 plata DATORIEI PUBLICE nu poate fi acoperit\u0103 \u00een actualul sistem economico-financiar, dec\u00e2t printr-o&#8230; <strong>CRE\u015eTERE !<\/strong><\/p>\n<p><em><strong>PROBLEMA pe care nimeni nu \u015fi-o pune azi este : CRE\u015eTERE P\u00c2N\u0102 UNDE ? \u015fi &#8230; P\u00c2N\u0102 C\u00c2ND ? &#8230; deoarece se fac c\u0103 nu pricep ( sau poate nu sunt \u00een stare !?), c\u0103 nu mai sunt RESURSE pentru a\u015fa ceva \u015fi c\u0103 AMBIENTUL este deja \u201esufocat\u201d de at\u00e2ta &#8230; \u201ecre\u015ftere\u201d !<\/strong><\/em><\/p>\n<p><em>P\u0103cat c\u0103 ace\u015fti COMPETEN\u0162I, vin cu g\u00e2nduri&#8230; gre\u015fite !<\/em><\/p>\n<p>Singurul <strong>PAS \u00ceNAINTE<\/strong> \u00een aceast\u0103 faz\u0103, este constatarea c\u0103 <strong>TOATE FOR\u0162ELE POLITICE<\/strong> ce au gestionat Italia \u00een ultimii ani, deci inclusiv cele de <strong>centru-st\u00e2nga<\/strong>, nu sunt \u00een stare s\u0103 gestioneze <strong>CRIZA<\/strong> \u015fi atunci sunt chema\u0163i&#8230; <strong>COMPETEN\u0162II ! <\/strong><\/p>\n<p><strong>P\u0103i este exact ce sus\u0163ine <em>\u201eMi\u015fcarea Dacia\u201d<\/em> adic\u0103&#8230; afar\u0103 cu PARTIDELE \u015fi face\u0163i loc&#8230; COMPETEN\u0162ELOR !!!<\/strong><\/p>\n<p>De ce s\u0103 a\u015ftepte s\u0103 ajungem \u00een pr\u0103pastie \u015fi nu se dau frumu\u015fel la o parte to\u0163i cei ce au sus\u0163inut SISTEMUL ? De ce nu se declar\u0103 <strong>FALIMENTUL ACTUALULUI SISTEM ?<\/strong><\/p>\n<p><em>Situa\u0163ia din <strong>Italia<\/strong>, nu este alta dec\u00e2t aceea din <strong>Rom\u00e2nia<\/strong> !!!<\/em><\/p>\n<p><strong>\u201eMi\u015fcarea Dacia\u201d<\/strong> propune, a\u015fa cum am mai spus, <strong>FORMAREA UNUI GRUP DE REFORMI\u015eTI<\/strong> care s\u0103 pun\u0103 la punct bazele unei<strong> NOI PARADIGME<\/strong>, neexcluz\u00e2nd pe nimeni de la acest efort.<\/p>\n<p><em><strong>Este suficient ca actualele for\u0163e politice rom\u00e2ne\u015fti s\u0103 ADMIT\u0102 FALIMENTUL politicii din ultimii 22 de ani (perioadele anterioare fiind deja &#8230; clasificate) \u015fi s\u0103 asist\u0103m la \u201eun pas \u00eenapoi\u201d al principalilor responsabili.<\/strong><\/em><\/p>\n<p>Este <strong>singura oportunitate <\/strong>ce li se ofer\u0103, pentru a nu primi monede \u00een cap a\u015fa cum a primit<strong> Berlusconi<\/strong>, sau cine \u015ftie ce alte <em>chestii<\/em>, \u00een cazul c\u0103&#8230; <strong>PERSEVEREAZ\u0102 \u00ceN PROSTIE !<\/strong><\/p>\n<p><em><strong>&#8230; citi\u0163i un pic Istoria domnilor \u015fi &#8230; lua\u0163i aminte !<\/strong><\/em><\/p>\n","protected":false},"excerpt":{"rendered":"<p>Prin prisma PRINCIPIILOR DEMOCRATICE, c\u0103derea guvernului Berlusconi, poate fi considerat\u0103 f\u0103r\u0103 doar \u015fi poate o &#8230; LOVITUR\u0102 DE STAT ! \u015ei asta deoarece acest guvern cade \u00een condi\u0163iile \u00een care are \u00eenc\u0103 o majoritate \u00een Parlament, cu toate \u201edefec\u0163iunile\u201d \u015fobolanilor ce caut\u0103 s\u0103 se salveze, abandon\u00e2nd nava ce se scufund\u0103 \u00eencet, dar sigur. Cu toate [&hellip;]<\/p>\n","protected":false},"author":2,"featured_media":0,"comment_status":"open","ping_status":"open","sticky":false,"template":"","format":"standard","meta":{"footnotes":""},"categories":[73],"tags":[331,123,99,11,210,698,741,739,41],"jetpack_featured_media_url":"","_links":{"self":[{"href":"https:\/\/bassdu.mine.bz\/index.php?rest_route=\/wp\/v2\/posts\/1958"}],"collection":[{"href":"https:\/\/bassdu.mine.bz\/index.php?rest_route=\/wp\/v2\/posts"}],"about":[{"href":"https:\/\/bassdu.mine.bz\/index.php?rest_route=\/wp\/v2\/types\/post"}],"author":[{"embeddable":true,"href":"https:\/\/bassdu.mine.bz\/index.php?rest_route=\/wp\/v2\/users\/2"}],"replies":[{"embeddable":true,"href":"https:\/\/bassdu.mine.bz\/index.php?rest_route=%2Fwp%2Fv2%2Fcomments&post=1958"}],"version-history":[{"count":1,"href":"https:\/\/bassdu.mine.bz\/index.php?rest_route=\/wp\/v2\/posts\/1958\/revisions"}],"predecessor-version":[{"id":1959,"href":"https:\/\/bassdu.mine.bz\/index.php?rest_route=\/wp\/v2\/posts\/1958\/revisions\/1959"}],"wp:attachment":[{"href":"https:\/\/bassdu.mine.bz\/index.php?rest_route=%2Fwp%2Fv2%2Fmedia&parent=1958"}],"wp:term":[{"taxonomy":"category","embeddable":true,"href":"https:\/\/bassdu.mine.bz\/index.php?rest_route=%2Fwp%2Fv2%2Fcategories&post=1958"},{"taxonomy":"post_tag","embeddable":true,"href":"https:\/\/bassdu.mine.bz\/index.php?rest_route=%2Fwp%2Fv2%2Ftags&post=1958"}],"curies":[{"name":"wp","href":"https:\/\/api.w.org\/{rel}","templated":true}]}}