{"id":1960,"date":"2011-11-16T22:05:34","date_gmt":"2011-11-16T21:05:34","guid":{"rendered":"http:\/\/bassdu.mine.nu\/?p=1960"},"modified":"2011-11-16T22:05:34","modified_gmt":"2011-11-16T21:05:34","slug":"guvern-tehnic-in-italia","status":"publish","type":"post","link":"https:\/\/bassdu.mine.bz\/?p=1960","title":{"rendered":"Guvern Tehnic \u00een Italia"},"content":{"rendered":"<div>\n<p>Ast\u0103zi <strong>Mario Monti<\/strong> a reu\u015fit s\u0103 m\u0103 surprind\u0103 pl\u0103cut !<\/p>\n<p>Este un om deosebit de inteligent !<\/p>\n<p>Ieri, c\u00e2nd l-am auzit c\u0103 cerea partidelor s\u0103 contribuie la formarea guvernului, am r\u0103mas pu\u0163in deziluzionat.<\/p>\n<p>Azi, \u00eemi dau seama c\u0103 a f\u0103cut o \u201emi\u015fcare inteligent\u0103\u201d f\u0103c\u00e2nd acea  invita\u0163ie, \u015ftiind c\u0103 partidele nu se vor pune de acord, datorit\u0103  veto-urilor \u00eencruci\u015fate.<\/p>\n<p>Astfel, a fost \u00eendrept\u0103\u0163it s\u0103 formeze un guvern &#8230; f\u0103r\u0103 ele !?<\/p>\n<p>Logic ar fi, ca dup\u0103 \u00eencrederea Parlamentului, partidele s\u0103 nu mai  poat\u0103 zice \u201enici p\u00e2s\u201d, f\u0103r\u0103 a fi b\u0103nuite de &#8230; tr\u0103dare a <strong>Interesului  Na\u0163ional<\/strong> !?<\/p>\n<p>Guvernul este deci format EXCLUSIV din \u201etehnici\u201d \u015fi a \u015fi depus  jur\u0103m\u00e2ntul \u00een fa\u0163a Pre\u015fedintelui <strong><em>Giorgio Napolitano<\/em><\/strong>, pentru a <em>\u201ecalma  Pie\u0163ele\u201d<\/em> de m\u00e2ine !<\/p>\n<p>Eu urez deplin succes noului guvern (doar tr\u0103iesc \u015fi eu pe aici \u015fi am  ceva &#8230; interese !?), de\u015fi nu sunt prea optimist, din motivele pe care  le-am expus anterior.<\/p>\n<p>Dup\u0103 p\u0103rerea mea, acest Guvern Tehnic nu mai poate salva Italia,  fiind deja dep\u0103\u015fit \u201epunctul de ne\u00eentoarcere\u201d al unei Crize Sistemice  Mondiale !&#8230; s\u0103 dea Domnul s\u0103 m\u0103 \u00een\u015fel, dar&#8230; nu cred ! \u00cemi venea \u201es\u0103  m\u0103 urc pe pere\u0163i\u201d c\u00e2nd Monti vorbea despre necesitatea &#8230; <strong>CRE\u015eTERII !?<\/strong><\/p>\n<p>Cert este c\u0103 \u00eentrebarea retoric\u0103 ce mi-am pus-o eu, \u015fi-a pus-o \u015fi cel  mai impar\u0163ial jurnalist italian, care este <em><strong>Enrico Mentana<\/strong><\/em> : <strong>ATUNCI  PARTIDELE LA CE FOLOSESC ????<\/strong><\/p>\n<p>P\u0103i v\u0103 r\u0103spund eu (<em>de\u015fi cred c\u0103 \u015fi Mentana ar fi de acord !<\/em>) : <strong>PARTIDELE fac \u201epaguba\u201d&#8230; c\u0103 asta fac de c\u00e2nd sunt pe lume !<\/strong><\/p>\n<p>De aceea <strong>\u201eMi\u015fcarea Dacia\u201d<\/strong> a creat o <strong>NOU\u0102 PARADIGM\u0102<\/strong>, unde p\u00e2n\u0103 \u015fi cuv\u00e2ntul <strong>PARTID<\/strong> &#8230; nu exist\u0103 !<\/p>\n<\/div>\n","protected":false},"excerpt":{"rendered":"<p>Ast\u0103zi Mario Monti a reu\u015fit s\u0103 m\u0103 surprind\u0103 pl\u0103cut ! Este un om deosebit de inteligent ! Ieri, c\u00e2nd l-am auzit c\u0103 cerea partidelor s\u0103 contribuie la formarea guvernului, am r\u0103mas pu\u0163in deziluzionat. Azi, \u00eemi dau seama c\u0103 a f\u0103cut o \u201emi\u015fcare inteligent\u0103\u201d f\u0103c\u00e2nd acea invita\u0163ie, \u015ftiind c\u0103 partidele nu se vor pune de acord, [&hellip;]<\/p>\n","protected":false},"author":2,"featured_media":0,"comment_status":"open","ping_status":"open","sticky":false,"template":"","format":"standard","meta":{"footnotes":""},"categories":[3],"tags":[745,743,742,744,210,698],"jetpack_featured_media_url":"","_links":{"self":[{"href":"https:\/\/bassdu.mine.bz\/index.php?rest_route=\/wp\/v2\/posts\/1960"}],"collection":[{"href":"https:\/\/bassdu.mine.bz\/index.php?rest_route=\/wp\/v2\/posts"}],"about":[{"href":"https:\/\/bassdu.mine.bz\/index.php?rest_route=\/wp\/v2\/types\/post"}],"author":[{"embeddable":true,"href":"https:\/\/bassdu.mine.bz\/index.php?rest_route=\/wp\/v2\/users\/2"}],"replies":[{"embeddable":true,"href":"https:\/\/bassdu.mine.bz\/index.php?rest_route=%2Fwp%2Fv2%2Fcomments&post=1960"}],"version-history":[{"count":1,"href":"https:\/\/bassdu.mine.bz\/index.php?rest_route=\/wp\/v2\/posts\/1960\/revisions"}],"predecessor-version":[{"id":1961,"href":"https:\/\/bassdu.mine.bz\/index.php?rest_route=\/wp\/v2\/posts\/1960\/revisions\/1961"}],"wp:attachment":[{"href":"https:\/\/bassdu.mine.bz\/index.php?rest_route=%2Fwp%2Fv2%2Fmedia&parent=1960"}],"wp:term":[{"taxonomy":"category","embeddable":true,"href":"https:\/\/bassdu.mine.bz\/index.php?rest_route=%2Fwp%2Fv2%2Fcategories&post=1960"},{"taxonomy":"post_tag","embeddable":true,"href":"https:\/\/bassdu.mine.bz\/index.php?rest_route=%2Fwp%2Fv2%2Ftags&post=1960"}],"curies":[{"name":"wp","href":"https:\/\/api.w.org\/{rel}","templated":true}]}}