{"id":1962,"date":"2011-11-19T20:54:22","date_gmt":"2011-11-19T19:54:22","guid":{"rendered":"http:\/\/bassdu.mine.nu\/?p=1962"},"modified":"2011-11-19T20:54:22","modified_gmt":"2011-11-19T19:54:22","slug":"%e2%80%9emiscarea-dacia%e2%80%9d-in-panorama-politica-romaneasca","status":"publish","type":"post","link":"https:\/\/bassdu.mine.bz\/?p=1962","title":{"rendered":"\u201eMi\u015fcarea Dacia\u201d \u00een panorama politic\u0103 rom\u00e2neasc\u0103"},"content":{"rendered":"<div>\n<p>Cine a citit cu aten\u0163ie documentele noastre, a luat cuno\u015ftin\u0163\u0103 c\u0103 <strong>noi  nu suntem nici de st\u00e2nga, nici de dreapta \u015fi nici m\u0103car de centru \u015fi c\u0103  noi am ap\u0103rut \u00ceN ALTERNATIV\u0102 la tot ce se g\u0103se\u015fte \u00een panorama politic\u0103  trecut\u0103 \u015fi prezent\u0103 !<\/strong><\/p>\n<p>De fapt, <strong>toate formele de organizare politic\u0103 actuale<\/strong>, sunt \u201eagreate\u201d de <strong>SISTEM<\/strong> \u015fi \u201estimulate\u201d s\u0103 men\u0163in\u0103 <strong>\u201etensiunea dezbaterii ideologice\u201d<\/strong>, cu unicul scop de a <strong>\u201edezbina \u015fi st\u0103p\u00e2ni\u201d<\/strong>.<\/p>\n<p><em><strong>PUTEREA<\/strong> este de fapt \u201e\u00een m\u00e2inile solide\u201d ale <strong>SISTEMULUI<\/strong>. <\/em><\/p>\n<p><strong>PUTEREA<\/strong> presupune \u015fi conceptele de<strong> ST\u0102P\u00c2NI \u015fi SUPU\u015eI<\/strong>.<\/p>\n<p><strong><em>SISTEMUL<\/em><\/strong> a camuflat aceste concepte, \u00een<strong><em> \u201eclasa politic\u0103 reprezentativ\u0103\u201d<\/em><\/strong> \u015fi <strong><em>\u201econtribuabil\u201d<\/em><\/strong>.<\/p>\n<p><em>Problema noastr\u0103<\/em>, este c\u0103 aceast\u0103 \u201eclas\u0103 politic\u0103 reprezentativ\u0103\u201d nu ap\u0103r\u0103 \u201econtribuabilul\u201d, ci <strong>\u201einteresele economico-financiare\u201d<\/strong>, singurele ce au deci <strong>\u201ecu\u0163itul \u00een m\u00e2n\u0103\u201d!<\/strong><\/p>\n<p><em>Acestea hot\u0103r\u0103sc \u201ecine \u015fi c\u00e2t\u201d trebuie s\u0103 reprezinte <strong>PUTEREA<\/strong>, \u00een func\u0163ie de modul cum r\u0103spunde propriilor interese&#8230; \u015fi astfel apar <strong>\u201esponsoriz\u0103rile partidelor\u201d<\/strong>.<\/em><\/p>\n<p>\u00cen cazul specific al<strong> Rom\u00e2niei post-decembriste<\/strong>, \u201esponsoriz\u0103rile\u201d au plecat de la <strong>\u201einteresele economice interna\u0163ionale\u201d<\/strong>, care au folosit ca \u201evectori\u201d vechii <strong>nomenclaturi\u015fti<\/strong> \u201e<em>afla\u0163i deja cu m\u00e2inile \u00een miere<\/em>\u201d \u015fi care, bucuro\u015fi de a linge alte capace, s-au gr\u0103bit s\u0103 deschid\u0103 toate \u201e<em>borcanele<\/em>\u201d, care bine\u00een\u0163eles c\u0103 \u201e<em>le-au alunecat din m\u00e2inile hulpave \u015fi nepricepute<\/em>\u201d, fiind prinse \u201e<em>din zbor<\/em>\u201d de&#8230; <strong>\u015ftim noi cine !<\/strong><\/p>\n<p>Astfel ne-am trezit cu <strong>\u201ec\u0103mara\u201d<\/strong> goal\u0103 \u015fi cu o clas\u0103 politic\u0103 <strong>\u201ede pia\u0163\u0103\u201d<\/strong>, reprezent\u00e2nd <strong>tot spectrul politic actual<\/strong>, av\u00e2nd toate aceia\u015fi \u201eorigine\u201d (<strong>a se citi FSN<\/strong>) \u015fi obi\u015fnuit\u0103 deja&#8230; <strong>\u201es\u0103 tr\u0103iasc\u0103 bine\u201d<\/strong>, mai \u00eent\u00e2i pe seama acumul\u0103rilor \u201eregimului de trist\u0103 amintire\u201d <strong>rezultate din sacrificiile noastre<\/strong>, iar acum pe seama&#8230; <strong>Viitorului Na\u0163iei !!!<\/strong><\/p>\n<p>Deja faptul de a se \u201e\u00eencadra\u201d \u00eentr-unul din curentele men\u0163ionate, \u00eenseamn\u0103 <strong>limitarea propriei prospective socio-economice.<\/strong><\/p>\n<p><em>Noi <strong>refuz\u0103m<\/strong> orice <strong>\u201e\u00eencadrare\u201d<\/strong> \u015fi \u00eencerc\u0103m doar s\u0103 identific\u0103m \u015fi s\u0103 definim <strong>CAUZELE<\/strong> profundei <strong>Crize Socio-Economice<\/strong> \u015fi s\u0103 stabilim <strong>M\u0103suri <\/strong>pentru dep\u0103\u015firea acestui <strong>stadiu catastrofal<\/strong>, f\u0103r\u0103 a ne limita s\u0103 urm\u0103rim <strong>\u201eumbrele\u201d Mitului Cavernei<\/strong>, proiectate de diverse <strong>ideologii<\/strong>&#8230; noi vrem s\u0103 vedem \u00een fa\u0163\u0103 <strong>MANIPULATORII<\/strong> \u015fi mai ales&#8230; <strong>s\u0103 ie\u015fim la LUMIN\u0102, deoarece REALITATEA este mult mai complex\u0103 dec\u00e2t \u201eceea ce ni se prezint\u0103\u201d !!!<\/strong><\/em><\/p>\n<\/div>\n","protected":false},"excerpt":{"rendered":"<p>Cine a citit cu aten\u0163ie documentele noastre, a luat cuno\u015ftin\u0163\u0103 c\u0103 noi nu suntem nici de st\u00e2nga, nici de dreapta \u015fi nici m\u0103car de centru \u015fi c\u0103 noi am ap\u0103rut \u00ceN ALTERNATIV\u0102 la tot ce se g\u0103se\u015fte \u00een panorama politic\u0103 trecut\u0103 \u015fi prezent\u0103 ! De fapt, toate formele de organizare politic\u0103 actuale, sunt \u201eagreate\u201d de [&hellip;]<\/p>\n","protected":false},"author":2,"featured_media":0,"comment_status":"open","ping_status":"open","sticky":false,"template":"","format":"standard","meta":{"footnotes":""},"categories":[73],"tags":[748,99,747,508,210,576,70,746,457],"jetpack_featured_media_url":"","_links":{"self":[{"href":"https:\/\/bassdu.mine.bz\/index.php?rest_route=\/wp\/v2\/posts\/1962"}],"collection":[{"href":"https:\/\/bassdu.mine.bz\/index.php?rest_route=\/wp\/v2\/posts"}],"about":[{"href":"https:\/\/bassdu.mine.bz\/index.php?rest_route=\/wp\/v2\/types\/post"}],"author":[{"embeddable":true,"href":"https:\/\/bassdu.mine.bz\/index.php?rest_route=\/wp\/v2\/users\/2"}],"replies":[{"embeddable":true,"href":"https:\/\/bassdu.mine.bz\/index.php?rest_route=%2Fwp%2Fv2%2Fcomments&post=1962"}],"version-history":[{"count":1,"href":"https:\/\/bassdu.mine.bz\/index.php?rest_route=\/wp\/v2\/posts\/1962\/revisions"}],"predecessor-version":[{"id":1963,"href":"https:\/\/bassdu.mine.bz\/index.php?rest_route=\/wp\/v2\/posts\/1962\/revisions\/1963"}],"wp:attachment":[{"href":"https:\/\/bassdu.mine.bz\/index.php?rest_route=%2Fwp%2Fv2%2Fmedia&parent=1962"}],"wp:term":[{"taxonomy":"category","embeddable":true,"href":"https:\/\/bassdu.mine.bz\/index.php?rest_route=%2Fwp%2Fv2%2Fcategories&post=1962"},{"taxonomy":"post_tag","embeddable":true,"href":"https:\/\/bassdu.mine.bz\/index.php?rest_route=%2Fwp%2Fv2%2Ftags&post=1962"}],"curies":[{"name":"wp","href":"https:\/\/api.w.org\/{rel}","templated":true}]}}