{"id":1965,"date":"2011-11-20T19:16:28","date_gmt":"2011-11-20T18:16:28","guid":{"rendered":"http:\/\/bassdu.mine.nu\/?p=1965"},"modified":"2011-11-20T19:16:28","modified_gmt":"2011-11-20T18:16:28","slug":"istoricul-%e2%80%9emiscarii-dacia%e2%80%9d","status":"publish","type":"post","link":"https:\/\/bassdu.mine.bz\/?p=1965","title":{"rendered":"Istoricul \u201eMi\u015fc\u0103rii Dacia\u201d"},"content":{"rendered":"<p><strong>\u201eMi\u015fcarea Dacia\u201d<\/strong> a fost ideat\u0103 de subsemnatul \u015fi pe parcursul a mai mult de doi ani,<em> inclusiv prin contribu\u0163ii ale altor aderen\u0163i<\/em>, s-a ajuns la stadiul actual, care nu este \u015fi nu va fi \u201eb\u0103tut \u00een cuie\u201d.<strong> Eu voi veghea<\/strong> totu\u015fi, ca <strong>spiritul mi\u015fc\u0103rii<\/strong> s\u0103 nu fie alterat \u00een profunzimea ideilor cuprinse \u00een <strong>Principii \u015fi Obiective<\/strong> \u015fi s\u0103 nu fim \u201e<em>devia\u0163i<\/em>\u201d, sau \u201e<em>asimila\u0163i<\/em>\u201d, cel pu\u0163in p\u00e2n\u0103 la consacrarea mi\u015fc\u0103rii prin<strong> legalizare<\/strong>&#8230; <em>dac\u0103 se va ajunge acolo !? <\/em>Chiar \u015fi \u00een cadrul unei <strong>viitoare convergen\u0163e<\/strong> cu alte for\u0163e politice, <strong>ne vom p\u0103stra identitatea<\/strong>, convin\u015fi fiind de juste\u0163ea pozi\u0163iilor noastre !<br \/>\n<strong>Ini\u0163ial<\/strong> am conceput aceast\u0103 mi\u015fcare, ca o form\u0103 de organizare politic\u0103 a <strong>Diasporei<\/strong>, care s\u0103 aduc\u0103 \u00een aten\u0163ia opiniei publice din Rom\u00e2nia <strong>o nou\u0103 viziune politic\u0103<\/strong>,\u00a0 s\u0103 prezinte adev\u0103ratele <strong>CAUZE ale Crizei socio-economice<\/strong> actuale \u015fi s\u0103 \u00eencerce s\u0103-i dea <strong>SOLU\u0162II<\/strong>.<br \/>\nBaz\u00e2ndu-m\u0103 pe experien\u0163a mea de o via\u0163\u0103, pe lecturi mai pu\u0163in abordate de al\u0163ii \u015fi pe discrete cuno\u015ftin\u0163e \u00een diverse domenii, am \u00eenceput s\u0103 frecventez <em>partide, asocia\u0163ii, forumuri \u015fi jurnale ale Diasporei din Italia,<\/em> \u0163ara cu cea mai puternic\u0103 prezen\u0163\u0103 de cona\u0163ionali.<br \/>\nDemersul meu s-a lovit \u00eens\u0103 de slaba calitate a celor prezen\u0163i \u00een aceste forme de reprezentare, \u201eabsorbi\u0163i\u201d mai to\u0163i de <strong>\u201eroaderea unui os\u201d<\/strong> \u00een diversele<strong> partide<\/strong> (<em>adev\u0103ra\u0163i sateli\u0163i ai unor partide \u015fi mai ales partidule\u0163e italiene\u015fti, interesate de poten\u0163ialul electoral al celei mai importante comunit\u0103\u0163i de emigran\u0163i<\/em>) \u015fi<strong> asocia\u0163ii a\u015fa-zis culturale<\/strong> (<em>\u00een general pe m\u00e2na unor&#8230; acultura\u0163i, interesa\u0163i de subven\u0163iile guvernamentale, acordate -bine\u00een\u0163eles- pe baza \u201eapartenen\u0163ei politice\u201d, \u00een ciuda caracterului lor&#8230; apolitic<\/em>) . Al\u0163ii erau total<strong> dezinteresa\u0163i de Patrie<\/strong>, unii devenind adev\u0103ra\u0163i<strong> anti-rom\u00e2ni<\/strong>, dornici de o c\u00e2t mai rapid\u0103 <strong>\u201eintegrare\u201d<\/strong>, adev\u0103ra\u0163i <em>\u201escuip\u0103tori \u00een farfuria\u201d<\/em> din care m\u00e2ncaser\u0103 din pruncie.<strong> Jurnalele \u015fi jurnali\u015ftii<\/strong> rom\u00e2ni din Peninsul\u0103, s-au dovedit \u00een mare parte incompeten\u0163i \u015fi \u201e\u00een slujba\u201d mogulilor <em>(ca \u015fi cei din \u0163ar\u0103<\/em>). Aceasta este \u00een linii mari imaginea Diasporei, care nu este departe de cea a Rom\u00e2niei.<br \/>\n<strong>Grupul Facebook \u201eMi\u015fcarea Virtual\u0103 Dacia\u201d<\/strong>, a crescut totu\u015fi numeric, au \u00eenceput <strong>dezbaterile<\/strong> pe diversele teme contemplate, au \u00eenceput s\u0103 se cristalizeze <strong>Principiile \u015fi Obiectivele<\/strong>.\u00a0 A luat na\u015ftere grupul \u201esecret\u201d <strong>\u201eMi\u015fcarea Dacia\u201d<\/strong>, dedicat celor ce vor s\u0103 se implice <strong>FAPTIC<\/strong>. A crescut <strong>nivelul calitativ<\/strong> al membrilor (<em>nici nu v\u0103 imagina\u0163i ce COMPETEN\u0162E avem printre noi&#8230; p\u0103cat c\u0103 pu\u0163ini sunt&#8230; activi !?<\/em>) , dar au fost \u015fi aderen\u0163i intra\u0163i cu scopuri <strong>destabilizatoare<\/strong>, sau <strong>prost-crescu\u0163i<\/strong>, care au fost <strong>elimina\u0163i<\/strong>, deoarece <strong>\u201eMi\u015fcarea Dacia\u201d<\/strong> nu este un loc de manifestare a <strong>lipsei de bun-sim\u0163<\/strong>, ci un loc de <strong>agregare a celor cu idei asem\u0103n\u0103toare<\/strong> \u015fi \u00een paralel, un <strong>portal de informare \u015fi educa\u0163ie politic\u0103, economic\u0103, social\u0103, istoric\u0103, lingvistic\u0103, etc.<\/strong><br \/>\nDe doi ani \u00eencoace, ne-am v\u0103zut de \u201etreaba noastr\u0103\u201d, ne-am extins treptat aria de ac\u0163iune <strong>\u00een Rom\u00e2nia \u015fi \u00een afara acesteia<\/strong>, am organizat primele <strong>\u00eent\u00e2lniri ale aderen\u0163ilor<\/strong> ( <em>este adev\u0103rat c\u0103 f\u0103r\u0103 un mare succes de participare<\/em>) \u015fi am ajuns la <strong>1600<\/strong> de&#8230; \u201edaci\u201d. Din nefericire, mul\u0163i nu particip\u0103 din diverse motive la activitatea grupului \u015fi num\u0103rul \u00een sine, este departe de a reprezenta ceva \u00een spectrul politic rom\u00e2nesc, dar noi <strong>\u201eo s\u0103 r\u0103m\u00e2nem pe pozi\u0163ii\u201d<\/strong>, convin\u015fi c\u0103 <strong>\u201edezvolt\u0103rile\u201d<\/strong> sunt numai o chestiune de &#8230;<strong> TIMP \u015fi&#8230; CONJUNCTURI.<\/strong><br \/>\nCert este c\u0103 noi am ap\u0103rut ca <strong>ALTERNATIV\u0102<\/strong> la partidele existente, care se demonstreaz\u0103 incapabile s\u0103 dea <strong>R\u0102SPUNSURI<\/strong> la diversele probleme ale societ\u0103\u0163ii de azi. Suntem singurii care vorbim \u201e\u00een acela\u015fi timp\u201d despre : <strong>DEZVOLTAREA SUSTENABIL\u0102, EPUIZABILITATEA RESURSELOR, CRIZA VALORILOR, IMORALITATEA SISTEMIC\u0102, REUNIFICAREA DACIEI MARI, DREPTURI PENTRU ROM\u00c2NII DIN AFARA GRANI\u0162ELOR, O NOU\u0102 POLITIC\u0102 REGIONAL\u0102, ELIMINAREA FUTILULUI DIN ACTIVIT\u0102\u0162ILE OMENNE\u015eTI, DEMOLAREA SISTEMULUI PARTIDIC, COMBATEREA GLOBALIZ\u0102RII, COMBATEREA MONOPOLISMULUI \u015eI SISTEMULUI FINANCIAR MONDIAL, CULTIVAREA INTERESULUI NA\u0162IONAL, CULTIVAREA TRADI\u0162IILOR \u015eI OBICEIURILOR STR\u0102MO\u015eE\u015eTI, RESPINGEREA SUBCULTURII, O NOU\u0102 POLITIC\u0102 A FAMILIEI, RESCRIEREA ISTORIEI \u015eI DIC\u0162IONARELOR, REORGANIZAREA SOCIET\u0102\u0162II ROM\u00c2NE\u015eTI PE PRINCIPII DE TERITORIALITATE, COMPETEN\u0162\u0102 \u015eI RESPONSABILITATE, etc&#8230;. \u00eentr-un cuv\u00e2nt, noi proiect\u0103m o &#8230; NOU\u0102 PARADIGM\u0102 SOCIO-ECONOMIC\u0102.<\/strong><br \/>\nNimeni din actualul spectru politic nu va avea \u201e<em>r\u0103spunsurile preg\u0103tite<\/em>\u201d, \u00een cazul unui <strong>COLAPS SISTEMIC&#8230; NOI DA !!!<\/strong><br \/>\nDe acum \u00eencolo, putem spune c\u0103 <strong>\u201eam sem\u0103nat\u201d<\/strong> o adev\u0103rat\u0103 <strong>NOU\u0102 IDEOLOGIE<\/strong> \u015fi c\u0103 a\u015ftept\u0103m <strong>contribu\u0163ia cantitativ\u0103 \u015fi calitativ\u0103<\/strong> a cet\u0103\u0163enilor interesa\u0163i de o <strong>MARE SCHIMBARE<\/strong>, l\u0103s\u00e2nd deschis\u0103 posibilitatea dezvolt\u0103rii acesteia, de c\u0103tre <strong>COMPETEN\u0162ELE SPECIFICE<\/strong> pe care le a\u015ftept\u0103m \u00een r\u00e2ndurile mi\u015fc\u0103rii.<br \/>\n<em>Eu am declarat din capul locului, c\u0103 rolul meu este limitat de \u201eintrarea \u00een legalitate\u201d a mi\u015fc\u0103rii \u015fi c\u0103 a\u015ftept deci, tineri valoro\u015fi care s\u0103 preia \u015ftafeta.<\/em><br \/>\n<strong>Asta nu \u00eenseamn\u0103 c\u0103 rolul \u201eb\u00e2tr\u00e2nilor\u201d este neimportant, deoarece o vorb\u0103 din b\u0103tr\u00e2ni spune c\u0103 \u201ecine nu are b\u0103tr\u00e2ni, trebuie s\u0103 \u015fi-i procure !\u201d<\/strong><br \/>\n\u015ei asta deoarece oamenii ce au parcurs diverse<strong> \u201evremuri\u201d<\/strong>, pot \u00eemp\u0103rt\u0103\u015fi propria experien\u0163\u0103, \u00een ideea de a se evita \u201e<strong>rec\u0103lcarea unor drumuri deja b\u0103tute \u015fi demonstrate&#8230; falimentare<\/strong>\u201d. \u00cen trecut, se pomenea \u00een<strong> LEGILE FRUMOASE (LEGILE BELAGINE)<\/strong> despre rolul important al <strong>OAMENILOR BUNI<\/strong>, al <strong>SFATULUI B\u0102TR\u00c2NILOR<\/strong>, al <strong>\u00ceN\u0162ELEPCIUNII<\/strong> ce se atinge cu trecerea anilor, etc.<br \/>\n<em>Oamenii care nu respect\u0103<strong> \u201ep\u0103rul alb\u201d<\/strong>, sunt oameni ce nu-\u015fi respect\u0103<strong> p\u0103rin\u0163ii, educatorii, tradi\u0163iile, trecutul<\/strong>, etc., \u00eentr-un cuv\u00e2nt&#8230; <strong>PATRIA !<\/strong><\/em><br \/>\nPentru o adev\u0103rat\u0103<strong> MARE SCHIMBARE<\/strong> este nevoie de <strong>energia tinerilor<\/strong>, dar \u015fi de <strong>\u00een\u0163elepciunea b\u0103tr\u00e2nilor<\/strong> care mai pot da <em>\u201eo m\u00e2n\u0103 de ajutor\u201d !<\/em><br \/>\n<em><strong>Eu \u015fi cei ce-mi stau \u00een preajm\u0103, \u201eam cam terminat ce aveam de spus\u201d \u015fi acum apel\u0103m la voi to\u0163i s\u0103 \u201er\u0103sp\u00e2ndi\u0163i\u201d ideile noastre, s\u0103 aduce\u0163i al\u0103turi de noi prieteni, rude, cuno\u015ftin\u0163e, colegi, pentru c\u0103 p\u00e2n\u0103 ce num\u0103rul nostru nu va avea o cifr\u0103 \u00een plus&#8230; nu vom ajunge nic\u0103ieri !!!<\/strong><\/em><\/p>\n<p><em><strong>E r\u00e2ndul vostru !!!<br \/>\n<\/strong><\/em><\/p>\n","protected":false},"excerpt":{"rendered":"<p>\u201eMi\u015fcarea Dacia\u201d a fost ideat\u0103 de subsemnatul \u015fi pe parcursul a mai mult de doi ani, inclusiv prin contribu\u0163ii ale altor aderen\u0163i, s-a ajuns la stadiul actual, care nu este \u015fi nu va fi \u201eb\u0103tut \u00een cuie\u201d. Eu voi veghea totu\u015fi, ca spiritul mi\u015fc\u0103rii s\u0103 nu fie alterat \u00een profunzimea ideilor cuprinse \u00een Principii \u015fi [&hellip;]<\/p>\n","protected":false},"author":2,"featured_media":0,"comment_status":"open","ping_status":"open","sticky":false,"template":"","format":"standard","meta":{"footnotes":""},"categories":[73],"tags":[550,210,114,698,390,295],"jetpack_featured_media_url":"","_links":{"self":[{"href":"https:\/\/bassdu.mine.bz\/index.php?rest_route=\/wp\/v2\/posts\/1965"}],"collection":[{"href":"https:\/\/bassdu.mine.bz\/index.php?rest_route=\/wp\/v2\/posts"}],"about":[{"href":"https:\/\/bassdu.mine.bz\/index.php?rest_route=\/wp\/v2\/types\/post"}],"author":[{"embeddable":true,"href":"https:\/\/bassdu.mine.bz\/index.php?rest_route=\/wp\/v2\/users\/2"}],"replies":[{"embeddable":true,"href":"https:\/\/bassdu.mine.bz\/index.php?rest_route=%2Fwp%2Fv2%2Fcomments&post=1965"}],"version-history":[{"count":1,"href":"https:\/\/bassdu.mine.bz\/index.php?rest_route=\/wp\/v2\/posts\/1965\/revisions"}],"predecessor-version":[{"id":1966,"href":"https:\/\/bassdu.mine.bz\/index.php?rest_route=\/wp\/v2\/posts\/1965\/revisions\/1966"}],"wp:attachment":[{"href":"https:\/\/bassdu.mine.bz\/index.php?rest_route=%2Fwp%2Fv2%2Fmedia&parent=1965"}],"wp:term":[{"taxonomy":"category","embeddable":true,"href":"https:\/\/bassdu.mine.bz\/index.php?rest_route=%2Fwp%2Fv2%2Fcategories&post=1965"},{"taxonomy":"post_tag","embeddable":true,"href":"https:\/\/bassdu.mine.bz\/index.php?rest_route=%2Fwp%2Fv2%2Ftags&post=1965"}],"curies":[{"name":"wp","href":"https:\/\/api.w.org\/{rel}","templated":true}]}}