{"id":1976,"date":"2011-12-02T01:21:00","date_gmt":"2011-12-02T00:21:00","guid":{"rendered":"http:\/\/bassdu.mine.nu\/?p=1976"},"modified":"2011-12-02T01:25:12","modified_gmt":"2011-12-02T00:25:12","slug":"%e2%80%9emiscarea-dacia%e2%80%9d-si-prospera","status":"publish","type":"post","link":"https:\/\/bassdu.mine.bz\/?p=1976","title":{"rendered":"\u201eMi\u015fcarea Dacia\u201d \u015fi&#8230; PROSPERA"},"content":{"rendered":"<p>Am vizionat la sugestia unui amic filmul PROSPERA, pe care \u00eel pute\u0163i vedea sub-titrat \u00een rom\u00e2ne\u015fte aici :<\/p>\n<p><object width=\"400\" height=\"226\"><param name=\"allowfullscreen\" value=\"true\" \/><param name=\"allowscriptaccess\" value=\"always\" \/><param name=\"movie\" value=\"http:\/\/vimeo.com\/moogaloop.swf?clip_id=32744781&amp;server=vimeo.com&amp;show_title=1&amp;show_byline=1&amp;show_portrait=1&amp;color=00adef&amp;fullscreen=1&amp;autoplay=0&amp;loop=0\" \/><\/object><\/p>\n<p><a href=\"http:\/\/vimeo.com\/32744781\">Prospera<\/a> from <a href=\"http:\/\/vimeo.com\/user9429052\">Ovidiu D<\/a> on <a href=\"http:\/\/vimeo.com\">Vimeo<\/a>.<\/p>\n<p>Pu\u0163inele persoane ce au citit \u015fi vizionat toate materialele propuse la grupul Facebook <strong>\u201eMi\u015fcarea Virtual\u0103 Dacia\u201d<\/strong>, \u00ee\u015fi vor da imediat seama c\u0103, \u00een alte coordonate geografice, exist\u0103 oameni care g\u00e2ndesc la fel cu noi \u015fi pun bazele, independent unii fa\u0163\u0103 de al\u0163ii, unei&#8230; <strong>NOI PARADIGME<\/strong>. Aceast\u0103 \u201eminune\u201d se datoreaz\u0103 probabil unei inform\u0103ri din <strong>\u201emijloace media alternative\u201d<\/strong>, din<strong> \u201escrieri mai pu\u0163in mediatizate\u201d<\/strong>, din oarece<strong> cuno\u015ftin\u0163e din multiple domenii sociale, economice, politice<\/strong>, etc. dar \u00een primul r\u00e2nd,<strong> \u201enecesit\u0103\u0163ii de a ie\u015fi din orbita Sistemului\u201d<\/strong>, cu ocazia perceperii <strong>CARACTERULUI DIAVOLESC<\/strong> al acestuia.<br \/>\n\u015ei <strong>\u201eMi\u015fcarea Dacia\u201d<\/strong> a plecat la drum cu inten\u0163ia de a creea un GRUP SPIRITUAL, dedicat g\u0103sirii <strong>\u201ealternativei\u201d<\/strong> la acest <strong>SISTEM<\/strong>. Apoi, sub presiunea aderen\u0163ilor, s-a decis implementarea unui \u201ecaracter politic\u201d, deci mai&#8230; \u201econcret\u201d. Dup\u0103 doi ani, \u00eemi dau seama de \u201eslaba audien\u0163\u0103\u201d a grupului, c\u0103 doar nu suntem<em> Mi\u015fcarea Verzilo<\/em>r, sau<em> Noua Republic\u0103<\/em>, pentru ca s\u0103 ne ofere cineva spa\u0163iu pe <strong><em>\u201eorganele mediatice ale Sistemului\u201d<\/em><\/strong> !?&#8230; deci nu avem&#8230; \u201eaudien\u0163\u0103\u201d ! Nu lipsite de importan\u0163\u0103 pentru aceast\u0103 situa\u0163ie, sunt slaba difuziune a unor <em>\u201eidei inovatoare\u201d<\/em> \u015fi <em>\u201edebila\u201d ereditate \u015fi preg\u0103tire socio-politic\u0103<\/em> \u00een<strong> Spa\u0163iul Carpato-Dun\u0103reano-Pontic<\/strong> (<em>nu exist\u0103 \u201emae\u015ftrii\u201d, iar aceia care se erijeaz\u0103&#8230; citeaz\u0103 pe al\u0163ii&#8230; de multe ori \u201eacoperi\u0163i de praful Istoriei\u201d<\/em>).<br \/>\nCu toate astea, putem s\u0103 ne \u201em\u00e2ndrim\u201d cu diverse <em>atacuri \u015fi diversiuni<\/em>, ceea ce-mi \u00eent\u0103re\u015fte convingerea c\u0103<em> \u201ecineva acolo sus&#8230; NU ne iube\u015fte\u201d<\/em>, deoarece a sim\u0163it c\u0103 suntem un&#8230; <strong>pericol<\/strong>. Acest \u201epericol\u201d a fost sesizat \u015fi de unii aderen\u0163i care \u201es-au speriat\u201d&#8230; \u015fi-au sc\u0103pat ! &#8230; de\u015fi nimic din ceea ce scriem sau zicem noi, nu are caracter violent, sau anti-na\u0163ional. Noua Republic\u0103 se declar\u0103 ca \u015fi noi anti-Sistem \u015fi totu\u015fi \u201esunt l\u0103sa\u0163i s\u0103 vorbeasc\u0103 liber \u015fi pe unde apuc\u0103\u201d, de\u015fi \u201emesajul\u201d lor nu este unul de TOLERAN\u0162\u0102, SOLIDARITATE SOCIAL\u0102,etc. \u015fi nu chiam\u0103 la UNITATE NA\u0162IONAL\u0102 cum facem noi ce garant\u0103m \u201eo \u015fans\u0103 de a schimba macazul\u201d&#8230; TUTUROR !?<br \/>\nAcest film face parte dintr-o serie de documentare \u201epe aceia\u015fi linie\u201d, bine\u00een\u0163eles c\u0103 diferen\u0163iate nesemnificativ, pe motiv de \u201epunct de vedere\u201d.<br \/>\nNoi de exemplu, \u201ebatem mult\u0103 moned\u0103\u201d pe faptul c\u0103 suntem<strong> \u201eburicul p\u0103m\u00e2ntului\u201d<\/strong>&#8230; <strong>\u201ematricea originar\u0103\u201d<\/strong>&#8230; <strong>\u201epunctul Zero al Torului\u201d<\/strong>&#8230; <strong>\u201eOsia Lumii\u201d !<\/strong><br \/>\n<em>Urm\u0103rind cu aten\u0163ie simbologiile acestui film, ve\u0163i nota &#8230;<strong> vechi simboluri dacice !!!<\/strong><\/em><br \/>\nVe\u0163i lua cuno\u015ftin\u0163\u0103 de<strong> geniul<\/strong><em> unuia de un s\u00e2nge cu noi<\/em>&#8230;<strong> Nicolae Teslea <\/strong>!!!<br \/>\n\u015ei \u00een acest film se vorbe\u015fte de o <strong>\u201ere\u00eentoarcere pe proprii pa\u015fi ai omenirii\u201d<\/strong>, de <strong>\u201evalorile originare\u201d<\/strong>, de \u00een\u0163elegerea <em><strong>Universalit\u0103\u0163ii Legilor Naturale ce se aplic\u0103 de la micro la macro-cosmos.<\/strong><\/em><br \/>\n<span style=\"text-decoration: underline;\"><em>Toate punctele noastre de vedere apropos de BANI, PUTERE, FINAN\u0162\u0102, B\u0102NCI, FUTIL, ENERGIE, RESURSE, AMBIENT, ECONOMIE, POLITIC\u0102, S\u0102N\u0102TATE, EDUCA\u0162IE,\u00a0 etc. se reg\u0103sesc \u00een acest film, ca dovad\u0103 c\u0103 noi nu suntem UTOPI\u015eTI, ci mai degrab\u0103&#8230; REALI\u015eTI ! <\/em><\/span><br \/>\nCeea ce propag\u0103 acest film, este sigur mai \u201eartistic\u201d, noi fiind poate mai&#8230; ciobani !<br \/>\n<strong><em>\u00cen \u00eencheiere, vreau s\u0103 reafirm convingerea mea c\u0103 Dacia are posibilit\u0103\u0163i majore de implementare a unei NOI PARADIGME, deoarece SISTEMUL este \u201edebil\u201d, muribund pe plan mondial&#8230; nu a avut \u201etimpul material necesar implement\u0103rii\u201d, iar noi avem \u201eexperien\u0163e sociale diverse\u201d&#8230; suntem \u201ematricea originar\u0103\u201d \u015fi putem s\u0103 demonstr\u0103m acest fapt.<\/em><\/strong><br \/>\n<strong>Rom\u00e2nia<\/strong> nu va deveni niciodat\u0103 o <strong>PUTERE ECONOMIC\u0102<\/strong>, dar avem <em>\u201ec\u0103r\u0163ile \u00een regul\u0103\u201d<\/em> ca s\u0103 fim o <strong>PUTERE SPIRITUAL\u0102<\/strong>, a\u015fa cum au afirmat \u015fi diver\u015fi <em>profe\u0163i<\/em>.<br \/>\n<span style=\"text-decoration: underline;\"><strong>Numai a\u015fa vor ajunge \u015fi rom\u00e2nii din jurul Rom\u00e2niei s\u0103 fie m\u00e2ndri de a fi rom\u00e2ni&#8230; \u015fi cine \u015ftie dac\u0103 sub o form\u0103 sau alta, nu se vor uni ca \u201epe vremuri\u201d \u00een&#8230; DACIA !?!?<\/strong><\/span><br \/>\nVizionare pl\u0103cut\u0103 \u015fi&#8230; atent\u0103 !<\/p>\n","protected":false},"excerpt":{"rendered":"<p>Am vizionat la sugestia unui amic filmul PROSPERA, pe care \u00eel pute\u0163i vedea sub-titrat \u00een rom\u00e2ne\u015fte aici : Prospera from Ovidiu D on Vimeo. Pu\u0163inele persoane ce au citit \u015fi vizionat toate materialele propuse la grupul Facebook \u201eMi\u015fcarea Virtual\u0103 Dacia\u201d, \u00ee\u015fi vor da imediat seama c\u0103, \u00een alte coordonate geografice, exist\u0103 oameni care g\u00e2ndesc la [&hellip;]<\/p>\n","protected":false},"author":2,"featured_media":0,"comment_status":"open","ping_status":"open","sticky":false,"template":"","format":"standard","meta":{"footnotes":""},"categories":[73],"tags":[45,210,755,756,757],"jetpack_featured_media_url":"","_links":{"self":[{"href":"https:\/\/bassdu.mine.bz\/index.php?rest_route=\/wp\/v2\/posts\/1976"}],"collection":[{"href":"https:\/\/bassdu.mine.bz\/index.php?rest_route=\/wp\/v2\/posts"}],"about":[{"href":"https:\/\/bassdu.mine.bz\/index.php?rest_route=\/wp\/v2\/types\/post"}],"author":[{"embeddable":true,"href":"https:\/\/bassdu.mine.bz\/index.php?rest_route=\/wp\/v2\/users\/2"}],"replies":[{"embeddable":true,"href":"https:\/\/bassdu.mine.bz\/index.php?rest_route=%2Fwp%2Fv2%2Fcomments&post=1976"}],"version-history":[{"count":3,"href":"https:\/\/bassdu.mine.bz\/index.php?rest_route=\/wp\/v2\/posts\/1976\/revisions"}],"predecessor-version":[{"id":1978,"href":"https:\/\/bassdu.mine.bz\/index.php?rest_route=\/wp\/v2\/posts\/1976\/revisions\/1978"}],"wp:attachment":[{"href":"https:\/\/bassdu.mine.bz\/index.php?rest_route=%2Fwp%2Fv2%2Fmedia&parent=1976"}],"wp:term":[{"taxonomy":"category","embeddable":true,"href":"https:\/\/bassdu.mine.bz\/index.php?rest_route=%2Fwp%2Fv2%2Fcategories&post=1976"},{"taxonomy":"post_tag","embeddable":true,"href":"https:\/\/bassdu.mine.bz\/index.php?rest_route=%2Fwp%2Fv2%2Ftags&post=1976"}],"curies":[{"name":"wp","href":"https:\/\/api.w.org\/{rel}","templated":true}]}}