{"id":1987,"date":"2011-12-03T22:01:13","date_gmt":"2011-12-03T21:01:13","guid":{"rendered":"http:\/\/bassdu.mine.nu\/?p=1987"},"modified":"2011-12-03T22:04:09","modified_gmt":"2011-12-03T21:04:09","slug":"avem-si-noi-un-monument-al-holocaustului-2","status":"publish","type":"post","link":"https:\/\/bassdu.mine.bz\/?p=1987","title":{"rendered":"Avem \u015fi noi un Monument al Holocaustului !"},"content":{"rendered":"<p>A\u0163i c\u0103zut din nori ?<br \/>\nNu \u015ftia\u0163i de existen\u0163a lui ?<\/p>\n<div id=\"attachment_1988\" style=\"width: 235px\" class=\"wp-caption aligncenter\"><a href=\"http:\/\/bassdu.mine.nu\/images\/2011\/12\/SNC000151.jpg\"><img loading=\"lazy\" decoding=\"async\" aria-describedby=\"caption-attachment-1988\" class=\"size-medium wp-image-1988\" title=\"SNC00015\" src=\"http:\/\/bassdu.mine.nu\/images\/2011\/12\/SNC000151-e1322943238157-225x300.jpg\" alt=\"\" width=\"225\" height=\"300\" srcset=\"https:\/\/bassdu.mine.bz\/images\/2011\/12\/SNC000151-e1322943238157-225x300.jpg 225w, https:\/\/bassdu.mine.bz\/images\/2011\/12\/SNC000151-e1322943238157-768x1024.jpg 768w, https:\/\/bassdu.mine.bz\/images\/2011\/12\/SNC000151-e1322943238157.jpg 1920w\" sizes=\"(max-width: 225px) 100vw, 225px\" \/><\/a><p id=\"caption-attachment-1988\" class=\"wp-caption-text\">Columna ... dacilor<\/p><\/div>\n<p>\u00cen fa\u0163a COLUMNEI LUI TRAIAN, din inima Forului Imperial din Roma, nu am avut un \u201esentiment de m\u00e2ndrie\u201d, a\u015fa cum se obi\u015fnuie\u015fte \u00een masa de turi\u015fti, sau emigran\u0163i din &#8230; DACIA.<br \/>\nMie mi-au izvor\u00e2t lacrimile, deoarece acest Monument (\u201e\u00eensu\u015fit\u201d ca de obicei de &#8230; al\u0163ii!?), este \u201eproba probat\u0103\u201d a unui masacru (chiar dac\u0103 nu total, cum le-ar \u201eplace\u201d unora), ale c\u0103rui victime sunt &#8230; \u00eenainta\u015fii mei !<br \/>\nV-a\u0163i \u00eentrebat vreodat\u0103 de ce este Forumul Imperial at\u00e2t de \u201eplin de traco-geto-daci\u201d ???<\/p>\n<p><div id=\"attachment_1989\" style=\"width: 310px\" class=\"wp-caption aligncenter\"><a href=\"http:\/\/bassdu.mine.nu\/images\/2011\/12\/9h8hy98h9.jpg\"><img loading=\"lazy\" decoding=\"async\" aria-describedby=\"caption-attachment-1989\" class=\"size-medium wp-image-1989\" title=\"[9h8hy[98h[9\" src=\"http:\/\/bassdu.mine.nu\/images\/2011\/12\/9h8hy98h9-300x252.jpg\" alt=\"\" width=\"300\" height=\"252\" srcset=\"https:\/\/bassdu.mine.bz\/images\/2011\/12\/9h8hy98h9-300x252.jpg 300w, https:\/\/bassdu.mine.bz\/images\/2011\/12\/9h8hy98h9.jpg 640w\" sizes=\"(max-width: 300px) 100vw, 300px\" \/><\/a><p id=\"caption-attachment-1989\" class=\"wp-caption-text\">Arcul lui Constantin dacul<\/p><\/div>De ce exist\u0103 sute de statui de maiestuo\u015fi \u201esclavi (?) daci\u201d r\u0103sp\u00e2ndite \u00een toate marile Muzee ale Lumii ???<\/p>\n<div id=\"attachment_1990\" style=\"width: 235px\" class=\"wp-caption aligncenter\"><a href=\"http:\/\/bassdu.mine.nu\/images\/2011\/12\/statuie-dac2.jpg\"><img loading=\"lazy\" decoding=\"async\" aria-describedby=\"caption-attachment-1990\" class=\"size-medium wp-image-1990\" title=\"statuie-dac2\" src=\"http:\/\/bassdu.mine.nu\/images\/2011\/12\/statuie-dac2-225x300.jpg\" alt=\"\" width=\"225\" height=\"300\" srcset=\"https:\/\/bassdu.mine.bz\/images\/2011\/12\/statuie-dac2-225x300.jpg 225w, https:\/\/bassdu.mine.bz\/images\/2011\/12\/statuie-dac2.jpg 480w\" sizes=\"(max-width: 225px) 100vw, 225px\" \/><\/a><p id=\"caption-attachment-1990\" class=\"wp-caption-text\"> acesta nu este sclav \u015fi nici barbar !<\/p><\/div>\n<p>R\u0103spunsul este simplu : deoarece Dacia era o mare putere a timpului respectiv&#8230; mai mare dec\u00e2t oricare alta, at\u00e2t din punct de vedere al popula\u0163iei\u00a0 (vezi Herodot), c\u00e2t \u015fi &#8230; SPIRITUAL !!! Pu\u0163ini \u015ftiu c\u0103 Mitraismul a a ajuns la Roma dup\u0103 cucerirea Daciei. Nu cumva Zalmoxianismul era \u201eceva anterior Mitraismului\u201d, sau poate o \u201edenumire local\u0103 \u015fi primordial\u0103\u201d a acestei vechi \u201ereligii\u201d !? Se \u015ftie c\u0103 exist\u0103 nenum\u0103ra\u0163i sus\u0163in\u0103tori ai teoriei c\u0103 Mitraismul este precursorul Cre\u015ftinismului. Iat\u0103 de ce se obi\u015fnuie\u015fte s\u0103 se spun\u0103 c\u0103 dacii erau cre\u015ftini \u00eenainte de&#8230; Cristos !<br \/>\nEu sugerez tuturor s\u0103 aprind\u0103 o lum\u00e2nare (Focul Viu), c\u00e2nd se vor g\u0103si \u00een fa\u0163a celui mai important Monument Comemorativ al Neamului nostru ! &#8230; sau eventual s\u0103 strige \u00een gura mare : DACIA LIBER\u0102 !<object width=\"420\" height=\"315\"><param name=\"movie\" value=\"http:\/\/www.youtube.com\/v\/38LnYlNAWN0?version=3&amp;hl=ro_RO&amp;rel=0\"><\/param><param name=\"allowFullScreen\" value=\"true\"><\/param><param name=\"allowscriptaccess\" value=\"always\"><\/param><\/object><br \/>\nA\u015fa v\u0103 ve\u0163i deosebi de ceilal\u0163i turi\u015fti, sau de rom\u00e2nii nedemni de a fi urma\u015fi ai dacilor !&#8230; pentru c\u0103 pe ei \u201enu-i doare sufletul\u201d !!!<\/p>\n","protected":false},"excerpt":{"rendered":"<p>A\u0163i c\u0103zut din nori ? Nu \u015ftia\u0163i de existen\u0163a lui ? \u00cen fa\u0163a COLUMNEI LUI TRAIAN, din inima Forului Imperial din Roma, nu am avut un \u201esentiment de m\u00e2ndrie\u201d, a\u015fa cum se obi\u015fnuie\u015fte \u00een masa de turi\u015fti, sau emigran\u0163i din &#8230; DACIA. Mie mi-au izvor\u00e2t lacrimile, deoarece acest Monument (\u201e\u00eensu\u015fit\u201d ca de obicei de &#8230; [&hellip;]<\/p>\n","protected":false},"author":2,"featured_media":0,"comment_status":"open","ping_status":"open","sticky":false,"template":"","format":"standard","meta":{"footnotes":""},"categories":[88,1],"tags":[284,758,210,211,297],"jetpack_featured_media_url":"","_links":{"self":[{"href":"https:\/\/bassdu.mine.bz\/index.php?rest_route=\/wp\/v2\/posts\/1987"}],"collection":[{"href":"https:\/\/bassdu.mine.bz\/index.php?rest_route=\/wp\/v2\/posts"}],"about":[{"href":"https:\/\/bassdu.mine.bz\/index.php?rest_route=\/wp\/v2\/types\/post"}],"author":[{"embeddable":true,"href":"https:\/\/bassdu.mine.bz\/index.php?rest_route=\/wp\/v2\/users\/2"}],"replies":[{"embeddable":true,"href":"https:\/\/bassdu.mine.bz\/index.php?rest_route=%2Fwp%2Fv2%2Fcomments&post=1987"}],"version-history":[{"count":7,"href":"https:\/\/bassdu.mine.bz\/index.php?rest_route=\/wp\/v2\/posts\/1987\/revisions"}],"predecessor-version":[{"id":1997,"href":"https:\/\/bassdu.mine.bz\/index.php?rest_route=\/wp\/v2\/posts\/1987\/revisions\/1997"}],"wp:attachment":[{"href":"https:\/\/bassdu.mine.bz\/index.php?rest_route=%2Fwp%2Fv2%2Fmedia&parent=1987"}],"wp:term":[{"taxonomy":"category","embeddable":true,"href":"https:\/\/bassdu.mine.bz\/index.php?rest_route=%2Fwp%2Fv2%2Fcategories&post=1987"},{"taxonomy":"post_tag","embeddable":true,"href":"https:\/\/bassdu.mine.bz\/index.php?rest_route=%2Fwp%2Fv2%2Ftags&post=1987"}],"curies":[{"name":"wp","href":"https:\/\/api.w.org\/{rel}","templated":true}]}}