{"id":2029,"date":"2012-01-09T23:13:22","date_gmt":"2012-01-09T22:13:22","guid":{"rendered":"http:\/\/bassdu.mine.nu\/?p=2029"},"modified":"2012-01-09T23:16:48","modified_gmt":"2012-01-09T22:16:48","slug":"%e2%80%9emiscarea-dacia%e2%80%9d-si-%e2%80%9epartidul-poporului-legea-cojocaru%e2%80%9d","status":"publish","type":"post","link":"https:\/\/bassdu.mine.bz\/?p=2029","title":{"rendered":"\u201eMi\u015fcarea Dacia\u201d \u015fi&#8230; \u201ePartidul Poporului-Legea Cojocaru\u201d"},"content":{"rendered":"<p>A\u015fa dup\u0103 cum am anticipat, pe 28 Decembrie 2011 \u015fi pe 04 Ianuarie 2012, am avut consult\u0103ri la Bucure\u015fti cu d-l Constantin Cojocaru, pre\u015fedintele Partidului Poporului &#8211; Legea Cojocaru.<br \/>\nAceste \u00eent\u00e2lniri au fost facilitate de prezen\u0163a ambelor forma\u0163iuni pe portalul \u201eUniversul Rom\u00e2nesc\u201d.<br \/>\nAduc la cuno\u015ftin\u0163a celor interesa\u0163i, c\u0103 PP-LC a depus deja 30.000 de semn\u0103turi ale sus\u0163in\u0103torilor, pentru a putea participa la urm\u0103toarele alegeri.<\/p>\n<p>&nbsp;<\/p>\n<p><a href=\"http:\/\/bassdu.mine.nu\/images\/2012\/01\/SNC00912.jpg\"><img loading=\"lazy\" decoding=\"async\" class=\"aligncenter size-medium wp-image-2030\" title=\"\u00cent\u00e2lnirea din 28 Decembrie 2011\" src=\"http:\/\/bassdu.mine.nu\/images\/2012\/01\/SNC00912-300x225.jpg\" alt=\"\u00cent\u00e2lnirea din 28 Decembrie 2011\" width=\"300\" height=\"225\" srcset=\"https:\/\/bassdu.mine.bz\/images\/2012\/01\/SNC00912-300x225.jpg 300w, https:\/\/bassdu.mine.bz\/images\/2012\/01\/SNC00912-1024x768.jpg 1024w\" sizes=\"(max-width: 300px) 100vw, 300px\" \/><\/a><\/p>\n<p>Prima \u00eent\u00e2lnire<\/p>\n<p>&nbsp;<\/p>\n<p>Motivele pentru care am luat \u00een considera\u0163ie o eventual\u0103 alian\u0163\u0103 cu aceast\u0103 nou\u0103 forma\u0163iune politic\u0103, sunt urm\u0103toarele obiective comune \u015fi considera\u0163ii:<br \/>\n&#8211; Redistribuirea Avu\u0163iei Na\u0163ionale, \u00eensu\u015fite \u00een mod samavolnic de actuala clas\u0103 politic\u0103.<br \/>\n&#8211; Principiul tax\u0103rii progresive a veniturilor.<br \/>\n&#8211; Legea controlului averilor ilicite.<br \/>\n&#8211; Eliminarea de la conducerea treburilor statului, a tuturor partidelor de extrac\u0163ie FSN-ist\u0103, vinovate de dezastrul actual.<br \/>\n&#8211; Cultivarea Solidarit\u0103\u0163ii Sociale ca adev\u0103rat\u0103 Valoare.<br \/>\n&#8211; Necesitatea \u00eent\u0103ririi Statului, pentru a putea r\u0103spunde mai bine exigen\u0163elor cet\u0103\u0163enilor.<br \/>\n&#8211; \u0162in\u00e2nd cont de incapacitatea Mi\u015fc\u0103rii Dacia de a trece \u00een timp util la str\u00e2ngerea celor 25.000 de semn\u0103turi necesare \u00eenscrierii, am considerat oportun s\u0103 nu r\u0103m\u00e2nem \u00een afara luptei electorale din acest an \u015fi s\u0103 ne aliem cu to\u0163i aceia care au idei apropiate alor noastre \u015fi nu sunt deja compromi\u015fi.<br \/>\n&#8211; PP-LC este oricum din \u201eafara sistemului\u201d, exist\u00e2nd bune premise ca s\u0103 g\u0103sim o \u201ecale de mijloc\u201d.<br \/>\n&#8211; Inten\u0163ia noastr\u0103 este aceea de a sprijini orice form\u0103 de agregare, menit\u0103 s\u0103 dea na\u015ftere unei for\u0163e politice de tip nou.<br \/>\n&#8211; Suntem disponibili la un proces dialectic, \u00een urma c\u0103ruia s\u0103 rezulte o Nou\u0103 Paradigm\u0103.<\/p>\n<div id=\"attachment_2036\" style=\"width: 310px\" class=\"wp-caption aligncenter\"><a href=\"http:\/\/bassdu.mine.nu\/images\/2012\/01\/SNC009161.jpg\"><img loading=\"lazy\" decoding=\"async\" aria-describedby=\"caption-attachment-2036\" class=\"size-medium wp-image-2036\" title=\"A doua \u00eent\u00e2lnire\" src=\"http:\/\/bassdu.mine.nu\/images\/2012\/01\/SNC009161-300x225.jpg\" alt=\"A doua \u00eent\u00e2lnire\" width=\"300\" height=\"225\" srcset=\"https:\/\/bassdu.mine.bz\/images\/2012\/01\/SNC009161-300x225.jpg 300w, https:\/\/bassdu.mine.bz\/images\/2012\/01\/SNC009161-1024x768.jpg 1024w\" sizes=\"(max-width: 300px) 100vw, 300px\" \/><\/a><p id=\"caption-attachment-2036\" class=\"wp-caption-text\">A doua \u00eent\u00e2lnire<\/p><\/div>\n<p>&nbsp;<\/p>\n<p>\u00cen urma celor aproape 3 ore de discu\u0163ii, ne-am informat reciproc despre concep\u0163iile noastre politice, sociale \u015fi economice.<br \/>\nTrebuie spus de la bun \u00eenceput, c\u0103 principala deosebire \u00eentre MD \u015fi PP-LC, const\u0103 \u00een \u00eencrederea total divers\u0103 acordat\u0103 actualului sistem capitalist-liberal.<br \/>\nS-a convenit ca s\u0103 favoriz\u0103m un dialog permanent pe aceast\u0103 tem\u0103, urm\u00e2nd ca timpul s\u0103 arate cine este mai aproape de adev\u0103r \u015fi s\u0103 ac\u0163ion\u0103m \u00een func\u0163ie de circumstan\u0163e.<br \/>\n\u00cen cadrul discu\u0163iilor, am sugerat d-lui C.Cojocaru s\u0103-\u015fi manifeste public disponibilitatea la implicarea \u00een afara MD, \u015fi a altor grupuri de socializare cu caracter politic de pe Net, PP-LC put\u00e2nd deveni astfel un \u201epunct de agregare\u201d. Bine\u00een\u0163eles c\u0103 adeziunea acestora va implica \u015fi deschiderea c\u0103tre noi Principii \u015fi Obiective, precum \u015fi reprezentarea lor \u00een forurile legislative.<br \/>\nAm sugerat deasemenea, renun\u0163area la populismul ce eman\u0103 dintr-o lege, ce sigur nu va fi acceptat\u0103 \u00een contextul interna\u0163ional \u00een care se afl\u0103 azi Rom\u00e2nia, ba chiar \u015fi din denumirea ce mi se pare &#8230; restrictiv\u0103 \u015fi prea&#8230; personalizat\u0103. D-l Cojocaru s-a ar\u0103tat dispus la evolu\u0163ii pe aceste teme.<br \/>\nAm propus deasemenea o mai mare aten\u0163ie problemelor de Mediu, Resurse Epuizabile, Globalizare, Educa\u0163ie, S\u0103n\u0103tate, \u015fi tot ce mai avem noi \u015fi numai noi printre Principii \u015fi Obiective.<br \/>\nD-l C.Cojocaru s-a ar\u0103tat dispus la un dialog serios pe aceste teme, ceea ce ne d\u0103 mari speran\u0163e pentru viitor.<br \/>\nEste evident c\u0103 suntem doar la \u00eenceputul unei colabor\u0103ri, urm\u00e2nd s\u0103 ne prob\u0103m compatibilitatea ideologic\u0103, \u00een timpul ce ne-a mai r\u0103mas p\u00e2n\u0103 la Alegeri.<br \/>\nO s\u0103 v\u0103 \u0163in la curent cu evolu\u0163iile viitoare, urm\u00e2nd ca \u00een timp util, s\u0103 facem aderen\u0163ilor la \u201eMi\u015fcarea Dacia\u201d&#8230; \u201erecomand\u0103rile de vot\u201d.<\/p>\n","protected":false},"excerpt":{"rendered":"<p>A\u015fa dup\u0103 cum am anticipat, pe 28 Decembrie 2011 \u015fi pe 04 Ianuarie 2012, am avut consult\u0103ri la Bucure\u015fti cu d-l Constantin Cojocaru, pre\u015fedintele Partidului Poporului &#8211; Legea Cojocaru. Aceste \u00eent\u00e2lniri au fost facilitate de prezen\u0163a ambelor forma\u0163iuni pe portalul \u201eUniversul Rom\u00e2nesc\u201d. Aduc la cuno\u015ftin\u0163a celor interesa\u0163i, c\u0103 PP-LC a depus deja 30.000 de semn\u0103turi [&hellip;]<\/p>\n","protected":false},"author":2,"featured_media":0,"comment_status":"open","ping_status":"open","sticky":false,"template":"","format":"standard","meta":{"footnotes":""},"categories":[73],"tags":[685,772,210,771,773],"jetpack_featured_media_url":"","_links":{"self":[{"href":"https:\/\/bassdu.mine.bz\/index.php?rest_route=\/wp\/v2\/posts\/2029"}],"collection":[{"href":"https:\/\/bassdu.mine.bz\/index.php?rest_route=\/wp\/v2\/posts"}],"about":[{"href":"https:\/\/bassdu.mine.bz\/index.php?rest_route=\/wp\/v2\/types\/post"}],"author":[{"embeddable":true,"href":"https:\/\/bassdu.mine.bz\/index.php?rest_route=\/wp\/v2\/users\/2"}],"replies":[{"embeddable":true,"href":"https:\/\/bassdu.mine.bz\/index.php?rest_route=%2Fwp%2Fv2%2Fcomments&post=2029"}],"version-history":[{"count":4,"href":"https:\/\/bassdu.mine.bz\/index.php?rest_route=\/wp\/v2\/posts\/2029\/revisions"}],"predecessor-version":[{"id":2039,"href":"https:\/\/bassdu.mine.bz\/index.php?rest_route=\/wp\/v2\/posts\/2029\/revisions\/2039"}],"wp:attachment":[{"href":"https:\/\/bassdu.mine.bz\/index.php?rest_route=%2Fwp%2Fv2%2Fmedia&parent=2029"}],"wp:term":[{"taxonomy":"category","embeddable":true,"href":"https:\/\/bassdu.mine.bz\/index.php?rest_route=%2Fwp%2Fv2%2Fcategories&post=2029"},{"taxonomy":"post_tag","embeddable":true,"href":"https:\/\/bassdu.mine.bz\/index.php?rest_route=%2Fwp%2Fv2%2Ftags&post=2029"}],"curies":[{"name":"wp","href":"https:\/\/api.w.org\/{rel}","templated":true}]}}