{"id":2041,"date":"2012-01-15T00:43:13","date_gmt":"2012-01-14T23:43:13","guid":{"rendered":"http:\/\/bassdu.mine.nu\/?p=2041"},"modified":"2012-01-15T00:43:13","modified_gmt":"2012-01-14T23:43:13","slug":"apel-2","status":"publish","type":"post","link":"https:\/\/bassdu.mine.bz\/?p=2041","title":{"rendered":"APEL"},"content":{"rendered":"<p><strong>pentru convergen\u0163a tuturor celor ce doresc o Mare Schimbare \u00een Rom\u00e2nia<\/strong><\/p>\n<p>Acest APEL este determinat de :<\/p>\n<p><em>1. Situa\u0163ia catastrofal\u0103 \u00een care se g\u0103se\u015fte azi Rom\u00e2nia.<\/em><br \/>\n<em> 2. Criza Sistemic\u0103 ce afecteaz\u0103 \u00eentreaga Lume.<\/em><br \/>\n<em> 3. Lipsa unei abord\u0103ri serioase de c\u0103tre clasa politic\u0103 rom\u00e2neasc\u0103, a problematicilor majore actuale.<\/em><br \/>\n<em> 4. Incapacitatea ideologiilor cunoscute de a da r\u0103spunsuri concrete problemelor inedite ale zilelor noastre.<\/em><br \/>\n<em> 5. Z\u00e2zania practicat\u0103 de partidele politice actuale, cu scopul de a diviza pentru a-\u015fi men\u0163ine Puterea (divide et impera!).<\/em><br \/>\n<em> 6. Necesitatea trecerii de la o CRE\u015eTERE NESUSTENABIL\u0102 la o DEZVOLTARE SUSTENABIL\u0102.<\/em><br \/>\n<em> 7. Recunoa\u015fterea eviden\u0163ei c\u0103 RESURSELE SUNT EPUIZABILE.<\/em><br \/>\n<em> 8. IMPACTUL AMBIENTAL al cre\u015fterii nesustenabile ce devine pe zi ce trece tot mai \u201ef\u0103r\u0103 \u00eentoarcere\u201d.<\/em><br \/>\n<em> 9. CRIZA MORAL\u0102 SISTEMIC\u0102 ce se agraveaz\u0103 pe zi ce trece.<\/em><br \/>\n<em> 10. Trecerea acccelerat\u0103 a RESURSELOR MATERIALE \u015eI UMANE ale Rom\u00e2niei \u00een \u201em\u00e2ini str\u0103ine\u201d.<\/em><br \/>\n<em> 11. Pierderea tot mai rapid\u0103 a IDENTIT\u0102\u0162II NA\u0162IONALE sub presiune GLOBALIZ\u0102RII.<\/em><br \/>\n<em> 12. Necesitatea implement\u0103rii unui nou model socio-economic bazat pe COMPETEN\u0162\u0102, RESPONSABILITATE \u015fi MORALITATE.<\/em><\/p>\n<p>\u00cen aceast\u0103 situa\u0163ie,<strong> \u201eMi\u015fcarea Dacia\u201d<\/strong> propune creearea unui <strong>FORUM CET\u0102\u0162ENESC<\/strong>, deschis tuturor, indiferent de apartenen\u0163\u0103 sau simpatie politic\u0103, cu scopul de a prospecta \u015fi defini o <strong>NOU\u0102 PARADIGM\u0102 SOCIO-ECONOMIC\u0102<\/strong>. Partidele actuale \u00ee\u015fi pot desemna unul sau mai mul\u0163i reprezentan\u0163i, care s\u0103 participe la dezbateri, nu cu inten\u0163ia de a-\u015fi impune propriile \u015fi actualele idei, ci de a prospecta&#8230; altele de viitor, av\u00e2nd astfel oportunitatea de a-\u015fi \u201e\u00eembun\u0103t\u0103\u0163i actuala imagine\u201d.<br \/>\n<strong>Apelul este adresat tuturor partidelor, grupurilor de socializare pe Net, bloggerilor, indivizilor cu diverse COMPETEN\u0162E, etc. \u015fi are ca principiu de baz\u0103 realizarea UNIT\u0102\u0162II DE AC\u0162IUNE A NEAMULUI \u00een fa\u0163a sfidelor actuale. Acest PRINCIPIU DE UNITATE este NOUTATEA ABSOLUT\u0102 a acestei ini\u0163iative !!!<\/strong><br \/>\nMi\u015fcarea Dacia nu-\u015fi asum\u0103 niciun rol particular, \u015fi nu se va pune problema de LEADERSHIP, dec\u00e2t la finalizarea PROIECTULUI NOII PARADIGME !<br \/>\n<strong>Fiecare este invitat s\u0103-\u015fi propun\u0103 Principiile \u015fi Obiectivele, pentru a se g\u0103si apoi&#8230; NUMITORUL COMUN !<\/strong><br \/>\nScopul acestei ini\u0163iative, este acela de a crea o <strong>for\u0163\u0103 politic\u0103 nou\u0103<\/strong>, care s\u0103 c\u00e2\u015ftige viitoarele alegeri. Pare o exagerare, dar dac\u0103 nu ne propunem asta, atunci ce ne putem propune ???<\/p>\n<p>Pentru a se declara inten\u0163ia de participare la acest FORUM CET\u0102\u0162ENESC, propun contactarea administratorului grupului Facebook <strong>\u201eMi\u015fcarea Virtual\u0103 Dacia\u201d<\/strong> la : https:\/\/www.facebook.com\/groups\/141387601036\/, sau la http:\/\/www.romenoinitalia.eu , precum \u015fi la adresa e-mail : gioteava@hotmail.it .<\/p>\n<p>De asemenea se poate contacta \u00een Bucure\u015fti <strong>d-l Constantin Cojocaru<\/strong> la tel : 0766.511.920; 0744.596.179; 0726.561.114 , precum \u015fi pe blogul PP-LC la : http:\/\/www.variantacojocaru.ro\/.<\/p>\n<p>Din c\u00e2te am \u00een\u0163eles, grupul Facebook \u201e<strong>Mi\u015fcarea Euro-Civic\u0103 Rom\u00e2n\u0103<\/strong>\u201d \u015fi-a manifestat interesul pentru aceast\u0103 ini\u0163iativ\u0103, astfel c\u0103 se poate contacta \u015fi administra\u0163ia acestui grup la : https:\/\/www.facebook.com\/groups\/122656924479308\/ .<\/p>\n<p>Acestea sunt deocamdat\u0103 cele trei grup\u0103ri ce sprijin\u0103 aceast\u0103 ini\u0163iativ\u0103 \u015fi care se vor informa reciproc despre alte adeziuni. C\u00e2nd se va reu\u015fi agregarea unui num\u0103r important de participan\u0163i, se vor stabili timpii \u015fi modalit\u0103\u0163ile de \u00eent\u00e2lnire \u201eface to face\u201d, cu speran\u0163a ca acest lucru s\u0103 se petreac\u0103 c\u00e2t mai repede, deoarece \u201etimpul preseaz\u0103\u201d !!!<br \/>\nDifuza\u0163i acest APEL oriunde ave\u0163i posibilitatea, deoarece este singura ini\u0163iativ\u0103 serioas\u0103, ce poate schimba soarta viitoarelor Alegeri !!!<br \/>\nRedactorul acestui APEL, se auto-exclude de la orice func\u0163ie \u00een viitoarea for\u0163\u0103 politic\u0103, pentru a asigura participan\u0163ii c\u0103 nu exist\u0103 \u201einterese personale\u201d \u00een ini\u0163iativ\u0103.<\/p>\n","protected":false},"excerpt":{"rendered":"<p>pentru convergen\u0163a tuturor celor ce doresc o Mare Schimbare \u00een Rom\u00e2nia Acest APEL este determinat de : 1. Situa\u0163ia catastrofal\u0103 \u00een care se g\u0103se\u015fte azi Rom\u00e2nia. 2. Criza Sistemic\u0103 ce afecteaz\u0103 \u00eentreaga Lume. 3. Lipsa unei abord\u0103ri serioase de c\u0103tre clasa politic\u0103 rom\u00e2neasc\u0103, a problematicilor majore actuale. 4. Incapacitatea ideologiilor cunoscute de a da r\u0103spunsuri [&hellip;]<\/p>\n","protected":false},"author":2,"featured_media":0,"comment_status":"open","ping_status":"open","sticky":false,"template":"","format":"standard","meta":{"footnotes":""},"categories":[73,1],"tags":[772,210,774,114,698,771],"jetpack_featured_media_url":"","_links":{"self":[{"href":"https:\/\/bassdu.mine.bz\/index.php?rest_route=\/wp\/v2\/posts\/2041"}],"collection":[{"href":"https:\/\/bassdu.mine.bz\/index.php?rest_route=\/wp\/v2\/posts"}],"about":[{"href":"https:\/\/bassdu.mine.bz\/index.php?rest_route=\/wp\/v2\/types\/post"}],"author":[{"embeddable":true,"href":"https:\/\/bassdu.mine.bz\/index.php?rest_route=\/wp\/v2\/users\/2"}],"replies":[{"embeddable":true,"href":"https:\/\/bassdu.mine.bz\/index.php?rest_route=%2Fwp%2Fv2%2Fcomments&post=2041"}],"version-history":[{"count":3,"href":"https:\/\/bassdu.mine.bz\/index.php?rest_route=\/wp\/v2\/posts\/2041\/revisions"}],"predecessor-version":[{"id":2044,"href":"https:\/\/bassdu.mine.bz\/index.php?rest_route=\/wp\/v2\/posts\/2041\/revisions\/2044"}],"wp:attachment":[{"href":"https:\/\/bassdu.mine.bz\/index.php?rest_route=%2Fwp%2Fv2%2Fmedia&parent=2041"}],"wp:term":[{"taxonomy":"category","embeddable":true,"href":"https:\/\/bassdu.mine.bz\/index.php?rest_route=%2Fwp%2Fv2%2Fcategories&post=2041"},{"taxonomy":"post_tag","embeddable":true,"href":"https:\/\/bassdu.mine.bz\/index.php?rest_route=%2Fwp%2Fv2%2Ftags&post=2041"}],"curies":[{"name":"wp","href":"https:\/\/api.w.org\/{rel}","templated":true}]}}