{"id":2045,"date":"2012-01-29T12:30:58","date_gmt":"2012-01-29T11:30:58","guid":{"rendered":"http:\/\/bassdu.mine.nu\/?p=2045"},"modified":"2012-01-29T12:35:00","modified_gmt":"2012-01-29T11:35:00","slug":"coreea-de-nord","status":"publish","type":"post","link":"https:\/\/bassdu.mine.bz\/?p=2045","title":{"rendered":"Coreea de Nord ???"},"content":{"rendered":"<p><strong>Scrisoare c\u0103tre un prieten<\/strong><\/p>\n<p>Nu este nicio surpriz\u0103 pentru mine c\u0103 pe baza <em>cit\u0103rii trunchiate<\/em> a celor dou\u0103 concepturi (<strong>excluderea privatului \u015fi a societ\u0103\u0163ii civile<\/strong>), se trage imediat concluzia &#8230; <strong>Coreea de Nord !?<\/strong> \ud83d\ude42<br \/>\nEste reac\u0163ia tipic\u0103 a celor ce nu concep s\u0103 ias\u0103 din <strong>IPOCRIZIA SISTEMIC\u0102<\/strong>, care nu concep s\u0103 abordeze o <strong>NOU\u0102 PARADIGM\u0102<\/strong>, sau chiar &#8230; s\u0103 nu o priceap\u0103. Desigur c\u0103 ultima variant\u0103 nu se adice prietenului meu \u015fi \u00een general, \u00eel rog s\u0103 nu se simt\u0103 ofensat, deoarece DIALECTICA presupune \u015fi un \u201elimbaj forte\u201d pentru a fi c\u00e2t mai scurt\u0103 \u015fi sunt convins c\u0103 o s\u0103 m\u0103 \u00een\u0163eleag\u0103. Condi\u0163ia este \u201ecunoa\u015fterea c\u00e2t mai detaliat\u0103 a modelului socio-economic\u201d propus spre dezbatere de<strong> Mi\u015fcarea Dacia<\/strong>.<br \/>\n<em><strong>Pentru mine, Coreea de Nord sau SUA, tot acela\u015fi Sistem reprezint\u0103 !!!<\/strong><\/em><br \/>\n&#8230; un Sistem&#8230; multimilenar !!!&#8230; adus la \u201eperfec\u0163iune\u201d cu trecerea anilor, prin \u201ecizelarea manipul\u0103rii\u201d.<br \/>\n<em>Acest Sistem este caracterizat de PROPAGAREA ACTULUI DECIZIONAL DE SUS \u00ceN JOS, \u00een ciuda impresiei \u201esugerate\u201d de concepturi ca : democra\u0163ie, libertate, societate civil\u0103, reprezentativitate politic\u0103, multipartidism, etc. Pentru mine este evident c\u0103 \u201esupralicitarea\u201d acestor concepturi este o dovad\u0103 a &#8230; IPOCRIZIEI SISTEMICE !!!<\/em><br \/>\n<strong>Lumea a fost \u015fi va fi condus\u0103 (actul decizional) de&#8230; ELITE !<\/strong><br \/>\nCeea ce propune <strong>Mi\u015fcarea Dacia<\/strong>, este RENUN\u0162AREA LA IPOCRIZIE. \u00cen Rom\u00e2nia avem abundant peste 50% <strong>\u201emaneli\u015fti\u201d<\/strong>\u00a0politici, economici, culturali, sociali, etc., la fel ca \u015fi \u00een America, unde se folose\u015fte termenul&#8230;<strong> rednecks<\/strong>. Asta este o baz\u0103 pentru a imposta&#8230; <strong>DEMOCRA\u0162IA ???\u00a0<\/strong><br \/>\n<strong>LIBERTATEA<\/strong> este un alt concept <strong>DIFUZAT IPOCRIT<\/strong>, deoarece \u00een fapt, nu se concepe ca un PRINCIPIU DE BUN SIM\u0162 : <strong>\u201e\u201e\u201e\u201e\u201e\u201eLIBERTATEA UNUIA SE TERMIN\u0102 ACOLO UNDE \u00ceNCEPE LIBERTATEA ALTUIA !\u201d\u201d\u201d\u201d\u201d\u201d<\/strong>, ci se d\u0103 fr\u00e2u liber la interpretare, pentru a se putea folosi acest concept de c\u0103tre <strong>PUTERE<\/strong> ! Astfel se ajunge la logorarea conceptului, ceea ce conduce la \u201eabuzurile\u201d celor ce chem\u0103n DELINCVEN\u0162I COMUNI, a c\u0103ror libertate, doamne fere\u015fte s\u0103 o atingi, deoarece Sistemul le-a dat trei grade de judecat\u0103, pot recuza judec\u0103torii sau tribunalul, iar dac\u0103 au BANI, pot pl\u0103ti un bun avocat, care prin \u201etertipuri juridice\u201d \u00eel scot basma curat\u0103, sau ajung la&#8230; prescriere; dac\u0103 totu\u015fi \u201emerg \u00een\u0103untru\u201d, au \u201edreptul\u201d la TV, telefon, sex, ba chiar \u015fi \u201eeliber\u0103ri premiu temporare\u201d. Nomazii se pot \u201emi\u015fca liberi\u201d \u015fi doamne fere\u015fte s\u0103 zici ceva de ei !?&#8230; RASIST ! &#8230; nu conteaz\u0103 c\u0103 nu muncesc, c\u0103 cer\u015fesc, c\u0103 murd\u0103resc locuri de parcare, de\u015fi li se ofer\u0103 locuri special amenajate, etc. Asta este <strong>LIBERTATEA<\/strong> pentru care \u201esocietatea civil\u0103\u201d (<strong>ONG-uri<\/strong>) pap\u0103 bani de la <strong>State<\/strong>, care astfel <strong>arunc\u0103 responsabilitatea<\/strong> cu&#8230; abilitate !!!<br \/>\n<strong>C\u00e2t despre<em> EXCLUDEREA PRIVATULUI<\/em>, nic\u0103ieri nu vorbesc de acest lucru !!!<\/strong><br \/>\nAaaaa, c\u0103 privatul trebuie s\u0103 se supun\u0103 unor <strong>REGULI<\/strong>, sau <strong>INTERESULUI NA\u0162IONAL<\/strong>, asta&#8230;<strong> DA !!!<\/strong><br \/>\nP\u0103i este capabil PRIVATUL s\u0103 r\u0103spund\u0103 EXIGEN\u0162ELOR URGENTE, f\u0103r\u0103 REGULI, sau f\u0103r\u0103 o COORDONARE ??? Cine ne garanteaz\u0103 c\u0103 (de exemplu) agricultorii nu se pot ocupa to\u0163i de cultivarea cartofului ? O s\u0103 r\u0103spunde\u0163i : \u201ese va ocupa Pia\u0163a s\u0103 regleze\u201d. Da de ce s\u0103 n-o facem \u00eenainte de sem\u0103nat ?&#8230; de ce s\u0103 nu fie cineva care s\u0103 spun\u0103 : \u201eaici e nevoie de gr\u00e2u\u201d&#8230; sau cercet\u0103rile noastre asupra caracteristicilor terenului, indic\u0103 o bun\u0103 compatibilitate cu varza\u201d samd. !?!?<br \/>\nAcum o s\u0103 v\u0103 explic pe scurt <strong>MODELUL SOCIO-ECONOMIC<\/strong> pe care-l promoveaz\u0103 <strong>Mi\u015fcarea Dacia<\/strong> : Principiul fundamental este <strong>PROPAGAREA ACTULUI DECIZIONAL DE JOS \u00ceN SUS<\/strong>, deci INVERS dec\u00e2t conform <strong>VECHII PARADIGME<\/strong>. Noi concepem o <strong>LARG\u0102 AUTONOMIE LOCAL\u0102<\/strong>, deleg\u00e2nd adminstrarea treburilor comunit\u0103\u0163ii la forma organizativ\u0103 primar\u0103. Pe plan local va fi administrat\u0103 economia, s\u0103n\u0103tatea, justi\u0163ia, etc., conform conceptului pe care noi \u00eel numim&#8230;<strong> TRIBAL<\/strong>. Guvernul Local va fi numit de <strong>SFATUL LOCAL<\/strong> ales strict pe <strong>CRITERII DE COMPETEN\u0162\u0102<\/strong> de c\u0103tre cet\u0103\u0163eni. Urm\u0103toarea form\u0103 de ADMINISTRARE poate fi <strong>REGIUNEA<\/strong>, conceput\u0103 ca <strong>\u201ezon\u0103 de interes \u015fi preocup\u0103ri economice similare\u201d<\/strong> (<em>munte, ape, agricultur\u0103, industrie, turism, etc<\/em>.). <strong>Guvernul Regiunilo<\/strong>r va fi desemnat de <strong>SFATUL REGIONAL<\/strong>, ce urmeaz\u0103 a fi ales dintre reprezentan\u0163ii Sfaturilor Locale.\u00a0 Urmeaz\u0103 <strong>SFATUL \u0162\u0102RII<\/strong>, care va desemna <strong>DOMNUL \u0162\u0102RII<\/strong> din r\u00e2ndurile sale, precum \u015fi <strong>GUVERNUL NA\u0162IONAL<\/strong>.\u00cen acest model socio-economic, Puterea Legislativ\u0103 este a SFATURILOR, iar cea Administrativ\u0103 a GUVERNELOR. \u201eComunicarea\u201d se va face de la e\u015falon la e\u015falonul imediat \u00eenvecinat, strict pe baza preocup\u0103rilor specifice. Aceasta este o <strong>\u201eschem\u0103 cadru<\/strong>\u201d, care exclude : <strong>\u201ealegerile\u201d<\/strong> a\u015fa cum le cunoa\u015ftem azi, existen\u0163a <strong>\u201esociet\u0103\u0163ii civile<\/strong>\u201d a\u015fa cum o concepem azi \u015fi <strong>\u201epartidismul\u201d<\/strong> pe care-l consider\u0103m <strong>superfluu \u015fi d\u0103un\u0103tor<\/strong>, deoarece <strong>NOUA PARADIGM\u0102<\/strong> nu are la baz\u0103 <em><strong>CONCUREN\u0162A\/CONFRUNTAREA, ci&#8230; DIALECTICA.\u00a0<\/strong><\/em><br \/>\nDac\u0103 cineva identific\u0103 concep\u0163iile noastre cu cele ale comuni\u015ftilor nord-coreeni, desigur&#8230; gre\u015fe\u015fte !<\/p>\n<p>&nbsp;<\/p>\n","protected":false},"excerpt":{"rendered":"<p>Scrisoare c\u0103tre un prieten Nu este nicio surpriz\u0103 pentru mine c\u0103 pe baza cit\u0103rii trunchiate a celor dou\u0103 concepturi (excluderea privatului \u015fi a societ\u0103\u0163ii civile), se trage imediat concluzia &#8230; Coreea de Nord !? \ud83d\ude42 Este reac\u0163ia tipic\u0103 a celor ce nu concep s\u0103 ias\u0103 din IPOCRIZIA SISTEMIC\u0102, care nu concep s\u0103 abordeze o NOU\u0102 [&hellip;]<\/p>\n","protected":false},"author":2,"featured_media":0,"comment_status":"open","ping_status":"open","sticky":false,"template":"","format":"standard","meta":{"footnotes":""},"categories":[73],"tags":[779,209,777,44,210,698,776,778,459,775,277],"jetpack_featured_media_url":"","_links":{"self":[{"href":"https:\/\/bassdu.mine.bz\/index.php?rest_route=\/wp\/v2\/posts\/2045"}],"collection":[{"href":"https:\/\/bassdu.mine.bz\/index.php?rest_route=\/wp\/v2\/posts"}],"about":[{"href":"https:\/\/bassdu.mine.bz\/index.php?rest_route=\/wp\/v2\/types\/post"}],"author":[{"embeddable":true,"href":"https:\/\/bassdu.mine.bz\/index.php?rest_route=\/wp\/v2\/users\/2"}],"replies":[{"embeddable":true,"href":"https:\/\/bassdu.mine.bz\/index.php?rest_route=%2Fwp%2Fv2%2Fcomments&post=2045"}],"version-history":[{"count":2,"href":"https:\/\/bassdu.mine.bz\/index.php?rest_route=\/wp\/v2\/posts\/2045\/revisions"}],"predecessor-version":[{"id":2047,"href":"https:\/\/bassdu.mine.bz\/index.php?rest_route=\/wp\/v2\/posts\/2045\/revisions\/2047"}],"wp:attachment":[{"href":"https:\/\/bassdu.mine.bz\/index.php?rest_route=%2Fwp%2Fv2%2Fmedia&parent=2045"}],"wp:term":[{"taxonomy":"category","embeddable":true,"href":"https:\/\/bassdu.mine.bz\/index.php?rest_route=%2Fwp%2Fv2%2Fcategories&post=2045"},{"taxonomy":"post_tag","embeddable":true,"href":"https:\/\/bassdu.mine.bz\/index.php?rest_route=%2Fwp%2Fv2%2Ftags&post=2045"}],"curies":[{"name":"wp","href":"https:\/\/api.w.org\/{rel}","templated":true}]}}