{"id":2064,"date":"2012-02-13T10:21:19","date_gmt":"2012-02-13T09:21:19","guid":{"rendered":"http:\/\/bassdu.mine.nu\/?p=2064"},"modified":"2012-02-13T10:21:19","modified_gmt":"2012-02-13T09:21:19","slug":"despre-%e2%80%9eteorii-%e2%80%9enationalism-si-tineri","status":"publish","type":"post","link":"https:\/\/bassdu.mine.bz\/?p=2064","title":{"rendered":"Despre \u201eteorii\u201d, \u201eNa\u0163ionalism\u201d \u015fi&#8230; tineri"},"content":{"rendered":"<p>Noi nu vorbim nic\u0103ieri de Tofler, Marx, Foucault, \u015f.a., deoarece noi suntem CIOBANI care nu \u00eencerc\u0103m s\u0103 aplic\u0103m teorii, \u015ftiindu-se c\u0103 \u201eteoria ca teoria, dar practica ne omoar\u0103\u201d ! &#8230; p\u0103i ce s\u0103 \u015ftie Foucault de DEZVOLTAREA SUSTENABIL\u0102 ?&#8230; pe vremea lui eram mai pu\u0163in de un miliard \u015fi nu consumam petrol &#8230; despre Marx cu al lui \u201einterna\u0163ionalism\u201d ce s\u0103 mai zicem !?&#8230; noi suntem OAMENII P\u0102M\u00c2NTULUI, care vor s\u0103 implementeze &#8230; BUNUL SIM\u0162 MILENAR al unui POPOR STABIL \u015fi cu o puternic\u0103 IDENTITATE NA\u0162IONAL\u0102. Na\u0163ionalismul nostru se bazeaz\u0103 pe FIXAREA POPULA\u0162IEI \u00ceN CADRUL ORIGINAR&#8230; oprirea MI\u015eC\u0102RII BROWNIENE \u00een urm\u0103rirea FUTILULUI&#8230; maxim\u0103 AUTONOMIE LOOCAAL\u0102\u0102, ce s\u0103 mai zicem de AUTODETERMINAREA NA\u0162IONAL\u0102 !?!? P\u0103i cum s\u0103 lu\u0103m noi \u201emodele socio-economice\u201d \u015fi teorii de la popoare care nu au IDENTITATE NA\u0162IONAL\u0102, fiind pe fa\u0163a p\u0103m\u00e2ntului de 300 de ani ??? &#8230; ce teoreticieni puteau \u201eproduce\u201d ei ??? Noi trebuie s\u0103 ne \u00eentoarcem la LEGILE BELAGINE&#8230; LEGILE FRUMOASE&#8230; pe care SISTEMUL se chinuie de milenii s\u0103 le acopere cu mizeria PROFITULUI, CRE\u015eTERII NESUSTENABILE, COLONIALISMULUI, SCLAVAGISMULUI, IMPERIALISMULUI, FUTILULUI, FUNDAMENTALISMULUI, samd. Este adev\u0103rat c\u0103 ceea ce vrem noi este mai asem\u0103n\u0103tor COMUNEI PRIMITIVE, pe care noi o redefinim cu IDEILE noastre&#8230; COMUNA PRIMORDIAL\u0102, \u00een care omul nu este st\u0103p\u00e2nul Naturii, ci parte component\u0103&#8230; ba chiar FRAGIL\u0102 ! &#8230; \u015fi ca PARTE A NATURII, este foarte simplu s\u0103 implement\u0103m &#8230; MODELUL NATURAL. Mi\u015fcarea Dacia caut\u0103 OAMENI TINERI CITI\u0162I, deoarece este o condi\u0163ie a unei MIN\u0162I DESCHISE (OPEN MIND), dar nu este \u015fi suficient&#8230; noi cerem acestor tineri s\u0103 g\u00e2ndeasc\u0103 cu propriile c\u0103p\u0103\u0163\u00e2ni, s\u0103 ia act de ceea ce teoretizeaz\u0103 al\u0163ii, pentru a &#8230; CREEA&#8230; pentru a COMPLETA&#8230; pentru a ADAPTA, deoarece \u201eun pe\u015fte de ap\u0103 dulce, moare \u00een marea cea mare\u201d ! Na\u0163ionalismul nostru nu este ETNIC, UDRR fiind doar \u201eun r\u0103spuns\u201d la aberantul UDMR, ci pur \u015fi simplu avem ca motto : FIECARE ACAS\u0102 LA EL \u015eI DUP\u0102 LEGEA SA !!! C\u0103 STATELE HEGEMONICE nu ne vor l\u0103sa, fac o profe\u0163ie, spun\u00e2nd c\u0103 \u00een cur\u00e2nd vor avea at\u00e2tea probleme acas\u0103 la ei, c\u0103 nu vor mai avea timp de noi !!!&#8230; iar noi trebuie s\u0103 ne \u00eentoarcem \u00een \u201ealbia originar\u0103\u201d \u015fi sigur vom ajunge LIDERII SPIRITUALI AI LUMII, deoarece aceast\u0103 Lume \u201ea plecat\u201d din spa\u0163iul carpato-dun\u0103reano-pontic \u015fi LEGILE NATURII&#8230; LEGILE BELAGINE&#8230; LEGILE FRUMOASE , impun acest fenomen ! Nimeni s\u0103 nu \u00eencerce s\u0103 \u201e\u00eencadreze\u201d Mi\u015fcarea Dacia\u201d \u00een alte modele \u201efumate de Istorie\u201d, deoarece \u00eenseamn\u0103 c\u0103 nu a priceput ce vrem noi !!!<\/p>\n","protected":false},"excerpt":{"rendered":"<p>Noi nu vorbim nic\u0103ieri de Tofler, Marx, Foucault, \u015f.a., deoarece noi suntem CIOBANI care nu \u00eencerc\u0103m s\u0103 aplic\u0103m teorii, \u015ftiindu-se c\u0103 \u201eteoria ca teoria, dar practica ne omoar\u0103\u201d ! &#8230; p\u0103i ce s\u0103 \u015ftie Foucault de DEZVOLTAREA SUSTENABIL\u0102 ?&#8230; pe vremea lui eram mai pu\u0163in de un miliard \u015fi nu consumam petrol &#8230; despre Marx [&hellip;]<\/p>\n","protected":false},"author":2,"featured_media":0,"comment_status":"open","ping_status":"open","sticky":false,"template":"","format":"standard","meta":{"footnotes":""},"categories":[73],"tags":[790,210,151,698,789,38],"jetpack_featured_media_url":"","_links":{"self":[{"href":"https:\/\/bassdu.mine.bz\/index.php?rest_route=\/wp\/v2\/posts\/2064"}],"collection":[{"href":"https:\/\/bassdu.mine.bz\/index.php?rest_route=\/wp\/v2\/posts"}],"about":[{"href":"https:\/\/bassdu.mine.bz\/index.php?rest_route=\/wp\/v2\/types\/post"}],"author":[{"embeddable":true,"href":"https:\/\/bassdu.mine.bz\/index.php?rest_route=\/wp\/v2\/users\/2"}],"replies":[{"embeddable":true,"href":"https:\/\/bassdu.mine.bz\/index.php?rest_route=%2Fwp%2Fv2%2Fcomments&post=2064"}],"version-history":[{"count":1,"href":"https:\/\/bassdu.mine.bz\/index.php?rest_route=\/wp\/v2\/posts\/2064\/revisions"}],"predecessor-version":[{"id":2065,"href":"https:\/\/bassdu.mine.bz\/index.php?rest_route=\/wp\/v2\/posts\/2064\/revisions\/2065"}],"wp:attachment":[{"href":"https:\/\/bassdu.mine.bz\/index.php?rest_route=%2Fwp%2Fv2%2Fmedia&parent=2064"}],"wp:term":[{"taxonomy":"category","embeddable":true,"href":"https:\/\/bassdu.mine.bz\/index.php?rest_route=%2Fwp%2Fv2%2Fcategories&post=2064"},{"taxonomy":"post_tag","embeddable":true,"href":"https:\/\/bassdu.mine.bz\/index.php?rest_route=%2Fwp%2Fv2%2Ftags&post=2064"}],"curies":[{"name":"wp","href":"https:\/\/api.w.org\/{rel}","templated":true}]}}