{"id":2066,"date":"2012-02-19T21:58:22","date_gmt":"2012-02-19T20:58:22","guid":{"rendered":"http:\/\/bassdu.mine.nu\/?p=2066"},"modified":"2012-02-19T21:58:22","modified_gmt":"2012-02-19T20:58:22","slug":"important","status":"publish","type":"post","link":"https:\/\/bassdu.mine.bz\/?p=2066","title":{"rendered":"IMPORTANT !"},"content":{"rendered":"<p><strong>MESAJ IMPORTANT pentru aderen\u0163ii \u201eMi\u015fc\u0103rii Dacia\u201d!<\/strong><\/p>\n<p>\u0162in\u00e2nd cont c\u0103 :<br \/>\n1. &#8230; \u201eMi\u015fcarea Dacia\u201d reprezentat\u0103 pe Facebook de grupul \u201eMi\u015fcarea Virtual\u0103 Dacia\u201d a DEFINITIVAT \u00een mare parte Principiile \u015fi Obiectivele ce o c\u0103l\u0103uzesc \u015fi a \u00eentocmit un Manifest ce prezint\u0103 \u00een linii mari Tactica \u015fi Strategia pentru viitor.<br \/>\n2. &#8230; Peretele este o INVADAT de post\u0103ri care nu sunt \u00een sintonie cu Principiile, Obiectivele \u015fi Manifestul mi\u015fc\u0103rii.<br \/>\n3. &#8230; dup\u0103 mai bine de doi ani de existen\u0163\u0103, nu s-a atins un NUM\u0102R SUFICIENT de aderen\u0163i \u00een vederea unei ACTIVIT\u0102\u0162I POLITICE CONCRETE.<br \/>\n4. &#8230; Peretele mi\u015fc\u0103rii nu este altceva dec\u00e2t SPA\u0162IU DE PROPAGAND\u0102 , a unor diverse \u201ejurnale online\u201d, partide, partidule\u0163e \u015fi blogguri, care nu au catadicsit nici m\u0103car s\u0103 ne consemneze existen\u0163a \u015fi ceea ce ne caracterizeaz\u0103.<br \/>\n5. &#8230; mare parte dintre aderen\u0163i sunt INACTIVI la \u00eent\u00e2lnirile programate, sondaje, dezbateri, dar mai ales, NU SE INFORMEAZ\u0102 din Documentele noastre.<br \/>\n6. &#8230; nu am atras \u00een r\u00e2ndurile noastre suficiente COMPETEN\u0162E, f\u0103r\u0103 de care nu se poate concepe ACTUL GUVERN\u0102RII.<br \/>\n7. &#8230; o mi\u015fcare politic\u0103 se bazeaz\u0103 \u00een principal pe \u00ceMP\u0102RT\u0102\u015eIREA UNOR IDEALURI \u015fi pe DISCIPLIN\u0102.<\/p>\n<p>&#8230; urmeaz\u0103 s\u0103 :<br \/>\n1. &#8230; preiau (\u00een aceast\u0103 faz\u0103) \u00een calitate de administrator unic-fondator, posibilitatea deschiderii subiectelor de dezbatere.<br \/>\n2. &#8230; elimin treptat pe to\u0163i aceia care \u201enu se prezint\u0103 cu nume \u015fi prenume\u201d precum \u015fi pe aceia care nu prezint\u0103 suficiente date despre propria COMPETEN\u0162\u0102. Aceasta deoarece nu se poate dezbate cu ni\u015fte \u201epseudonime\u201d, sau cu persoane care nu au \u201evoce \u00een capitol\u201d. Asta nu \u00eenseamn\u0103 c\u0103 se face o discriminare, deoarece o mi\u015fcare politic\u0103 are nevoie \u015fi de \u201egenerali\u201d, dar \u015fi de \u201eo\u015fteni\u201d !&#8230; important este s\u0103 se fie con\u015ftien\u0163i de zicala : \u201eomul potrivit la locul potrivit\u201d.<br \/>\n3. &#8230; ies din toate celelalte grupuri, fiind eu un om \u00een activitate \u015fi neav\u00e2nd timpul material necesar unor activit\u0103\u0163i suplimentare. Rog pe aceast\u0103 cale pe cei ce sunt prezen\u0163i \u00een alte grupuri, s\u0103 popularizeze materialele noastre.<br \/>\n4. &#8230; o s\u0103 fac o selec\u0163ie a DOCUMENTELOR mi\u015fc\u0103rii, p\u0103str\u00e2nd ceea ce este mai edificator \u015fi propun\u00e2ndu-le pe r\u00e2nd spre dezbatere.<br \/>\n5. &#8230; suspend temporar pe to\u0163i administratorii actuali, men\u0163in\u00e2nd unul \u201ede maxim\u0103 \u00eencredere\u201d pentru a m\u0103 substitui c\u00e2nd lipsesc.<br \/>\n6. &#8230; preiau toate sugestiile de \u201esubiecte de dezbatere\u201d, ce-mi vor fi recomandate de aderen\u0163i prin \u201emesaj personal\u201d, cu condi\u0163ia s\u0103 fie conforme preocup\u0103rilor noastre.<br \/>\n7. &#8230; revenim la \u201enormalitate\u201d, imediat ce se va realiza o selec\u0163ie serioas\u0103.<\/p>\n<p>\u201eMi\u015fcarea Dacia\u201d merge \u00eenainte, propun\u00e2ndu-\u015fi ca PRIM OBIECTIV, ATINGEREA UNUI NUM\u0102R DE ADEREN\u0162I suficient pentru a intra \u00een \u201earena politic\u0103 na\u0163ional\u0103\u201d.<\/p>\n<p><strong>MESAJ IMPORTANT pentru aderen\u0163ii la Uniunea Democratic\u0103 a Rom\u00e2nilor din Rom\u00e2nia (UDRR)!<\/strong><\/p>\n<p>\u201eMi\u015fcarea Dacia\u201d reprezentat\u0103 pe Facebook de grupul \u201eMi\u015fcarea Virtual\u0103 Dacia\u201d, a luat prin administratorul s\u0103u fondator, adic\u0103 eu, ini\u0163iativa CONVERGEN\u0162EI tuturor FOR\u0162ELOR POLITICE ANTI-SISTEM, \u00een cadrul unei federa\u0163ii numite \u201eUniunea Democratic\u0103 a Rom\u00e2nilor din Rom\u00e2nia\u201d.<br \/>\n\u00cen acest scop, am invitat pe to\u0163i cei interesa\u0163i s\u0103 participe, numind chiar administratori UDRR, reprezentan\u0163i de v\u00e2rf ai diverselor grupuri \u015fi persoane active pe Net.<br \/>\nR\u0103spunsurile au fost variate : unii s-au retras deoarece \u201enu-\u015fi pot impune voin\u0163a\u201d \u00een grupurile lor, al\u0163ii \u201ese fac c\u0103 plou\u0103\u201d, iar al\u0163ii se coboar\u0103 p\u00e2n\u0103 \u00eentr-acolo \u00eenc\u00e2t conduc adev\u0103rate \u201eatacuri la persoana mea\u201d !?!?<br \/>\nTuturor acestora, le aduc la cuno\u015ftin\u0163\u0103 c\u0103 sunt FORMATORI DE OPINIE \u015fi ca atare \u201eimplicarea propriilor aderen\u0163i\u201d \u00een UDRR, este un act de RESPONSABILITATE pe care trebuie s\u0103 \u015fi-l asume !!!&#8230; altfel activitatea lor este lipsit\u0103 de &#8230; PERSPECTIV\u0102 !<br \/>\nEu am \u0163inut cont de PARTICULARIT\u0102\u0162ILE IDEOLOGICE ale fiec\u0103ruia \u015fi am propus MEN\u0162INEREA IDENTIT\u0102\u0162II, \u00een paralel cu desemnarea unei PLATFORME COMUNE; deci nu se pune problema unei INVAZII DE C\u00c2MPURI !!!<br \/>\nDeocamdat\u0103, singurii care posteaz\u0103 la UDRR dintre administratorii numi\u0163i de mine (l\u0103s\u00e2ndu-se la latitudinea acestora desemnarea altora), sunt d-l Mircea Vintilescu (de\u015fi nu am priceput dac\u0103 posteaz\u0103 \u00een numele \u201eMi\u015fc\u0103rii Euro-Civice Rom\u00e2ne\u201d, sau \u00een numele s\u0103u personal), d-l Constantin Cojocaru din partea \u201ePartidului Poporului &#8211; LC\u201d \u015fi d-l Constantin Ciobanu, prezentator al materialelor de pe portalul \u201dUniversul Rom\u00e2nesc\u201d.<br \/>\nDeoarece se impune clarificarea IMPLIC\u0102RII SAU NU a celorlal\u0163i administratori, se ia m\u0103sura retragerii temporare a dreptului de administrare \u00een a\u015fteptarea &#8230; CONFIRM\u0102RII.<br \/>\nDac\u0103 cineva are alte ini\u0163iative de CONVERGEN\u0162\u0102, dac\u0103 \u201enu place\u201d UDRR, \u201eMi\u015fcarea Dacia\u201d este dispus\u0103 a participa la alt\u0103 form\u0103 de organizare, iar dac\u0103 persoana mea nu este dorit\u0103, voi numi un alt administrator dintre aderen\u0163ii no\u015ftri.<br \/>\nP\u00e2n\u0103 una-alta, subiectele de pe Peretele UDRR, vor fi postate exclusiv de c\u0103tre administratori, aderen\u0163ii fiind ruga\u0163i s\u0103 dezbat\u0103 \u201ela obiect\u201d, respect\u00e2nd regulile Net-ului \u015fi&#8230; pe baza competen\u0163ei. Aceasta deoarece \u201einvazia\u201d de post\u0103ri, vanific\u0103 eforturile de AGREGARE \u015fi DEZBATERE A PLATFORMEI COMUNE.<br \/>\nDeci, doritorii unei astfel de CONVERGEN\u0162E, sunt ruga\u0163i s\u0103 CEAR\u0102 EXPRES intrarea \u00een UDRR, s\u0103-\u015fi propun\u0103 administratorii \u015fi nimeni nu va fi refuzat, indiferent de provenien\u0163\u0103 !<br \/>\nUn lucru vreau s\u0103 fie clar : nimeni nu va reu\u015fi izolat \u00een propria \u201eograd\u0103\u201d, s\u0103 schimbe \u201esatul\u201d !!!<br \/>\nPentru a\u015fa ceva trebuie realizat\u0103 o mare UNITATE NA\u0162IONAL\u0102 !!!<br \/>\nCine nu ac\u0163ioneaz\u0103 pentru a\u015fa ceva, ori este IGNORANT, ori este &#8230; R\u0102U INTEN\u0162IONAT !!!<\/p>\n","protected":false},"excerpt":{"rendered":"<p>MESAJ IMPORTANT pentru aderen\u0163ii \u201eMi\u015fc\u0103rii Dacia\u201d! \u0162in\u00e2nd cont c\u0103 : 1. &#8230; \u201eMi\u015fcarea Dacia\u201d reprezentat\u0103 pe Facebook de grupul \u201eMi\u015fcarea Virtual\u0103 Dacia\u201d a DEFINITIVAT \u00een mare parte Principiile \u015fi Obiectivele ce o c\u0103l\u0103uzesc \u015fi a \u00eentocmit un Manifest ce prezint\u0103 \u00een linii mari Tactica \u015fi Strategia pentru viitor. 2. &#8230; Peretele este o INVADAT de [&hellip;]<\/p>\n","protected":false},"author":2,"featured_media":0,"comment_status":"open","ping_status":"open","sticky":false,"template":"","format":"standard","meta":{"footnotes":""},"categories":[73],"tags":[500,792,420,210,791],"jetpack_featured_media_url":"","_links":{"self":[{"href":"https:\/\/bassdu.mine.bz\/index.php?rest_route=\/wp\/v2\/posts\/2066"}],"collection":[{"href":"https:\/\/bassdu.mine.bz\/index.php?rest_route=\/wp\/v2\/posts"}],"about":[{"href":"https:\/\/bassdu.mine.bz\/index.php?rest_route=\/wp\/v2\/types\/post"}],"author":[{"embeddable":true,"href":"https:\/\/bassdu.mine.bz\/index.php?rest_route=\/wp\/v2\/users\/2"}],"replies":[{"embeddable":true,"href":"https:\/\/bassdu.mine.bz\/index.php?rest_route=%2Fwp%2Fv2%2Fcomments&post=2066"}],"version-history":[{"count":1,"href":"https:\/\/bassdu.mine.bz\/index.php?rest_route=\/wp\/v2\/posts\/2066\/revisions"}],"predecessor-version":[{"id":2067,"href":"https:\/\/bassdu.mine.bz\/index.php?rest_route=\/wp\/v2\/posts\/2066\/revisions\/2067"}],"wp:attachment":[{"href":"https:\/\/bassdu.mine.bz\/index.php?rest_route=%2Fwp%2Fv2%2Fmedia&parent=2066"}],"wp:term":[{"taxonomy":"category","embeddable":true,"href":"https:\/\/bassdu.mine.bz\/index.php?rest_route=%2Fwp%2Fv2%2Fcategories&post=2066"},{"taxonomy":"post_tag","embeddable":true,"href":"https:\/\/bassdu.mine.bz\/index.php?rest_route=%2Fwp%2Fv2%2Ftags&post=2066"}],"curies":[{"name":"wp","href":"https:\/\/api.w.org\/{rel}","templated":true}]}}