{"id":2073,"date":"2012-02-25T23:51:06","date_gmt":"2012-02-25T22:51:06","guid":{"rendered":"http:\/\/bassdu.mine.nu\/?p=2073"},"modified":"2012-03-03T23:15:29","modified_gmt":"2012-03-03T22:15:29","slug":"2073","status":"publish","type":"post","link":"https:\/\/bassdu.mine.bz\/?p=2073","title":{"rendered":"\u201eMi\u015fcarea Dacia\u201d \u015fi&#8230; Societatea Civil\u0103"},"content":{"rendered":"<p>Dup\u0103 cum anun\u0163asem cu timp \u00een urm\u0103, <strong>Mi\u015fcarea Dacia<\/strong>, prin mijlocirea mea, a \u00eencercat pe diverse canale s\u0103 dea na\u015ftere la o <em><strong>CONVERGEN\u0162\u0102 A TUTUROR FOR\u0162ELOR ANTI-SISTEM<\/strong><\/em>. Iat\u0103 c\u00e2teva ac\u0163iuni :<br \/>\n<strong>1.<\/strong> Am luat ini\u0163iativa form\u0103rii<em> \u201egrupului grupurilor\u201d<\/em> <strong>UDRR<\/strong>\u00a0(<em>Uniunea Democratic\u0103 a Rom\u00e2nilor din Rom\u00e2nia<\/em> ca \u015fi o \u201esfid\u0103\u201d la <em>UDMR<\/em>), acord\u00e2nd pozi\u0163ia de administrator tuturor liderilor grupurilor mai active pe Net \u015fi d-lui C.Cojocaru (PP-LC), f\u0103r\u0103 a-mi rezerva vreun rol special, \u015fi d\u00e2nd acestora posibilitatea de a numi al\u0163i administratori din grupurile lor. Nu a intervenit nimeni, \u00een afar\u0103 de d-l Imreh (Green), care s-a retras cu toat\u0103 \u201ecompania\u201d (\u015fterg\u00e2ndu-i pe cei ce-i \u201eadusese\u201d, f\u0103r\u0103 niciun drept !), deoarece eu introdusesem \u00een grup un profesor de limba rom\u00e2n\u0103, mare iubitor de \u0163ar\u0103, dar care avea \u201ep\u0103catul\u201d de a fi membru PNL. Men\u0163ionez c\u0103 respectivul dorea s\u0103 fac\u0103 ceva pentru \u0163ar\u0103, intrase \u00een PNL, dar nu era mul\u0163umit de ceea ce g\u0103sise ! De altfel, \u015fi d-l Imreh a recunoscut c\u0103 a fost &#8230;\u00een aceea\u015fi situa\u0163ie c\u00e2ndva !?<br \/>\n<strong>2.<\/strong> Am \u00eent\u00e2lnit de dou\u0103 ori pe d-l Constantin Cojocaru, pre\u015fedintele noului <em>Partid al Poporului<\/em>, la care am sesizat c\u00e2teva principii \u015fi obiective comune alor noastre. De cur\u00e2nd pe blogul domniei sale se vehiculeaz\u0103 \u201eatragerea\u201d d-lui Geoan\u0103, f\u0103r\u0103 ca d-l Cojocaru s\u0103 dezmint\u0103 aceast\u0103 eventualitate. De asemenea, d-l C.C. nu a f\u0103cut niciun pas de apropiere, sau adeziune la UDRR. Consider orice fel de \u00een\u0163elegere cu PP-LC suspendat\u0103.<br \/>\n<strong>3.<\/strong> Am fost invitat \u015fi am acceptat s\u0103 particip la o ini\u0163iativ\u0103 de CONVERGEN\u0162\u0102 identic\u0103 \u00een fond UDRR, \u015fi anume \u00een<strong> AER<\/strong> (<em>Ac\u0163iunea pentru Eliberarea Rom\u00e2niei<\/em>), ideat\u0103 de d-l Ioan Ro\u015fca, fost grevist al foamei \u00een Pia\u0163a Universit\u0103\u0163ii 1990, doar-doar satisf\u0103c\u00e2nd orgoliile altora, \u201ese va mi\u015fca ceva\u201d ! \u00cen dou\u0103 trei zile, au fost cooptate \u00een AER diverse \u201efiguri\u201d pe care eu le eliminasem din Mi\u015fcarea Dacia pe diverse motive : lips\u0103 de bun sim\u0163, lips\u0103 de principii \u015fi obiective consonante alor noastre, veleitari, grandomani, \u0163igani ce voiau s\u0103 organizeze rum\u00e2ni, etc. La un moment dat, d-l Ioan Ro\u015fca a cerut s\u0103 fie exclus de pe lista administratorilor UDRR (de\u015fi o putea face \u015fi singur !?), pentru ca apoi s\u0103 se pl\u00e2ng\u0103 c\u0103 nu poate posta la UDRR, apelul s\u0103u pentru AER !?!? &#8230; pe l\u00e2ng\u0103 faptul c\u0103 dorea \u201eaceea\u015fi M\u0103rie cu alt\u0103 p\u0103l\u0103rie\u201d, eu nu m-am ofensat \u015fi l-am repus \u00een drepturi, f\u0103r\u0103 ca aceast\u0103 clarificare s\u0103 fie urmat\u0103 de ni\u015fte scuze de rigoare, mai ales c\u0103 fusese \u201eofensiv\u201d fa\u0163\u0103 de persoana mea f\u0103r\u0103 justificare. \u201ePic\u0103tura chinezeasc\u0103\u201d a fost acceptarea \u00een AER a unui oarecare rroman, care de pe pozi\u0163ii evident anti-rom\u00e2ne\u015fti pentru motive lesne de \u00een\u0163eles, a trecut la \u201eatac la persoana mea \u015fi a continuit\u0103\u0163ii traco-geto-dacice\u201d, motive pentru care fusese eliminat de mine de pe unde putusem. La cererea mea expres\u0103 de \u00eenl\u0103turare a acestuia, mai ales c\u0103 nu a prezentat ni\u015fte principii \u015fi obiective politice, a\u015fa cum se cerea \u201edin start\u201d, am fost refuzat. Consider colaborarea cu AER \u00eencheiat\u0103 !<br \/>\n4. Am fost invitat s\u0103 prezint IDEILE Mi\u015fc\u0103rii Dacia \u00een vederea CONVERGEN\u0162EI, pe diverse portaluri \u015fi forumuri, printre care : Universul Rom\u00e2nesc \u015fi Vocea Poporului, iar eu m-am conformat, dedic\u00e2nd timp pre\u0163ios, dar f\u0103r\u0103 a dep\u0103\u015fi \u201evizibilitatea\u201d pe care mi-o asigur\u0103 modestul meu blog personal.<br \/>\n5. Am fost invitat \u00een diverse grupuri de \u201eireducibili\u201d, unde se b\u0103tea apa \u00een piu\u0103 \u015fi unde g\u0103seam \u00eentotdeauna o \u201erevolu\u0163ionar\u0103\u201d care nu avea altceva de spus dec\u00e2t \u201elozinci\u201d, ba mai era \u015fi prost-crescut\u0103 (o pot dovedi). Am ie\u015fit !<br \/>\n6. Am participat activ \u00een diverse grupuri majore de pe Facebook, \u00eencerc\u00e2nd s\u0103 prezint spre dezbatere ceea ce eu numeasc NOUA PARADIGM\u0102, dar care de fapt ar trebui numit\u0103 PARADIGMA PRIMORDIAL\u0102. &#8230; nu am \u201ecules\u201d nimic, \u00een afar\u0103 de jignirile unor ciumpalaci ( admin-ul Imreh de la Green mi-a cerut chiar s\u0103 privesc \u015fi &#8230; at\u00e2t !? )<\/p>\n<p>Am ajuns acum la momentul de a trage CONCLUZII de pe urma acestor eforturi \u015fi o s-o fac \u00een r\u00e2ndurile ce urmeaz\u0103, sub posibilele titluri :<\/p>\n<p>\u201eAi avut dreptate Du\u0163ule !\u201d<br \/>\nsau, cum spunea marele Br\u00e2ncu\u015fi :<br \/>\n\u201eV-am l\u0103sat pro\u015fti \u015fi v\u0103 g\u0103sesc \u015fi mai pro\u015fti !\u201d<\/p>\n<p>Du\u0163u e unul de pe aici, care-mi spunea \u201ela \u00eenceputuri\u201d c\u0103 \u201enu ai cu cine \u015fi pentru cine !\u201d, iar Br\u00e2ncu\u015fi sper s\u0103 fie c\u00e2t de c\u00e2t cunoscut.<br \/>\nVoi enun\u0163a pentru \u00eenceput p\u0103rerea mea despre <strong>3 concepturi<\/strong> ce se g\u0103sesc pe buzele tuturor politicienilor, dar \u015fi pe ale tuturor celor cu care am avut de-a face pe Net : <strong>DEMOCRA\u0162IE, LIBERTATE \u015fi SOCIETATE CIVIL\u0102<\/strong> :<\/p>\n<p><strong>a<\/strong>. <em><strong>DEMOCRA\u0162IE<\/strong><\/em> \u00eenseamn\u0103 \u201ea da voce\u201d majorit\u0103\u0163ii, fiind un principiu \u201esuper-folosit\u201d \u00een mod <strong>IPOCRIT<\/strong> de c\u0103tre clasa politic\u0103, dar \u015fi de \u201efazanii\u201d care cad \u00een capcana acestora ! <em>P\u0103i dac\u0103 rom\u00e2nii sunt \u00een majoritate \u201eMANELI\u015eTI\u201d (adic\u0103 \u201esub-cultura\u0163i\u201d), \u00eenseamn\u0103 c\u0103 DEJA tr\u0103im \u00eentr-o DEMOCRA\u0162IE !?!?<\/em><br \/>\nAceast\u0103 afirma\u0163ie, nu este \u201eanti-rom\u00e2neasc\u0103\u201d, deoarece toat\u0103 Lumea sufer\u0103 de \u201eboala\u201d asta&#8230; e drept c\u0103 unii mai mult, iar al\u0163ii mai pu\u0163in !<br \/>\nEste ridicol s\u0103 vezi cum diver\u015fi cioflingari prezint\u0103 \u201esolu\u0163ii pentru Rom\u00e2nia\u201d, de parc\u0103 ACTUL GUVERN\u0102RII ar fi la \u00eendem\u00e2na oricui !?!?<br \/>\nUnii or s\u0103 spun\u0103 : \u201ep\u0103i \u015fi tu faci acela\u015fi lucru !\u201d&#8230; nimic mai NEADEV\u0102RAT !!!<\/p>\n<p>Eu \u201eam pus m\u00e2inile \u00eenainte\u201d de la \u00eenceputuri \u015fi am argumentat c\u0103 \u201enimic din ce zic eu nu-mi apar\u0163ine\u201d, fiind deja scris de al\u0163ii mai de\u015ftep\u0163i ca mine, eu \u00eencerc\u00e2nd doar \u201es\u0103 pun cap la cap\u201d diverse analize \u015fi concepturi, neexcluz\u00e2nd c\u0103 pot \u015fi gre\u015fi \u015fi deci a\u015ftept\u00e2nd \u201eajutoare competente\u201d pentru &#8230; PERFEC\u0162IONARE !<br \/>\n\u00cei pot num\u0103ra pe degete, pe cei ce au contribuit la elaborarea actualei ST\u0102RI DE LUCRURI !&#8230; cam pu\u0163in pentru 2300 de aderen\u0163i !?<br \/>\nIat\u0103 de ce a ap\u0103rut conceptul de <strong>DICTATUR\u0102 A BUNULUI SIM\u0162<\/strong>\u00a0exclusiv la <strong>Mi\u015fcarea Dacia<\/strong> &#8230; ca un \u201er\u0103spuns\u201d la felul cum este tr\u00e2mbi\u0163at\u0103&#8230; DEMOCRA\u0162IA !&#8230; pentru c\u0103 noi punem pe primul loc : COMPETEN\u0162A \u015fi RESPONSABILITATEA !<br \/>\nCeea ce vrem noi, este s\u0103 \u201e<strong>se \u00eentind\u0103 fiecare c\u00e2t \u00eei e plapuma<\/strong>\u201d !<br \/>\n<strong>Na\u0163ia<\/strong>, ca orice <strong>O\u015ftire<\/strong>, trebuie s\u0103 fie format\u0103 din <strong>\u201egenerali\u201d \u015fi \u201eo\u015fteni\u201d<\/strong>, deoarece una format\u0103 numai din \u201egenerali\u201d nu are nicio \u015fans\u0103, ca \u015fi una format\u0103 numai din \u201eo\u015fteni\u201d !!!<\/p>\n<p><strong>b<\/strong>.<em><strong> LIBERTATEA<\/strong><\/em> este \u00een opinia nostr\u0103 bazat\u0103 pe principiul <strong><em>\u201elibertatea unuia se termin\u0103 unde \u00eencepe libertatea altuia\u201d<\/em><\/strong>.<br \/>\nEra un admin pe undeva, care punea problema \u201edreptului de port-arm\u0103\u201d ca expresie a Libert\u0103\u0163ii !? &#8230; asta ar mai lipsi \u00eentr-o Lume Nebun\u0103 !!!<br \/>\nAl\u0163ii \u201escandeaz\u0103\u201d acest principiu, pentru a-\u015fi asigura impunitatea, iar \u201efazanii\u201d pic\u0103 \u201eca musca \u00een ciorb\u0103\u201d !<br \/>\nAl\u0163ii se \u00eembat\u0103 cu ap\u0103 rece c\u0103 manifest\u00e2nd aiurea \u015fi <em><strong>\u201estrig\u00e2nd unul h\u0103is \u015fi altul cea\u201d<\/strong><\/em> \u00een pie\u0163e, se poate schimba Lumea, f\u0103r\u0103 s\u0103 priceap\u0103 c\u0103 sunt numai o <em><strong>\u201emas\u0103 de manevr\u0103\u201d pentru \u201einterese oculte\u201d<\/strong><\/em> !<\/p>\n<p><strong>c<\/strong>. <em><strong>SOCIETATEA CIVIL\u0102<\/strong><\/em> este o alt\u0103 <em>\u201einven\u0163ie a Sistemului\u201d<\/em>, ca s\u0103 p\u0103c\u0103leasc\u0103 fraierii !<br \/>\nEa se manifest\u0103 prin <em>GRUPURI DE SOCIALIZARE<\/em> pe diverse teme, unele dintre ele de tot respectul.<br \/>\nCele mai \u201ecomice\u201d sunt cele cu tematic\u0103 socio-politic\u0103, unde to\u0163i \u00ee\u015fi dau cu p\u0103rerea \u00een mod \u201edemocratic\u201d, expun\u00e2nd propriile materiale \u015fi idei, dezinteres\u00e2ndu-se de ceea ce propun to\u0163i ceilal\u0163i. Unii \u00ee\u015fi fac reclam\u0103 la propria activitate, al\u0163ii la propriile jurnale online, al\u0163ii la propriile bloguri sau portaluri, al\u0163ii ne fac educa\u0163ie religioas\u0103, al\u0163ii patriotic\u0103, unii \u00ee\u015fi manifest\u0103 nostalgia pentru regi, fasci\u015fti, comuni\u015fti, etc., al\u0163ii \u201edescoper\u0103 apa cald\u0103\u201d, adic\u0103 teorii socio-economice de pe vremea lui Pazvante Chiorul, mul\u0163i se ascund sub pseudomine, sau \u201enume r\u0103sun\u0103toare de \u00eemprumut\u201d pentru a nu fi identifica\u0163i vreodat\u0103 (fric\u0103 ?), la ad\u0103postul c\u0103rora se joac\u0103 de-a Gigi Contra, sau (mai ales) practic\u0103 atacul la persoane \u015fi idei concrete, pe care de cele mai multe ori nu sunt capabili s\u0103 le priceap\u0103. Printre administratorii acestor grupuri am \u00eent\u00e2lnit \u201ehazlii\u201d care-\u015fi propun desfiin\u0163area serviciilor secrete \u015fi eliminarea din via\u0163a politic\u0103 a TUTUROR cet\u0103\u0163enilor ce apar\u0163in fostelor \u015fi actualelor partide !?!? Dac\u0103 \u015fi-ar fi propus SELEC\u0162IA personalului serviciilor secrete \u015fi \u00eendep\u0103rtarea nomenclaturii acestora, a\u015f fi priceput, dar \u00eendep\u0103rtarea tuturor na\u015fte \u00eentrebarea : \u201ecu cine \u00eei \u00eenlocuim, c\u0103 doar nu o s\u0103 r\u0103m\u00e2nem f\u0103r\u0103 COMPETEN\u0162E \u00een acest domeniu strategic !?!?\u201d<br \/>\nAcela\u015fi ra\u0163ionament este valabil \u015fi pentru membrii actualelor partide, deoarece nu to\u0163i sunt p\u0103rta\u015fi la Tragedia Rom\u00e2niei !!! &#8230; \u015fi asta o zic eu, care nu am fost membru niciunui partid \u00een toat\u0103 via\u0163a mea !!!<br \/>\nTot din categoria SOCIETATE CIVIL\u0102 fac parte<em> ONG-urile<\/em>, care de fapt sunt \u201edesc\u0103rc\u0103ri de responsabilitate ale Statelor\u201d \u015fi de\u015fi prin defini\u0163ie APOLITICE \u015fi DE INTERES NA\u0162IONAL, sunt toate (cu mici excep\u0163ii ce \u00eent\u0103resc Regula), \u201esateli\u0163i\u201d ai diverselor partide, sau \u015fi mai grav, ale unor INTERESE STR\u0102INE. Mi\u015fcarea Dacia militeaz\u0103 pentru eliminarea \u201eN\u201d-ului din sigl\u0103 \u015fi transformarea lor ,acolo unde este cazul, \u00een Organiza\u0163ii Guvernamentale, fiind noi adep\u0163ii unui STAT PUTERNIC, ci nu a unui STAT SLAB-MARIONET\u0102, proiectat de LIBERALI\u015eTII-GLOBALIZATORI.<\/p>\n<p><strong>Fa\u0163\u0103 de cele scrise mai sus, \u201eMi\u015fcarea Dacia\u201d se retrage temporar din orice \u00eencercare de AGREGARE cu alte grupuri, men\u0163in\u00e2ndu-\u015fi \u0163inta de a deveni mi\u015fcare politic\u0103 de sine st\u0103t\u0103toare, cu Principiile, Obiectivele, Tactica \u015fi Strategia deja conturate \u015fi demonstrate INCOMPATIBILE cu tot ceea ce exist\u0103 pe \u201epia\u0163\u0103\u201d la ora actual\u0103.<\/strong><\/p>\n<p>Deci nu ne vom mai duce noi la al\u0163ii, ci \u00eei a\u015ftept\u0103m s\u0103 vin\u0103 ei la noi, convin\u015fi fiind c\u0103 \u201easta este strada\u201d !!! Urmeaz\u0103 ca <strong>Viitorul<\/strong> s\u0103 confirme sau nu juste\u0163ea \u015fi fezabilitatea <strong>NOII PARADIGME.<\/strong><br \/>\nNoi suntem \u00eenc\u0103 \u00een \u201efaza de pornire\u201d, adic\u0103 de MI\u015eCARE IDEOLOGIC\u0102\/SPIRITUAL\u0102, dar numai particip\u00e2nd c\u00e2ndva la via\u0163a politic\u0103, vom putea implementa NON-VIOLENT ceea ce este \u0163inta noastr\u0103 final\u0103 : NOUA PARADIGM\u0102.<br \/>\n<em><strong>Noi suntem singurii care \u201evorbim\u201d CONCOMITENT de : REUNIFICAREA CELOR DOU\u0102 STATE ROM\u00c2NE\u015eTI, DREPTURI PENTRU ROM\u00c2NII DIN AFARA GRANI\u0162ELOR, SOLIDARITATE NA\u0162IONAL\u0102, MUNC\u0102 MAI PU\u0162IN\u0102 \u015eI PENTRU TO\u0162I, ELIMINAREA FUTILULUI DIN VIA\u0162A SOCIO-ECONOMIC\u0102, \u201eNU\u201d CONSUMERISMULUI, \u201eNU\u201d CRE\u015eTERII NESUSTENABILE \u015eI \u201eDA\u201d DEZVOLT\u0102RII SUSTENABILE, DELEGITIMAREA PARTIDISMULUI cu implementarea unui Sistem bazat strict pe COMPETEN\u0162\u0102 \u015fi RESPONSABILITATE, \u00ceNTOARCEREA LA LEGILE FRUMOASE (LEGILE BELAGINE) \u015fi renun\u0163area la \u201emodelele juridice specifice actualei paradigme\u201d, LARGI AUTONOMII LOCALE (TRIBALISM), STAT PUTERNIC acolo unde trebuie, S\u0102N\u0102TATE \u015fi EDUCA\u0162IE DE STAT \u015fi GRATIS, ELIMINAREA CIRCULA\u0162IEI BANILOR \u201eDE H\u00c2RTIE\u201d, EXISTEN\u0162A UNEI UNICE B\u0102NCI NA\u0162IONALE, IMPUNEREA BUNULUI SIM\u0162 PRIN REGULI CLARE \u015eI NATURALE (DICTATURA BUNULUI SIM\u0162), IMPUNEREA RESPECTULUI PENTRU NATUR\u0102 \u015eI LEGILE SALE, ELIMINAREA PARAZITISMULUI SOCIO-ECONOMIC, REIMPOSESAREA DE RESURSELE UMANE \u015eI MATERIALE ALE \u0162\u0102RII, O NOU\u0102 POLITIC\u0102 REGIONAL\u0102, O NOU\u0102 POLITIC\u0102 DE PACE \u015eI PRIETENIE CU TOATE POPOARELE LUMII (dar fiecare acas\u0103 la el !), RESPINGEREA GLOBALIZ\u0102RII, O NOU\u0102 REVOLU\u0162IE SPIRITUAL\u0102, NEAMESTECUL SFERELOR DE PREOCUP\u0102RI POLITIC\u0102\/ECONOMIE\/ADMINISTRA\u0162IE\/RELIGIE\/BISERIC\u0102, SUBORDONAREA CONCEPTULUI DE PROPRIETATE PRIVAT\u0102 INTERESULUI NA\u0162IONAL, \u015fi tot ce se mai poate reg\u0103si \u00een documentele \u201eMi\u015fc\u0103rii Dacia\u201d !<\/strong><\/em><br \/>\n<em><strong> Aceste \u201echestii\u201d sunt&#8230; INTRATABILE !<\/strong><\/em><br \/>\nNoi nu ne ax\u0103m aten\u0163ia pe cazuri particulare, limitate exclusiv la problema nomenclaturii comuniste \u015fi actuale, a confisc\u0103rii Revolu\u0163iei (<em>care Revolu\u0163ie ?<\/em>), a \u00eenstr\u0103in\u0103rii resurselor umane \u015fi materiale, a prolifer\u0103rii sub-culturii, a rasismului, fascismului, liberalismului, social-democra\u0163iei, etc, ci pe CADRUL GLOBAL AL NOII PARADIGME, ce are r\u0103spunsuri pentru toate aceste probleme !<br \/>\nEste clar \u00een acest moment c\u0103&#8230; \u201evorbim singuri\u201d !<br \/>\nEste clar c\u0103 <strong>NOUA PARADIGM\u0102<\/strong> va necesita ani buni de implementare, iar noi nu propunem deci \u201esolu\u0163ii de pe o zi pe alta\u201d, cum IPOCRIT promit reprezentan\u0163ii Sistemului actual.<br \/>\nNu lipsit\u0103 de interes este \u015fi suprapunerea perfect\u0103 \u00eentre&#8230; <strong>Dacia<\/strong> pe care o proiect\u0103m noi \u015fi profe\u0163iile despre \u0163ara noastr\u0103.<br \/>\nEu nu cred \u00een aceste profe\u0163ii, despre care am aflat dup\u0103 fondarea Mi\u015fc\u0103rii Dacia&#8230; dar dac\u0103 &#8230;!?!?<br \/>\nCert este c\u0103 <strong>DACIA<\/strong> este ultima form\u0103 statal\u0103 respectat\u0103 din<strong> spa\u0163iul carpato-dun\u0103reano-pontic<\/strong>, iar noi dorim \u00eentoarcerea la acel <strong>STATUS<\/strong> !!!&#8230; <em><strong>cine neag\u0103 originile noastre, nu are ce c\u0103uta printre noi \u015fi s\u0103 se fereasc\u0103 de \u201eblestemul lui Decebal\u201d, care e capabil s\u0103 distrug\u0103 imperii, dar\u0103mite indivizi !!!<\/strong><\/em><br \/>\nCine dore\u015fte s\u0103 \u201emearg\u0103 cu noi\u201d, trebuie s\u0103 ia act de aceste r\u00e2nduri \u015fi s\u0103 decid\u0103 \u201ede care parte st\u0103\u201d !!!<br \/>\nCert este c\u0103 Actuala Paradigm\u0103 impus\u0103 de \u201eImperiile Lumii\u201d, nu ne-a fost benefic\u0103 \u015fi nici nu se putea altfel, at\u00e2ta timp c\u00e2t se bazeaz\u0103 pe concepturi necunoscute nou\u0103 :<strong> PROFIT \u015fi SCLAVAGISM !<\/strong><br \/>\n<strong>Dacii<\/strong> nu aveau <strong>sclavi<\/strong> \u015fi sunt convins c\u0103 <strong>PROFITUL<\/strong> era un cuv\u00e2nt ur\u00e2t, deoarece presupune \u015fi no\u0163iunea de <strong>\u201eCEL DE CARE SE PROFIT\u0102\u201d !<\/strong> &#8230; cine mai dore\u015fte \u015fi alte motive pentru care ne numim <strong>DACIA<\/strong>, poate s\u0103 se informeze din multele materiale ale \u201eMi\u015fc\u0103rii Dacia\u201d&#8230; bine\u00een\u0163eles c\u0103 cei pentru care DACIA este doar un automobil, e bine s\u0103 nu-\u015fi oboseasc\u0103 neuronul !<br \/>\nSigur este c\u0103 <strong>Sistemul actual este \u00een dezagregare<\/strong> \u015fi depinde de noi s\u0103 pricepem \u00een timp util, c\u0103 trebuie s\u0103 \u201e\u00eentoarcem foaia\u201d !<br \/>\nA milita \u00eenc\u0103 pentru CRE\u015eTEREA CONSUMURILOR, pentru EXPORTUL DE DEMOCRA\u0162IE, pentru MAXIMIZAREA PROFITURILOR, pentru DEZVOLTAREA NESUSTENABIL\u0102, este ABERANT !<br \/>\nRolul meu va fi acela\u015fi pe care l-am declarat \u015fi anume acela de ADMINISTRATOR\/PAZNIC DE IDEI, p\u00e2n\u0103 \u00een momentul c\u00e2nd NOUA PARADIGM\u0102 va fi \u00eemp\u0103rt\u0103\u015fit\u0103 de suficien\u0163i cet\u0103\u0163eni, care \u201es\u0103 depun\u0103 semn\u0103turile \u00een Tribunal\u201d !<br \/>\n<strong>A\u015fa s\u0103 ne ajute Dumnezeu, Zalmoxe, Natura, sau cum vre\u0163i s\u0103 o\/\u00eel numi\u0163i fiecare, conform preceptelor ce v\u0103 ghideaz\u0103 !<\/strong><\/p>\n","protected":false},"excerpt":{"rendered":"<p>Dup\u0103 cum anun\u0163asem cu timp \u00een urm\u0103, Mi\u015fcarea Dacia, prin mijlocirea mea, a \u00eencercat pe diverse canale s\u0103 dea na\u015ftere la o CONVERGEN\u0162\u0102 A TUTUROR FOR\u0162ELOR ANTI-SISTEM. Iat\u0103 c\u00e2teva ac\u0163iuni : 1. Am luat ini\u0163iativa form\u0103rii \u201egrupului grupurilor\u201d UDRR\u00a0(Uniunea Democratic\u0103 a Rom\u00e2nilor din Rom\u00e2nia ca \u015fi o \u201esfid\u0103\u201d la UDMR), acord\u00e2nd pozi\u0163ia de administrator tuturor [&hellip;]<\/p>\n","protected":false},"author":2,"featured_media":0,"comment_status":"open","ping_status":"open","sticky":false,"template":"","format":"standard","meta":{"footnotes":""},"categories":[73],"tags":[45,209,119,44,210,698,796,795],"jetpack_featured_media_url":"","_links":{"self":[{"href":"https:\/\/bassdu.mine.bz\/index.php?rest_route=\/wp\/v2\/posts\/2073"}],"collection":[{"href":"https:\/\/bassdu.mine.bz\/index.php?rest_route=\/wp\/v2\/posts"}],"about":[{"href":"https:\/\/bassdu.mine.bz\/index.php?rest_route=\/wp\/v2\/types\/post"}],"author":[{"embeddable":true,"href":"https:\/\/bassdu.mine.bz\/index.php?rest_route=\/wp\/v2\/users\/2"}],"replies":[{"embeddable":true,"href":"https:\/\/bassdu.mine.bz\/index.php?rest_route=%2Fwp%2Fv2%2Fcomments&post=2073"}],"version-history":[{"count":7,"href":"https:\/\/bassdu.mine.bz\/index.php?rest_route=\/wp\/v2\/posts\/2073\/revisions"}],"predecessor-version":[{"id":2088,"href":"https:\/\/bassdu.mine.bz\/index.php?rest_route=\/wp\/v2\/posts\/2073\/revisions\/2088"}],"wp:attachment":[{"href":"https:\/\/bassdu.mine.bz\/index.php?rest_route=%2Fwp%2Fv2%2Fmedia&parent=2073"}],"wp:term":[{"taxonomy":"category","embeddable":true,"href":"https:\/\/bassdu.mine.bz\/index.php?rest_route=%2Fwp%2Fv2%2Fcategories&post=2073"},{"taxonomy":"post_tag","embeddable":true,"href":"https:\/\/bassdu.mine.bz\/index.php?rest_route=%2Fwp%2Fv2%2Ftags&post=2073"}],"curies":[{"name":"wp","href":"https:\/\/api.w.org\/{rel}","templated":true}]}}